{"id":19554,"date":"2026-01-25T13:39:03","date_gmt":"2026-01-25T13:39:03","guid":{"rendered":"https:\/\/entrenotasyacordes.com\/?p=19554"},"modified":"2026-01-25T13:39:03","modified_gmt":"2026-01-25T13:39:03","slug":"soledad-pastorutti-presenta-como-que-no-junto-a-la-t-y-la-m","status":"publish","type":"post","link":"https:\/\/entrenotasyacordes.com\/?p=19554","title":{"rendered":"SOLEDAD PASTORUTTI PRESENTA \u201c\u00bfC\u00d3MO QUE NO?\u201d JUNTO A LA T Y LA M"},"content":{"rendered":"\n<p>Un nuevo encuentro musical desde Casa Sole<\/p>\n\n\n<div class=\"wp-block-image\">\n<figure class=\"aligncenter size-large\"><img loading=\"lazy\" decoding=\"async\" width=\"1024\" height=\"1024\" src=\"https:\/\/entrenotasyacordes.com\/wp-content\/uploads\/2026\/01\/tapa-como-que-no-1-1024x1024.jpg\" class=\"wp-image-19552\" srcset=\"https:\/\/entrenotasyacordes.com\/wp-content\/uploads\/2026\/01\/tapa-como-que-no-1-1024x1024.jpg 1024w, https:\/\/entrenotasyacordes.com\/wp-content\/uploads\/2026\/01\/tapa-como-que-no-1-300x300.jpg 300w, https:\/\/entrenotasyacordes.com\/wp-content\/uploads\/2026\/01\/tapa-como-que-no-1-150x150.jpg 150w, https:\/\/entrenotasyacordes.com\/wp-content\/uploads\/2026\/01\/tapa-como-que-no-1-768x768.jpg 768w, https:\/\/entrenotasyacordes.com\/wp-content\/uploads\/2026\/01\/tapa-como-que-no-1-1536x1536.jpg 1536w, https:\/\/entrenotasyacordes.com\/wp-content\/uploads\/2026\/01\/tapa-como-que-no-1-50x50.jpg 50w, https:\/\/entrenotasyacordes.com\/wp-content\/uploads\/2026\/01\/tapa-como-que-no-1.jpg 2000w\" sizes=\"auto, (max-width: 1024px) 100vw, 1024px\" \/><\/figure>\n<\/div>\n\n\n<p>Soledad Pastorutti lanza \u201c\u00bfC\u00f3mo Que No?\u201d, su nuevo video junto al d\u00fao La T y la M, una colaboraci\u00f3n que cruza generaciones y estilos con naturalidad, frescura y esp\u00edritu popular.<\/p>\n\n\n\n<p>Este lanzamiento forma parte de Casa Sole, el proyecto audiovisual que Soledad viene desarrollando en un formato \u00edntimo y cercano, donde las canciones se viven desde el encuentro, la emoci\u00f3n y la autenticidad. En esta ocasi\u00f3n, la energ\u00eda urbana y festiva de La T y la M se fusiona con la identidad y la voz inconfundible de Soledad, dando como resultado una versi\u00f3n potente, actual y profundamente conectada con el pulso del presente.<\/p>\n\n\n\n<p>\u201cComo Que No\u201d se presenta en formato video, registrado en un clima c\u00e1lido y descontracturado, fiel al esp\u00edritu del proyecto: un espacio donde la m\u00fasica sucede sin artificios, privilegiando el vivo, el intercambio y la qu\u00edmica entre los artistas.<\/p>\n\n\n\n<p>Luego de la primera entrega del ciclo, \u201cPiel Canela\u201d, junto a Pedro Cap\u00f3, Soledad vuelve a sorprender con un nuevo cruce que ampl\u00eda su universo musical y reafirma su capacidad de dialogar con distintas escenas, sonidos y p\u00fablicos, sin perder su ra\u00edz.<\/p>\n\n\n\n<p>Con este lanzamiento, Soledad contin\u00faa consolidando una etapa art\u00edstica marcada por la colaboraci\u00f3n, la cercan\u00eda y la vigencia, invitando al p\u00fablico a seguir descubriendo nuevos encuentros desde Casa Sole.<\/p>\n\n\n\n<p>Por su lado, La T y La M, atraviesa un gran momento en su carrera. Tras su exitoso show en el Movistar Arena en diciembre y con varios de sus hits posicionados en el Top 50 de Spotify Argentina \u2014incluyendo \u201cSoy Favela\u201d, que se mantiene en el Top 10\u2014 la banda reafirma su lugar como referente indiscutido de la cumbia actual. Con un estilo \u00fanico y un sonido original, La T y La M demuestra que su m\u00fasica trasciende generaciones y contin\u00faa conquistando nuevos p\u00fablicos.<\/p>\n","protected":false},"excerpt":{"rendered":"<p>Un nuevo encuentro musical desde Casa Sole Soledad Pastorutti lanza \u201c\u00bfC\u00f3mo Que No?\u201d, su nuevo<\/p>\n","protected":false},"author":5,"featured_media":19553,"comment_status":"closed","ping_status":"","sticky":false,"template":"","format":"standard","meta":{"om_disable_all_campaigns":false,"_uf_show_specific_survey":0,"_uf_disable_surveys":false,"footnotes":""},"categories":[4],"tags":[],"class_list":["post-19554","post","type-post","status-publish","format-standard","has-post-thumbnail","hentry","category-musica"],"_links":{"self":[{"href":"https:\/\/entrenotasyacordes.com\/index.php?rest_route=\/wp\/v2\/posts\/19554","targetHints":{"allow":["GET"]}}],"collection":[{"href":"https:\/\/entrenotasyacordes.com\/index.php?rest_route=\/wp\/v2\/posts"}],"about":[{"href":"https:\/\/entrenotasyacordes.com\/index.php?rest_route=\/wp\/v2\/types\/post"}],"author":[{"embeddable":true,"href":"https:\/\/entrenotasyacordes.com\/index.php?rest_route=\/wp\/v2\/users\/5"}],"replies":[{"embeddable":true,"href":"https:\/\/entrenotasyacordes.com\/index.php?rest_route=%2Fwp%2Fv2%2Fcomments&post=19554"}],"version-history":[{"count":1,"href":"https:\/\/entrenotasyacordes.com\/index.php?rest_route=\/wp\/v2\/posts\/19554\/revisions"}],"predecessor-version":[{"id":19555,"href":"https:\/\/entrenotasyacordes.com\/index.php?rest_route=\/wp\/v2\/posts\/19554\/revisions\/19555"}],"wp:featuredmedia":[{"embeddable":true,"href":"https:\/\/entrenotasyacordes.com\/index.php?rest_route=\/wp\/v2\/media\/19553"}],"wp:attachment":[{"href":"https:\/\/entrenotasyacordes.com\/index.php?rest_route=%2Fwp%2Fv2%2Fmedia&parent=19554"}],"wp:term":[{"taxonomy":"category","embeddable":true,"href":"https:\/\/entrenotasyacordes.com\/index.php?rest_route=%2Fwp%2Fv2%2Fcategories&post=19554"},{"taxonomy":"post_tag","embeddable":true,"href":"https:\/\/entrenotasyacordes.com\/index.php?rest_route=%2Fwp%2Fv2%2Ftags&post=19554"}],"curies":[{"name":"wp","href":"https:\/\/api.w.org\/{rel}","templated":true}]}}