{"id":19558,"date":"2026-01-25T13:44:24","date_gmt":"2026-01-25T13:44:24","guid":{"rendered":"https:\/\/entrenotasyacordes.com\/?p=19558"},"modified":"2026-01-25T13:44:24","modified_gmt":"2026-01-25T13:44:24","slug":"doble-valentina-presenta-su-segundo-album-de-estudio-congelamiento-global-con-produccion-de-diego-torres-y-de-yadam-gonzalez","status":"publish","type":"post","link":"https:\/\/entrenotasyacordes.com\/?p=19558","title":{"rendered":"DOBLE VALENTINA Presenta su segundo \u00e1lbum de estudio CONGELAMIENTO GLOBAL con producci\u00f3n de Diego Torres y de Yadam Gonz\u00e1lez"},"content":{"rendered":"\n<p><\/p>\n\n\n<div class=\"wp-block-image\">\n<figure class=\"aligncenter size-large\"><img loading=\"lazy\" decoding=\"async\" width=\"1024\" height=\"1024\" src=\"https:\/\/entrenotasyacordes.com\/wp-content\/uploads\/2026\/01\/album-artwork-8-1024x1024.jpg\" class=\"wp-image-19556\" srcset=\"https:\/\/entrenotasyacordes.com\/wp-content\/uploads\/2026\/01\/album-artwork-8-1024x1024.jpg 1024w, https:\/\/entrenotasyacordes.com\/wp-content\/uploads\/2026\/01\/album-artwork-8-300x300.jpg 300w, https:\/\/entrenotasyacordes.com\/wp-content\/uploads\/2026\/01\/album-artwork-8-150x150.jpg 150w, https:\/\/entrenotasyacordes.com\/wp-content\/uploads\/2026\/01\/album-artwork-8-768x768.jpg 768w, https:\/\/entrenotasyacordes.com\/wp-content\/uploads\/2026\/01\/album-artwork-8-1536x1536.jpg 1536w, https:\/\/entrenotasyacordes.com\/wp-content\/uploads\/2026\/01\/album-artwork-8-50x50.jpg 50w, https:\/\/entrenotasyacordes.com\/wp-content\/uploads\/2026\/01\/album-artwork-8.jpg 1600w\" sizes=\"auto, (max-width: 1024px) 100vw, 1024px\" \/><\/figure>\n<\/div>\n\n\n<p>Doble Valentina, la cantautora argentina que ha cautivado a la escena con su frescura y profundidad l\u00edrica, consolida su ascenso con el lanzamiento de su esperado \u00e1lbum \u00abCongelamiento Global\u00bb (Sony Music). El disco llega acompa\u00f1ado de un single de colecci\u00f3n: \u00abLas Verdades\u00bb, un dueto junto a su mentor y colega, Diego Torres.<\/p>\n\n\n\n<p>Un puente entre la emoci\u00f3n y la reflexi\u00f3n social Bajo la producci\u00f3n ejecutiva del consolidado cantautor y actor argentino Diego Torres y con producci\u00f3n musical del ganador de 4 Latin Grammys Yadam Gonz\u00e1lez (Fonseca, Buika, Ara Malikian), \u00abCongelamiento Global\u00bb es un viaje de once canciones que oscilan entre el pop de autor y la narrativa rioplatense. El \u00e1lbum sucede al aclamado Un Amoroso Asunto (2021) y sit\u00faa a Valentina en la misma l\u00ednea est\u00e9tica de referentes como Jorge Drexler, Natalia Lafourcade y Kevin Johansen.<\/p>\n\n\n\n<p>\u00abNos advirtieron mucho sobre el calentamiento global, pero poco sobre el congelamiento: el fr\u00edo de las pantallas, de la indiferencia y de las relaciones filtradas por algoritmos\u00bb, expresa la artista. \u00abEste disco es un llamado a cuidar nuestras temperaturas internas; as\u00ed como no hay otro planeta habitable, no hay otro coraz\u00f3n\u00bb.<br>El foco del lanzamiento es \u00abLas Verdades\u00bb, una pieza que naci\u00f3 de la reflexi\u00f3n sobre la cerraz\u00f3n actual y el sesgo de confirmaci\u00f3n. Lo que comenz\u00f3 como un tema solista se transform\u00f3 en un d\u00fao org\u00e1nico cuando Diego Torres \u2014quien descubri\u00f3 a Valentina a trav\u00e9s de redes sociales y luego la invit\u00f3 a telonear en el Luna Park\u2014 decidi\u00f3 sumarse.<\/p>\n\n\n\n<p>\u00abLas verdades son siempre a d\u00fao, siempre con el otro. La escrib\u00ed para cantarla sola y entonces cuando se sum\u00f3 Diego la canci\u00f3n cobr\u00f3 una dimensi\u00f3n que yo no hab\u00eda visto\u00bb, comenta Valentina sobre la colaboraci\u00f3n.<br>Por su parte, su padrino art\u00edstico y coproductor destaca la autenticidad de la propuesta: \u201cCuando descubr\u00ed a Valentina encontr\u00e9 una compositora diferente, con un sello personal y un sonido propio. Con aires de tango, mezcla de m\u00fasica brasilera que se encuentran en el R\u00edo de la Plata y dan por resultado una m\u00fasica super original. Y me encant\u00f3 conocer detr\u00e1s de esa artista una persona divina y agradecido que ella haya confiado en m\u00ed de alguna manera para acompa\u00f1arla en su camino dentro de la m\u00fasica. Es un honor y una alegr\u00eda para m\u00ed cantar con ella esta canci\u00f3n y ser parte de su segundo disco y estar ah\u00ed presente.\u201c, declar\u00f3 Diego Torres<\/p>\n\n\n<div class=\"wp-block-image\">\n<figure class=\"aligncenter size-large\"><img loading=\"lazy\" decoding=\"async\" width=\"1024\" height=\"576\" src=\"https:\/\/entrenotasyacordes.com\/wp-content\/uploads\/2026\/01\/album-artwork-9-1024x576.jpg\" class=\"wp-image-19557\" srcset=\"https:\/\/entrenotasyacordes.com\/wp-content\/uploads\/2026\/01\/album-artwork-9-1024x576.jpg 1024w, https:\/\/entrenotasyacordes.com\/wp-content\/uploads\/2026\/01\/album-artwork-9-300x169.jpg 300w, https:\/\/entrenotasyacordes.com\/wp-content\/uploads\/2026\/01\/album-artwork-9-768x432.jpg 768w, https:\/\/entrenotasyacordes.com\/wp-content\/uploads\/2026\/01\/album-artwork-9-1536x864.jpg 1536w, https:\/\/entrenotasyacordes.com\/wp-content\/uploads\/2026\/01\/album-artwork-9.jpg 1920w\" sizes=\"auto, (max-width: 1024px) 100vw, 1024px\" \/><\/figure>\n<\/div>\n\n\n<p>\u201cLas Verdades\u201d (escuchalo AQU\u00cd) se suma a una serie de adelantos que han generado gran expectativa, incluyendo \u00abFr\u00edo fr\u00edo, caliente caliente\u00bb, \u00abTanta inteligencia artificial\u00bb, \u00abAmar no est\u00e1 de moda\u00bb y \u201cLa Remera\u201d.<\/p>\n\n\n\n<p>Desde que comenz\u00f3 a producir sus primeras canciones a los 9 a\u00f1os, inspirada por su hermano y una placa de audio regalada por \u00e9l, Doble Valentina se ha convertido en un espejo y catarsis de toda una generaci\u00f3n. Su m\u00fasica explora la intersecci\u00f3n entre emoci\u00f3n y reflexi\u00f3n social, conectando cada vez con m\u00e1s adeptos.<\/p>\n\n\n\n<p>Su impacto la ha llevado a:<br>\u25cf Ser elegida por Rolling Stone como una de las artistas clave de la nueva escena.<br>\u25cf Girar internacionalmente por Colombia en 2024.<br>\u25cf Teloneando a grandes como No Te Va Gustar y el propio Diego Torres.<br>\u25cf Consolidar \u00e9xitos virales con canciones que marcaron su vida y se viralizaron,<br>capturando la atenci\u00f3n de una nueva audiencia. Que siguieron su pasos por la profundidad de sus letras de sus canciones como \u00abTanta inteligencia artificial\u00bb y \u00abAmar no est\u00e1 de moda\u00bb.<\/p>\n\n\n\n<p>Tracklist: \u00abCongelamiento Global\u00bb<\/p>\n\n\n\n<ol class=\"wp-block-list\">\n<li>Tanta Inteligencia Artificial<\/li>\n\n\n\n<li>Amar No Est\u00e1 de Moda<\/li>\n\n\n\n<li>El Mundo Est\u00e1 Fr\u00edo<\/li>\n\n\n\n<li>Canciones Tontas de Amor<\/li>\n\n\n\n<li>La Remera<\/li>\n\n\n\n<li>Canci\u00f3n a Mis Colegas<\/li>\n\n\n\n<li>Entrelazados (ft. Yadam Gonz\u00e1lez)<\/li>\n\n\n\n<li>Basta Nena (3 a.m.)<\/li>\n\n\n\n<li>BeS.O.S al Aire<\/li>\n\n\n\n<li>Las Verdades (ft. Diego Torres)<\/li>\n\n\n\n<li>Fr\u00edo Fr\u00edo, Caliente Caliente<\/li>\n<\/ol>\n\n\n\n<p>Como parte de su expansi\u00f3n internacional, Doble Valentina iniciar\u00e1 la gira de presentaci\u00f3n de este \u00e1lbum el pr\u00f3ximo 27 de febrero en el emblem\u00e1tico Foro del Tejedor de la Ciudad de M\u00e9xico, marcando el primer hito de un a\u00f1o donde su m\u00fasica promete alcanzar nuevos horizontes.p<\/p>\n","protected":false},"excerpt":{"rendered":"<p>Doble Valentina, la cantautora argentina que ha cautivado a la escena con su frescura y<\/p>\n","protected":false},"author":5,"featured_media":19557,"comment_status":"closed","ping_status":"","sticky":false,"template":"","format":"standard","meta":{"om_disable_all_campaigns":false,"_uf_show_specific_survey":0,"_uf_disable_surveys":false,"footnotes":""},"categories":[4],"tags":[],"class_list":["post-19558","post","type-post","status-publish","format-standard","has-post-thumbnail","hentry","category-musica"],"_links":{"self":[{"href":"https:\/\/entrenotasyacordes.com\/index.php?rest_route=\/wp\/v2\/posts\/19558","targetHints":{"allow":["GET"]}}],"collection":[{"href":"https:\/\/entrenotasyacordes.com\/index.php?rest_route=\/wp\/v2\/posts"}],"about":[{"href":"https:\/\/entrenotasyacordes.com\/index.php?rest_route=\/wp\/v2\/types\/post"}],"author":[{"embeddable":true,"href":"https:\/\/entrenotasyacordes.com\/index.php?rest_route=\/wp\/v2\/users\/5"}],"replies":[{"embeddable":true,"href":"https:\/\/entrenotasyacordes.com\/index.php?rest_route=%2Fwp%2Fv2%2Fcomments&post=19558"}],"version-history":[{"count":1,"href":"https:\/\/entrenotasyacordes.com\/index.php?rest_route=\/wp\/v2\/posts\/19558\/revisions"}],"predecessor-version":[{"id":19559,"href":"https:\/\/entrenotasyacordes.com\/index.php?rest_route=\/wp\/v2\/posts\/19558\/revisions\/19559"}],"wp:featuredmedia":[{"embeddable":true,"href":"https:\/\/entrenotasyacordes.com\/index.php?rest_route=\/wp\/v2\/media\/19557"}],"wp:attachment":[{"href":"https:\/\/entrenotasyacordes.com\/index.php?rest_route=%2Fwp%2Fv2%2Fmedia&parent=19558"}],"wp:term":[{"taxonomy":"category","embeddable":true,"href":"https:\/\/entrenotasyacordes.com\/index.php?rest_route=%2Fwp%2Fv2%2Fcategories&post=19558"},{"taxonomy":"post_tag","embeddable":true,"href":"https:\/\/entrenotasyacordes.com\/index.php?rest_route=%2Fwp%2Fv2%2Ftags&post=19558"}],"curies":[{"name":"wp","href":"https:\/\/api.w.org\/{rel}","templated":true}]}}