{"id":19561,"date":"2026-01-25T13:47:26","date_gmt":"2026-01-25T13:47:26","guid":{"rendered":"https:\/\/entrenotasyacordes.com\/?p=19561"},"modified":"2026-01-25T13:47:26","modified_gmt":"2026-01-25T13:47:26","slug":"evaluna-regresa-a-su-era-de-solista-con-rollitos-de-papel","status":"publish","type":"post","link":"https:\/\/entrenotasyacordes.com\/?p=19561","title":{"rendered":"EVALUNA regresa a su era de solista con&nbsp;\u00abROLLITOS DE PAPEL\u00bb"},"content":{"rendered":"\n<p>Una canci\u00f3n de su autor\u00eda que representa la calma de un amor que da paz<\/p>\n\n\n<div class=\"wp-block-image\">\n<figure class=\"aligncenter size-large\"><img loading=\"lazy\" decoding=\"async\" width=\"1024\" height=\"1024\" src=\"https:\/\/entrenotasyacordes.com\/wp-content\/uploads\/2026\/01\/tapa-evaluna-1024x1024.jpg\" alt=\"\" class=\"wp-image-19560\" srcset=\"https:\/\/entrenotasyacordes.com\/wp-content\/uploads\/2026\/01\/tapa-evaluna-1024x1024.jpg 1024w, https:\/\/entrenotasyacordes.com\/wp-content\/uploads\/2026\/01\/tapa-evaluna-300x300.jpg 300w, https:\/\/entrenotasyacordes.com\/wp-content\/uploads\/2026\/01\/tapa-evaluna-150x150.jpg 150w, https:\/\/entrenotasyacordes.com\/wp-content\/uploads\/2026\/01\/tapa-evaluna-768x768.jpg 768w, https:\/\/entrenotasyacordes.com\/wp-content\/uploads\/2026\/01\/tapa-evaluna-1536x1536.jpg 1536w, https:\/\/entrenotasyacordes.com\/wp-content\/uploads\/2026\/01\/tapa-evaluna-50x50.jpg 50w, https:\/\/entrenotasyacordes.com\/wp-content\/uploads\/2026\/01\/tapa-evaluna.jpg 2000w\" sizes=\"auto, (max-width: 1024px) 100vw, 1024px\" \/><\/figure>\n<\/div>\n\n\n<p>La artista venezolana Evaluna marca su regreso a la m\u00fasica como solista con <a href=\"https:\/\/forms.sonymusicfans.com\/campaign\/rollitos-de-papel-evaluna-2026\/\">\u00abROLLITOS DE PAPEL\u00bb<\/a>, una canci\u00f3n de su autor\u00eda que se presenta como una \u00edntima oda al amor calmo, protector y consciente.<\/p>\n\n\n\n<p>Construida sobre guitarras c\u00e1lidas y una percusi\u00f3n suave, \u00abROLLITOS DE PAPEL\u00bb permite que la voz de Evaluna fluya con delicadeza y precisi\u00f3n, al servicio de una historia que celebra la quietud como un acto de valent\u00eda emocional. En la narrativa del tema, una mujer descubre que, al detenerse, deja de perseguir y es entonces cuando el amor que ha buscado toda su vida la alcanza.<\/p>\n\n\n\n<p>\u201cSi me quedo quieta<br \/>Ya no pierdo el aire persigui\u00e9ndote<br \/>T\u00fa me alcanzas cuando paro de correr<br \/>Con burbujas y rollitos de papel<br \/>T\u00fa me cuidas cuando me voy a caer\u201d<\/p>\n\n\n\n<p>La canci\u00f3n fue grabada en El Taller Creativo, en Miami, y representa la quinta entrega de Evaluna como solista. Su trayectoria musical independiente comenz\u00f3 en 2013 con \u201cS\u00ed Existe\u201d. \u201cUno M\u00e1s Uno\u201d y \u201cRefugio\u201d eran sus sencillos m\u00e1s recientes hasta hoy, que en 2021 y 2022, respectivamente, marcaron distintas etapas de su evoluci\u00f3n art\u00edstica.<\/p>\n\n\n\n<p>Paralelamente a su obra individual, Evaluna ha formado parte de algunos de los proyectos musicales m\u00e1s exitosos del pop latino contempor\u00e1neo, como \u201cPor Primera Vez\u201d e \u201c\u00cdndigo\u201d, sus duetos con Camilo, que se convirtieron en fen\u00f3menos globales de streaming. Su d\u00fao \u201cPlis\u201d gan\u00f3 el Premio Lo Nuestro 2025 a la Mejor Colaboraci\u00f3n Tropical.&nbsp; Asimismo, fue parte integral detr\u00e1s y en el escenario de las giras&nbsp; el Mis Manos Tour (2021-2022), el De Adentro Pa&#8217; Fuera Tour (2022-2023), y Nuestro Lugar Feliz Tour (2025)<\/p>\n\n\n\n<p>En 2023, Evaluna recibi\u00f3 el Tradition &amp; Future Award en el evento Billboard Mujeres Latinas en la M\u00fasica, un reconocimiento que destac\u00f3 su impacto cultural, su proyecci\u00f3n art\u00edstica y su capacidad para tender puentes entre generaciones en el pop latino.<\/p>\n\n\n\n<p>Su trayectoria tambi\u00e9n ha estado marcada por la conexi\u00f3n entre la m\u00fasica y el audiovisual. Producciones de alto impacto, como \u201cClub 57\u201d, reforzaron su perfil como figura integral del entretenimiento latino, acercando su m\u00fasica a nuevas audiencias en toda la regi\u00f3n. Asimismo, ha sido directora de videos musicales exitosos de canciones como \u201cEl Mismo Aire\u201d, \u201cMachu Picchu\u201d y \u201cFavorito\u201d.<\/p>\n\n\n\n<p>Con \u00abROLLITOS DE PAPEL\u00bb, Evaluna retoma el centro de la escena como solista y vuelve a poner el foco en la composici\u00f3n \u00edntima y en la canci\u00f3n como espacio de refugio emocional. El lanzamiento abre un nuevo cap\u00edtulo en una carrera que ha sabido combinar \u00e9xitos globales, reconocimientos de la industria y una b\u00fasqueda constante de autenticidad art\u00edstica.<\/p>\n","protected":false},"excerpt":{"rendered":"<p>Una canci\u00f3n de su autor\u00eda que representa la calma de un amor que da paz<\/p>\n","protected":false},"author":5,"featured_media":19560,"comment_status":"closed","ping_status":"","sticky":false,"template":"","format":"standard","meta":{"om_disable_all_campaigns":false,"_uf_show_specific_survey":0,"_uf_disable_surveys":false,"footnotes":""},"categories":[4],"tags":[],"class_list":["post-19561","post","type-post","status-publish","format-standard","has-post-thumbnail","hentry","category-musica"],"_links":{"self":[{"href":"https:\/\/entrenotasyacordes.com\/index.php?rest_route=\/wp\/v2\/posts\/19561","targetHints":{"allow":["GET"]}}],"collection":[{"href":"https:\/\/entrenotasyacordes.com\/index.php?rest_route=\/wp\/v2\/posts"}],"about":[{"href":"https:\/\/entrenotasyacordes.com\/index.php?rest_route=\/wp\/v2\/types\/post"}],"author":[{"embeddable":true,"href":"https:\/\/entrenotasyacordes.com\/index.php?rest_route=\/wp\/v2\/users\/5"}],"replies":[{"embeddable":true,"href":"https:\/\/entrenotasyacordes.com\/index.php?rest_route=%2Fwp%2Fv2%2Fcomments&post=19561"}],"version-history":[{"count":2,"href":"https:\/\/entrenotasyacordes.com\/index.php?rest_route=\/wp\/v2\/posts\/19561\/revisions"}],"predecessor-version":[{"id":19563,"href":"https:\/\/entrenotasyacordes.com\/index.php?rest_route=\/wp\/v2\/posts\/19561\/revisions\/19563"}],"wp:featuredmedia":[{"embeddable":true,"href":"https:\/\/entrenotasyacordes.com\/index.php?rest_route=\/wp\/v2\/media\/19560"}],"wp:attachment":[{"href":"https:\/\/entrenotasyacordes.com\/index.php?rest_route=%2Fwp%2Fv2%2Fmedia&parent=19561"}],"wp:term":[{"taxonomy":"category","embeddable":true,"href":"https:\/\/entrenotasyacordes.com\/index.php?rest_route=%2Fwp%2Fv2%2Fcategories&post=19561"},{"taxonomy":"post_tag","embeddable":true,"href":"https:\/\/entrenotasyacordes.com\/index.php?rest_route=%2Fwp%2Fv2%2Ftags&post=19561"}],"curies":[{"name":"wp","href":"https:\/\/api.w.org\/{rel}","templated":true}]}}