{"id":19569,"date":"2026-01-25T14:07:49","date_gmt":"2026-01-25T14:07:49","guid":{"rendered":"https:\/\/entrenotasyacordes.com\/?p=19569"},"modified":"2026-01-25T14:07:49","modified_gmt":"2026-01-25T14:07:49","slug":"doja-cat-presenta-vie-en-vivo-en-buenos-aires","status":"publish","type":"post","link":"https:\/\/entrenotasyacordes.com\/?p=19569","title":{"rendered":"DOJA CAT PRESENTA VIE EN VIVO EN BUENOS AIRES"},"content":{"rendered":"\n<p>La camale\u00f3nica rapera y estrella pop norteamericana, una de las voces m\u00e1s originales del panorama contempor\u00e1neo, llega al pa\u00eds en el marco de su gira \u201cMa Vie World Tour\u201d, con la que estar\u00e1 presentando su anticipado quinto \u00e1lbum de estudio, Vie, ya disponible en plataformas.&nbsp;<\/p>\n\n\n\n<p class=\"has-text-align-center\"><strong>8 DE FEBRERO | MOVISTAR ARENA<\/strong><\/p>\n\n\n<div class=\"wp-block-image\">\n<figure class=\"aligncenter size-large\"><img loading=\"lazy\" decoding=\"async\" width=\"819\" height=\"1024\" src=\"https:\/\/entrenotasyacordes.com\/wp-content\/uploads\/2026\/01\/img_6104-819x1024.jpg\" class=\"wp-image-19568\" srcset=\"https:\/\/entrenotasyacordes.com\/wp-content\/uploads\/2026\/01\/img_6104-819x1024.jpg 819w, https:\/\/entrenotasyacordes.com\/wp-content\/uploads\/2026\/01\/img_6104-240x300.jpg 240w, https:\/\/entrenotasyacordes.com\/wp-content\/uploads\/2026\/01\/img_6104-768x960.jpg 768w, https:\/\/entrenotasyacordes.com\/wp-content\/uploads\/2026\/01\/img_6104-1024x1280.jpg 1024w, https:\/\/entrenotasyacordes.com\/wp-content\/uploads\/2026\/01\/img_6104.jpg 1080w\" sizes=\"auto, (max-width: 819px) 100vw, 819px\" \/><\/figure>\n<\/div>\n\n\n<p>Su primer show en solitario en Argentina (luego de una primera visita en el marco del festival Lollapalooza 2022). La explosiva gira \u201cMa Vie World Tour\u201d tendr\u00e1 su parada local de la mano de DF Entertainment el 8 de febrero en Movistar Arena, para celebrar junto a su p\u00fablico el lanzamiento de <a href=\"https:\/\/open.spotify.com\/prerelease\/6JJbuYeWSWqQq4Qsi7IBOD?si=66e4c8338c0843b8\">Vie<\/a>, que est\u00e1 disponible en todas las plataformas. Las entradas se encuentran disponibles El \u00fanico sitio oficial es <a href=\"http:\/\/www.movistararena.com.ar\">www.movistararena.com.ar<\/a>. Con un inicio en Nueva Zelanda, Australia y Asia, el \u00abMa Vie World Tour\u00bb comenz\u00f3 el 18 de noviembre en Auckland en Spark Arena. La gira incluye paradas en Perth, Melbourne, Sydney, Manila, Tokio y m\u00e1s.&nbsp;<\/p>\n\n\n\n<p>Sobre su \u00e1lbum Doja dice: \u00abLa palabra francesa \u00abVie\u00bb (traducida: \u00abvida\u00bb) fue una elecci\u00f3n de juego de palabras por mi parte, comenzando con el simple hecho de que este es mi quinto \u00e1lbum. Quer\u00eda estirar esto del tatuaje del n\u00famero romano \u00abcinco\u00bb en mi clav\u00edcula. Cinco en numerolog\u00eda representa curiosidad, aventura y cambio. Eleg\u00ed Vie como un gui\u00f1o a La Vie en Rose y lo un\u00ed con el tema del romance y a lo largo de este proyecto doy mi interpretaci\u00f3n sobre el amor, el sexo, el romance, el dolor y la maravilla dentro de una relaci\u00f3n. Estas canciones pueden estar relacionadas con la relaci\u00f3n contigo mismo o con los dem\u00e1s. Siento fuertemente el significado de la palabra Vie porque sin vida no hay amor y sin amor no hay aventura. Este es un \u00e1lbum aventurero y con homenajes y gui\u00f1os a los a\u00f1os 80, 70 y 90, quer\u00eda dar mi propio toque moderno personal\u00bb.<\/p>\n\n\n\n<p>Doja Cat comparti\u00f3 el videoclip oficial de \u00abGorgeous\u00bb: haga clic <a href=\"https:\/\/eur01.safelinks.protection.outlook.com\/?url=https%3A%2F%2Fdojacat.lnk.to%2Fvie%2Fyoutube&#038;data=05%7C02%7Cchanel.auguste%40sonymusic.com%7C069b38f979b842b467c508ddfc8adb59%7Cf0aff3b791a54aaeaf71c63e1dda2049%7C0%7C0%7C638944395546308423%7CUnknown%7CTWFpbGZsb3d8eyJFbXB0eU1hcGkiOnRydWUsIlYiOiIwLjAuMDAwMCIsIlAiOiJXaW4zMiIsIkFOIjoiTWFpbCIsIldUIjoyfQ%3D%3D%7C0%7C%7C%7C&#038;sdata=tFZ%2Bc9YNdv8pdXjVZj3QGkdU%2FXCmdI9rhH4eAKbgqso%3D&#038;reserved=0\">AQU\u00cd<\/a> para verlo. El video musical fue dirigido y filmado en la ciudad de Nueva York por Bardia Zeinali (Justin Bieber \/ Sabrina Carpenter) e incluye apariciones de Yseult, Paloma Elsesser, Alex Consani, Irina Shayk, Amelia Gray, Ugbad, Ida Heiner, Mona Tougaard, Alek Wek, Karen Elson, Sora Choi, Imaan Hammam, entre otros.&nbsp;<\/p>\n","protected":false},"excerpt":{"rendered":"<p>La camale\u00f3nica rapera y estrella pop norteamericana, una de las voces m\u00e1s originales del panorama<\/p>\n","protected":false},"author":5,"featured_media":19568,"comment_status":"closed","ping_status":"","sticky":false,"template":"","format":"standard","meta":{"om_disable_all_campaigns":false,"_uf_show_specific_survey":0,"_uf_disable_surveys":false,"footnotes":""},"categories":[36],"tags":[],"class_list":["post-19569","post","type-post","status-publish","format-standard","has-post-thumbnail","hentry","category-conciertos"],"_links":{"self":[{"href":"https:\/\/entrenotasyacordes.com\/index.php?rest_route=\/wp\/v2\/posts\/19569","targetHints":{"allow":["GET"]}}],"collection":[{"href":"https:\/\/entrenotasyacordes.com\/index.php?rest_route=\/wp\/v2\/posts"}],"about":[{"href":"https:\/\/entrenotasyacordes.com\/index.php?rest_route=\/wp\/v2\/types\/post"}],"author":[{"embeddable":true,"href":"https:\/\/entrenotasyacordes.com\/index.php?rest_route=\/wp\/v2\/users\/5"}],"replies":[{"embeddable":true,"href":"https:\/\/entrenotasyacordes.com\/index.php?rest_route=%2Fwp%2Fv2%2Fcomments&post=19569"}],"version-history":[{"count":1,"href":"https:\/\/entrenotasyacordes.com\/index.php?rest_route=\/wp\/v2\/posts\/19569\/revisions"}],"predecessor-version":[{"id":19570,"href":"https:\/\/entrenotasyacordes.com\/index.php?rest_route=\/wp\/v2\/posts\/19569\/revisions\/19570"}],"wp:featuredmedia":[{"embeddable":true,"href":"https:\/\/entrenotasyacordes.com\/index.php?rest_route=\/wp\/v2\/media\/19568"}],"wp:attachment":[{"href":"https:\/\/entrenotasyacordes.com\/index.php?rest_route=%2Fwp%2Fv2%2Fmedia&parent=19569"}],"wp:term":[{"taxonomy":"category","embeddable":true,"href":"https:\/\/entrenotasyacordes.com\/index.php?rest_route=%2Fwp%2Fv2%2Fcategories&post=19569"},{"taxonomy":"post_tag","embeddable":true,"href":"https:\/\/entrenotasyacordes.com\/index.php?rest_route=%2Fwp%2Fv2%2Ftags&post=19569"}],"curies":[{"name":"wp","href":"https:\/\/api.w.org\/{rel}","templated":true}]}}