{"id":19577,"date":"2026-01-25T14:19:41","date_gmt":"2026-01-25T14:19:41","guid":{"rendered":"https:\/\/entrenotasyacordes.com\/?p=19577"},"modified":"2026-01-25T14:19:41","modified_gmt":"2026-01-25T14:19:41","slug":"rata-blanca-llega-a-la-plata-para-celebrar-los-35-anos-de-magos-espadas-y-rosas","status":"publish","type":"post","link":"https:\/\/entrenotasyacordes.com\/?p=19577","title":{"rendered":"RATA BLANCA LLEGA A LA PLATA PARA&nbsp; CELEBRAR LOS 35 A\u00d1OS DE MAGOS, ESPADAS Y ROSAS"},"content":{"rendered":"<div class=\"wp-block-image\">\n<figure class=\"aligncenter size-large\"><img loading=\"lazy\" decoding=\"async\" width=\"1024\" height=\"1024\" src=\"https:\/\/entrenotasyacordes.com\/wp-content\/uploads\/2026\/01\/img_6106-1024x1024.jpg\" class=\"wp-image-19574\" srcset=\"https:\/\/entrenotasyacordes.com\/wp-content\/uploads\/2026\/01\/img_6106-1024x1024.jpg 1024w, https:\/\/entrenotasyacordes.com\/wp-content\/uploads\/2026\/01\/img_6106-300x300.jpg 300w, https:\/\/entrenotasyacordes.com\/wp-content\/uploads\/2026\/01\/img_6106-150x150.jpg 150w, https:\/\/entrenotasyacordes.com\/wp-content\/uploads\/2026\/01\/img_6106-768x768.jpg 768w, https:\/\/entrenotasyacordes.com\/wp-content\/uploads\/2026\/01\/img_6106-50x50.jpg 50w, https:\/\/entrenotasyacordes.com\/wp-content\/uploads\/2026\/01\/img_6106.jpg 1080w\" sizes=\"auto, (max-width: 1024px) 100vw, 1024px\" \/><\/figure>\n<\/div>\n\n\n<p>Luego del hist\u00f3rico show que realizaron el pasado mes de noviembre en Movistar Arena,&nbsp;<strong>Rata Blanca<\/strong>&nbsp;anuncia su regreso a la ciudad de&nbsp;<strong>La Plata<\/strong>&nbsp;en el marco de la gira<strong>&nbsp;celebraci\u00f3n&nbsp;<\/strong>del&nbsp;<strong>35 aniversario<\/strong>&nbsp;de su \u00e1lbum&nbsp;<strong>Magos, Espadas y Rosas.<\/strong><\/p>\n\n\n\n<p>La cita ser\u00e1 el<strong>&nbsp;domingo 5 de abril<\/strong>&nbsp;&#8211; 21hs &#8211; en la&nbsp;<strong>Sala Ginastera del Teatro Argentino<\/strong><\/p>\n\n\n\n<p>Entradas a la venta por sistema&nbsp;<a href=\"https:\/\/livepass.com.ar\/events\/rata-blanca-en-la-sala-ginastera-teatro-argentino-la-plata?utm_source=perfit&amp;utm_medium=email\" rel=\"noreferrer noopener\" target=\"_blank\">Livepass<\/a>&nbsp;<\/p>\n\n\n\n<p>Comprando con tarjetas del Banco Provincia tenes 4 cuotas sin interes y 25% de reintegro<\/p>\n\n\n<div class=\"wp-block-image\">\n<figure class=\"aligncenter size-large\"><img loading=\"lazy\" decoding=\"async\" width=\"1024\" height=\"576\" src=\"https:\/\/entrenotasyacordes.com\/wp-content\/uploads\/2026\/01\/img_6107-1024x576.png\" class=\"wp-image-19575\" srcset=\"https:\/\/entrenotasyacordes.com\/wp-content\/uploads\/2026\/01\/img_6107-1024x576.png 1024w, https:\/\/entrenotasyacordes.com\/wp-content\/uploads\/2026\/01\/img_6107-300x169.png 300w, https:\/\/entrenotasyacordes.com\/wp-content\/uploads\/2026\/01\/img_6107-768x432.png 768w, https:\/\/entrenotasyacordes.com\/wp-content\/uploads\/2026\/01\/img_6107-1536x864.png 1536w, https:\/\/entrenotasyacordes.com\/wp-content\/uploads\/2026\/01\/img_6107.png 2000w\" sizes=\"auto, (max-width: 1024px) 100vw, 1024px\" \/><\/figure>\n<\/div>\n\n\n<p>\u00abMagos, espadas y rosas\u00bb, lanzado en 1990, es un disco fundamental del g\u00e9nero que ha marcado&nbsp;un antes y un despu\u00e9s en la historia del rock en espa\u00f1ol. Con cl\u00e1sicos como \u00abLa leyenda del hada y el mago\u00bb, \u00abMujer amante\u00bb y \u00abEl camino del sol\u00bb, no s\u00f3lo consagr\u00f3 a la banda liderada por Walter Giardino en Argentina sino que tambi\u00e9n la catapult\u00f3 al reconocimiento en toda Am\u00e9rica Latina y Espa\u00f1a.<\/p>\n\n\n<div class=\"wp-block-image\">\n<figure class=\"aligncenter size-large\"><img loading=\"lazy\" decoding=\"async\" width=\"1024\" height=\"682\" src=\"https:\/\/entrenotasyacordes.com\/wp-content\/uploads\/2026\/01\/img_6108-1024x682.jpg\" class=\"wp-image-19576\" srcset=\"https:\/\/entrenotasyacordes.com\/wp-content\/uploads\/2026\/01\/img_6108-1024x682.jpg 1024w, https:\/\/entrenotasyacordes.com\/wp-content\/uploads\/2026\/01\/img_6108-300x200.jpg 300w, https:\/\/entrenotasyacordes.com\/wp-content\/uploads\/2026\/01\/img_6108-768x512.jpg 768w, https:\/\/entrenotasyacordes.com\/wp-content\/uploads\/2026\/01\/img_6108-1536x1024.jpg 1536w, https:\/\/entrenotasyacordes.com\/wp-content\/uploads\/2026\/01\/img_6108.jpg 2000w\" sizes=\"auto, (max-width: 1024px) 100vw, 1024px\" \/><\/figure>\n<\/div>\n\n\n<p>La banda dio inicio a la gira celebraci\u00f3n de los 35 a\u00f1os de \u00abMagos, espadas y rosas\u00bb , el 19 de noviembre en Movistar Arena, el \u00e1lbum que marc\u00f3 generaciones en la historia del rock en espa\u00f1ol y fue celebrado con&nbsp;un show \u00e9pico de la mano de&nbsp; Walter Giardino y compa\u00f1\u00eda.&nbsp;<\/p>\n\n\n\n<p>Con una puesta en escena a la altura de su trayectoria, sonido filoso y vibrante y la iluminaci\u00f3n pensada minuciosamente generando climas en cada canci\u00f3n dieron paso a un show contundente.<\/p>\n\n\n\n<p>Rata Blanca&nbsp;sabe demostrar c\u00f3mo forjar una carrera exitosa y duradera en manos de m\u00fasicos de alt\u00edsimo nivel que brindan la m\u00e1s exquisita performance.<\/p>\n","protected":false},"excerpt":{"rendered":"<p>Luego del hist\u00f3rico show que realizaron el pasado mes de noviembre en Movistar Arena,&nbsp;Rata Blanca&nbsp;anuncia<\/p>\n","protected":false},"author":5,"featured_media":19574,"comment_status":"closed","ping_status":"","sticky":false,"template":"","format":"standard","meta":{"om_disable_all_campaigns":false,"_uf_show_specific_survey":0,"_uf_disable_surveys":false,"footnotes":""},"categories":[36],"tags":[],"class_list":["post-19577","post","type-post","status-publish","format-standard","has-post-thumbnail","hentry","category-conciertos"],"_links":{"self":[{"href":"https:\/\/entrenotasyacordes.com\/index.php?rest_route=\/wp\/v2\/posts\/19577","targetHints":{"allow":["GET"]}}],"collection":[{"href":"https:\/\/entrenotasyacordes.com\/index.php?rest_route=\/wp\/v2\/posts"}],"about":[{"href":"https:\/\/entrenotasyacordes.com\/index.php?rest_route=\/wp\/v2\/types\/post"}],"author":[{"embeddable":true,"href":"https:\/\/entrenotasyacordes.com\/index.php?rest_route=\/wp\/v2\/users\/5"}],"replies":[{"embeddable":true,"href":"https:\/\/entrenotasyacordes.com\/index.php?rest_route=%2Fwp%2Fv2%2Fcomments&post=19577"}],"version-history":[{"count":1,"href":"https:\/\/entrenotasyacordes.com\/index.php?rest_route=\/wp\/v2\/posts\/19577\/revisions"}],"predecessor-version":[{"id":19578,"href":"https:\/\/entrenotasyacordes.com\/index.php?rest_route=\/wp\/v2\/posts\/19577\/revisions\/19578"}],"wp:featuredmedia":[{"embeddable":true,"href":"https:\/\/entrenotasyacordes.com\/index.php?rest_route=\/wp\/v2\/media\/19574"}],"wp:attachment":[{"href":"https:\/\/entrenotasyacordes.com\/index.php?rest_route=%2Fwp%2Fv2%2Fmedia&parent=19577"}],"wp:term":[{"taxonomy":"category","embeddable":true,"href":"https:\/\/entrenotasyacordes.com\/index.php?rest_route=%2Fwp%2Fv2%2Fcategories&post=19577"},{"taxonomy":"post_tag","embeddable":true,"href":"https:\/\/entrenotasyacordes.com\/index.php?rest_route=%2Fwp%2Fv2%2Ftags&post=19577"}],"curies":[{"name":"wp","href":"https:\/\/api.w.org\/{rel}","templated":true}]}}