{"id":19581,"date":"2026-01-25T14:21:50","date_gmt":"2026-01-25T14:21:50","guid":{"rendered":"https:\/\/entrenotasyacordes.com\/?p=19581"},"modified":"2026-01-25T14:21:50","modified_gmt":"2026-01-25T14:21:50","slug":"danilo-montana-callejero-fino-y-rei-presentan-no-manzana-remix-el-tema-viral-de-tiktok","status":"publish","type":"post","link":"https:\/\/entrenotasyacordes.com\/?p=19581","title":{"rendered":"DANILO MONTANA, CALLEJERO FINO Y REI PRESENTAN \u201cNO, MANZANA REMIX\u201d, EL TEMA VIRAL DE TIKTOK"},"content":{"rendered":"\n<p><strong>TRAS APARECER EN STREAMING Y VIRALIZARSE EN REDES SOCIALES, LA CANCI\u00d3N LLEGA CON UN VIDEO GRABADO EN VIVO FRENTE A MILES DE PERSONAS EN LA COSTA<\/strong><\/p>\n\n\n<div class=\"wp-block-image\">\n<figure class=\"aligncenter size-large\"><img loading=\"lazy\" decoding=\"async\" width=\"1024\" height=\"1024\" src=\"https:\/\/entrenotasyacordes.com\/wp-content\/uploads\/2026\/01\/img_6109-1024x1024.jpg\" class=\"wp-image-19579\" srcset=\"https:\/\/entrenotasyacordes.com\/wp-content\/uploads\/2026\/01\/img_6109-1024x1024.jpg 1024w, https:\/\/entrenotasyacordes.com\/wp-content\/uploads\/2026\/01\/img_6109-300x300.jpg 300w, https:\/\/entrenotasyacordes.com\/wp-content\/uploads\/2026\/01\/img_6109-150x150.jpg 150w, https:\/\/entrenotasyacordes.com\/wp-content\/uploads\/2026\/01\/img_6109-768x768.jpg 768w, https:\/\/entrenotasyacordes.com\/wp-content\/uploads\/2026\/01\/img_6109-1536x1536.jpg 1536w, https:\/\/entrenotasyacordes.com\/wp-content\/uploads\/2026\/01\/img_6109-50x50.jpg 50w, https:\/\/entrenotasyacordes.com\/wp-content\/uploads\/2026\/01\/img_6109.jpg 2000w\" sizes=\"auto, (max-width: 1024px) 100vw, 1024px\" \/><\/figure>\n<\/div>\n\n\n<p><strong>Danilo Montana&nbsp;<\/strong>se vuelve a unir a&nbsp;<strong>Callejero Fino<\/strong>&nbsp;y<strong>&nbsp;Rei<\/strong>&nbsp;en&nbsp;<strong>\u201cNo, Manzana Remix\u201d<\/strong>, una nueva versi\u00f3n del tema que forma parte del \u00e1lbum de Danilo Montana y que se consolid\u00f3 como uno de los lanzamientos tendencia del momento. El remix llega luego de una fuerte repercusi\u00f3n en streaming y redes sociales, con m\u00e1s de 3.9 millones de reproducciones acumuladas en su anticipo.<\/p>\n\n\n\n<p>La canci\u00f3n comenz\u00f3 a viralizarse a partir de su aparici\u00f3n en el stream&nbsp;<strong>La Juntada de los Artistas<\/strong>, donde el anuncio gener\u00f3 una inmediata respuesta del p\u00fablico. Callejero Fino tambi\u00e9n comparti\u00f3 un adelanto del tema en sus redes sociales, superando las<strong>&nbsp;2.4 millones de visualizaciones<\/strong>&nbsp;en tan solo dos d\u00edas y generando gran expectativa por el estreno.<\/p>\n\n\n\n<p>El lanzamiento llega acompa\u00f1ado por un videoclip grabado en la costa durante el programa&nbsp;<strong>\u201cSe Fue Larga\u201d<\/strong>&nbsp;de&nbsp;<strong>Luzu TV<\/strong>, con Ferbo, Belu Negri, Sofi Calvo, Lucas Lezin y Domi Faena, que captura la energ\u00eda de la gente y el clima festivo del remix. En ese contexto, Callejero Fino y Danilo Montana sorprendieron a los presentes al revelar en vivo que la colaboraci\u00f3n inclu\u00eda a&nbsp;<strong>Rei<\/strong>, dando paso a una interpretaci\u00f3n conjunta sobre un escenario montado en el paraje, con la playa como tel\u00f3n de fondo y cientos de personas euf\u00f3ricas que acompa\u00f1aron una presentaci\u00f3n en\u00e9rgica.<\/p>\n\n\n\n<p>El estreno ocurre luego de un gran a\u00f1o para los tres. En 2025, Danilo Montana estren\u00f3&nbsp;<a href=\"https:\/\/google.us17.list-manage.com\/track\/click?u=b69bdfe1667e370d556b0b38d&amp;id=5c5bfead4f&amp;e=67fe2a20ab\"><strong>\u201cMIX DE FRUTAS\u201d<\/strong><\/a>, su primer \u00e1lbum de estudio donde combina distintos g\u00e9neros siguiendo una l\u00ednea tropical e incluye la versi\u00f3n original de&nbsp;<a href=\"https:\/\/google.us17.list-manage.com\/track\/click?u=b69bdfe1667e370d556b0b38d&amp;id=ab7b6d42ed&amp;e=67fe2a20ab\"><strong>\u201cNO, MANZANA\u201d<\/strong><\/a>. Por su parte, Callejero Fino inaugur\u00f3&nbsp;<a href=\"https:\/\/google.us17.list-manage.com\/track\/click?u=b69bdfe1667e370d556b0b38d&amp;id=b8a3e4e80f&amp;e=67fe2a20ab\"><strong>\u201cLA PRE$I\u00d3N\u201d<\/strong><\/a>, el formato que re\u00fane colaboraciones con referentes del RKT y que acumula 16.2 millones de reproducciones, y lanz\u00f3 su EP<strong>&nbsp;<\/strong><a href=\"https:\/\/google.us17.list-manage.com\/track\/click?u=b69bdfe1667e370d556b0b38d&amp;id=d4ea57bcd4&amp;e=67fe2a20ab\"><strong>\u00abMEGA CALLEJERO FINO\u00bb<\/strong><\/a>. En paralelo, Rei contin\u00faa expandiendo su etapa m\u00e1s sensible e introspectiva tras presentar&nbsp;<a href=\"https:\/\/google.us17.list-manage.com\/track\/click?u=b69bdfe1667e370d556b0b38d&amp;id=bd4861b5da&amp;e=67fe2a20ab\"><strong>\u201cUn poema\u201d<\/strong><\/a>&nbsp;y su EP&nbsp;<a href=\"https:\/\/google.us17.list-manage.com\/track\/click?u=b69bdfe1667e370d556b0b38d&amp;id=b422571fa2&amp;e=67fe2a20ab\"><strong>\u201cCordillera\u201d<\/strong><\/a>, que cuenta con m\u00e1s de 1.2 millones de streams, mientras anticipa nuevos lanzamientos que profundizan esa b\u00fasqueda personal.<\/p>\n\n\n\n<p>La uni\u00f3n entre ellos no es nueva: en el pasado hab\u00edan colaborado en&nbsp;<strong><a href=\"https:\/\/google.us17.list-manage.com\/track\/click?u=b69bdfe1667e370d556b0b38d&#038;id=56f440e1b1&#038;e=67fe2a20ab\">\u00abTu Turrito\u00bb<\/a><\/strong>, tema interpretado por Callejero Fino y Rei, donde Danilo Montana fue traductor y compositor. La canci\u00f3n, lanzada en 2022, escal\u00f3 al puesto #5 en el Top 50 de Spotify en Argentina durante su debut y ya super\u00f3 los 541 millones de reproducciones en plataformas digitales.<\/p>\n","protected":false},"excerpt":{"rendered":"<p>TRAS APARECER EN STREAMING Y VIRALIZARSE EN REDES SOCIALES, LA CANCI\u00d3N LLEGA CON UN VIDEO<\/p>\n","protected":false},"author":5,"featured_media":19579,"comment_status":"closed","ping_status":"","sticky":false,"template":"","format":"standard","meta":{"om_disable_all_campaigns":false,"_uf_show_specific_survey":0,"_uf_disable_surveys":false,"footnotes":""},"categories":[4],"tags":[],"class_list":["post-19581","post","type-post","status-publish","format-standard","has-post-thumbnail","hentry","category-musica"],"_links":{"self":[{"href":"https:\/\/entrenotasyacordes.com\/index.php?rest_route=\/wp\/v2\/posts\/19581","targetHints":{"allow":["GET"]}}],"collection":[{"href":"https:\/\/entrenotasyacordes.com\/index.php?rest_route=\/wp\/v2\/posts"}],"about":[{"href":"https:\/\/entrenotasyacordes.com\/index.php?rest_route=\/wp\/v2\/types\/post"}],"author":[{"embeddable":true,"href":"https:\/\/entrenotasyacordes.com\/index.php?rest_route=\/wp\/v2\/users\/5"}],"replies":[{"embeddable":true,"href":"https:\/\/entrenotasyacordes.com\/index.php?rest_route=%2Fwp%2Fv2%2Fcomments&post=19581"}],"version-history":[{"count":1,"href":"https:\/\/entrenotasyacordes.com\/index.php?rest_route=\/wp\/v2\/posts\/19581\/revisions"}],"predecessor-version":[{"id":19582,"href":"https:\/\/entrenotasyacordes.com\/index.php?rest_route=\/wp\/v2\/posts\/19581\/revisions\/19582"}],"wp:featuredmedia":[{"embeddable":true,"href":"https:\/\/entrenotasyacordes.com\/index.php?rest_route=\/wp\/v2\/media\/19579"}],"wp:attachment":[{"href":"https:\/\/entrenotasyacordes.com\/index.php?rest_route=%2Fwp%2Fv2%2Fmedia&parent=19581"}],"wp:term":[{"taxonomy":"category","embeddable":true,"href":"https:\/\/entrenotasyacordes.com\/index.php?rest_route=%2Fwp%2Fv2%2Fcategories&post=19581"},{"taxonomy":"post_tag","embeddable":true,"href":"https:\/\/entrenotasyacordes.com\/index.php?rest_route=%2Fwp%2Fv2%2Ftags&post=19581"}],"curies":[{"name":"wp","href":"https:\/\/api.w.org\/{rel}","templated":true}]}}