{"id":19584,"date":"2026-01-25T14:24:41","date_gmt":"2026-01-25T14:24:41","guid":{"rendered":"https:\/\/entrenotasyacordes.com\/?p=19584"},"modified":"2026-01-25T14:24:41","modified_gmt":"2026-01-25T14:24:41","slug":"juanes-lanza-su-nuevo-sencillo-hagamos-que","status":"publish","type":"post","link":"https:\/\/entrenotasyacordes.com\/?p=19584","title":{"rendered":"JUANES LANZA SU NUEVO SENCILLO \u201cHAGAMOS QUE\u201d"},"content":{"rendered":"\n<p class=\"has-text-align-center\"><em>EL CUARTO SENCILLO QUE ADELANTA EL ESPERADO PR\u00d3XIMO \u00c1LBUM DE JUANES ES UNA CANCI\u00d3N INSPIRADORA QUE CELEBRA UN AMOR ETERNO LLENO DE ESPERANZA<\/em><\/p>\n\n\n\n<p class=\"has-text-align-center\"><em>EL A\u00d1O NUEVO YA COMENZ\u00d3 DE MANERA ESTELAR PARA JUANES PUES ROLLING STONE HA DESTACADO SU PR\u00d3XIMO LANZAMIENTO COMO&nbsp;<strong>\u201c<\/strong>UNO DE LOS \u00c1LBUMES LATINOS M\u00c1S ESPERADOS DE 2026\u201d<\/em><\/p>\n\n\n\n<p class=\"has-text-align-center\"><em>LA S\u00daPER ESTRELLA COLOMBIANA TAMBI\u00c9N ACABA DE RECIBIR NUEVAS NOMINACIONES A PREMIO LO NUESTRO, TRAS ALCANZAR #1 EN EL LISTADO DE BILLBOARD CON \u201cUNA NOCHE CONTIGO\u201d, SENCILLO QUE TRASPASA FRONTERAS<\/em><\/p>\n\n\n\n<p class=\"has-text-align-center\"><em>MUSICALES Y QUE HA REAFIRMADO SU ESTATUS COMO UNO DE LOS ARTISTAS LATINOS M\u00c1S ACLAMADOS, CON UNA EXPECTATIVA CRECIENTE POR SUS PR\u00d3XIMAS ACTUACIONES COMO HEADLINER EN VARIOS FESTIVALES IMPORTANTES&nbsp;<\/em><\/p>\n\n\n<div class=\"wp-block-image\">\n<figure class=\"aligncenter size-large\"><img loading=\"lazy\" decoding=\"async\" width=\"300\" height=\"133\" src=\"https:\/\/entrenotasyacordes.com\/wp-content\/uploads\/2026\/01\/img_6110-300x133.jpg\" class=\"wp-image-19583\" srcset=\"https:\/\/entrenotasyacordes.com\/wp-content\/uploads\/2026\/01\/img_6110-300x133.jpg 300w, https:\/\/entrenotasyacordes.com\/wp-content\/uploads\/2026\/01\/img_6110-768x342.jpg 768w, https:\/\/entrenotasyacordes.com\/wp-content\/uploads\/2026\/01\/img_6110.jpg 944w\" sizes=\"auto, (max-width: 300px) 100vw, 300px\" \/><\/figure>\n<\/div>\n\n\n<p class=\"elementToProof\">&nbsp;<strong>JUANES<\/strong>&nbsp;lanza&nbsp;<strong><em>\u201cHAGAMOS QUE\u201d<\/em><\/strong>&nbsp;el cuarto sencillo de adelanto de su muy anticipado duod\u00e9cimo \u00e1lbum, que llegar\u00e1 este oto\u00f1o. El tema muestra a la superestrella global del rock\/pop compartiendo una canci\u00f3n luminosa sobre quedar cautivado por una belleza que rivaliza con las grandes obras de arte, y el anhelo de comenzar de inmediato una relaci\u00f3n eterna, con&nbsp;<em>besos que detienen el tiempo.<\/em><\/p>\n\n\n\n<p><em>No creo en el m\u00e1s all\u00e1 \/ Pero he visto eternidad en tus ojos<\/em><\/p>\n\n\n\n<p><em>Nunca pierdo el control \/ Pero t\u00fa me est\u00e1s volviendo loco<\/em><\/p>\n\n\n\n<p><em>Ese mech\u00f3n de pelo en tu cara y tus labios rub\u00ed \/ Son la mayor obra de arte que en la vida yo vi<\/em>&nbsp;<em>y esa mirada interrogante \/ Me recuerda que la vida es un instante\u2026<\/em><\/p>\n\n\n\n<p><em>Con cada beso que nos demos esta noche detengamos el tiempo \/ Hagamos que<\/em><\/p>\n\n\n\n<p><strong><em>\u201cHAGAMOS QUE<\/em><\/strong>\u201d fue filmado en los paisajes naturales de COSTA RICA que brindaron las escenograf\u00edas ideales para resaltar la belleza del tema musical.&nbsp; La canci\u00f3n llega en un momento en el que JUANES disfruta de un comienzo estelar del nuevo a\u00f1o, con Rolling Stone declarando el pr\u00f3ximo lanzamiento como \u201cUno de los \u00e1lbumes latinos m\u00e1s esperados de 2026\u201d.&nbsp; Los elogios continuaron durante la semana pasada, cuando Juanes recibi\u00f3 nominaciones a Premios Lo Nuestro 2026 como \u2018Artista Pop Masculino del A\u00f1o\u2019 y \u2018Canci\u00f3n Pop\/Rock del A\u00f1o\u2019 por el primer sencillo de adelanto del pr\u00f3ximo \u00e1lbum de Juanes, aclamado por la cr\u00edtica, \u201cUna Noche Contigo\u201d, lo que eleva el total de su carrera a unas impresionantes 48 nominaciones a los premios anuales de Univision (+ 49 nominaciones al Latin GRAMMY). Asimismo, la versi\u00f3n colaborativa de \u201cUna Noche Contigo\u201d con&nbsp;<strong>La Arrolladora Banda El Lim\u00f3n,&nbsp;<\/strong>lanzada recientemente, alcanz\u00f3 el #1 de la lista Regional Mexicana Airplay de Billboard, lo que le vali\u00f3 a Juanes su primer #1 en el g\u00e9nero y su decimos\u00e9ptima canci\u00f3n en alcanzar el #1 en una lista de Billboard.<\/p>\n\n\n\n<p>El pasado fin de semana, Juanes volvi\u00f3 a demostrar por qu\u00e9 es uno de los artistas m\u00e1s aclamados de la m\u00fasica latina, con una destacada actuaci\u00f3n como headliner en las famosas Fiestas de la&nbsp;Calle San Sebasti\u00e1n de Puerto Rico, en el Viejo&nbsp;San Juan, a las que asistieron m\u00e1s de 350,000 personas. El entusiasmo sigue creciendo ante sus pr\u00f3ximas actuaciones en los famosos festivales de Vi\u00f1a del Mar (25 de febrero) y Vive Latino (14 de marzo), as\u00ed como en el Carnaval de Barranquilla (15 de febrero), el Movistar Arena de Madrid (1 de marzo) y varios conciertos m\u00e1s ya programados para 2026.<\/p>\n","protected":false},"excerpt":{"rendered":"<p>EL CUARTO SENCILLO QUE ADELANTA EL ESPERADO PR\u00d3XIMO \u00c1LBUM DE JUANES ES UNA CANCI\u00d3N INSPIRADORA<\/p>\n","protected":false},"author":5,"featured_media":19583,"comment_status":"closed","ping_status":"","sticky":false,"template":"","format":"standard","meta":{"om_disable_all_campaigns":false,"_uf_show_specific_survey":0,"_uf_disable_surveys":false,"footnotes":""},"categories":[4],"tags":[],"class_list":["post-19584","post","type-post","status-publish","format-standard","has-post-thumbnail","hentry","category-musica"],"_links":{"self":[{"href":"https:\/\/entrenotasyacordes.com\/index.php?rest_route=\/wp\/v2\/posts\/19584","targetHints":{"allow":["GET"]}}],"collection":[{"href":"https:\/\/entrenotasyacordes.com\/index.php?rest_route=\/wp\/v2\/posts"}],"about":[{"href":"https:\/\/entrenotasyacordes.com\/index.php?rest_route=\/wp\/v2\/types\/post"}],"author":[{"embeddable":true,"href":"https:\/\/entrenotasyacordes.com\/index.php?rest_route=\/wp\/v2\/users\/5"}],"replies":[{"embeddable":true,"href":"https:\/\/entrenotasyacordes.com\/index.php?rest_route=%2Fwp%2Fv2%2Fcomments&post=19584"}],"version-history":[{"count":1,"href":"https:\/\/entrenotasyacordes.com\/index.php?rest_route=\/wp\/v2\/posts\/19584\/revisions"}],"predecessor-version":[{"id":19585,"href":"https:\/\/entrenotasyacordes.com\/index.php?rest_route=\/wp\/v2\/posts\/19584\/revisions\/19585"}],"wp:featuredmedia":[{"embeddable":true,"href":"https:\/\/entrenotasyacordes.com\/index.php?rest_route=\/wp\/v2\/media\/19583"}],"wp:attachment":[{"href":"https:\/\/entrenotasyacordes.com\/index.php?rest_route=%2Fwp%2Fv2%2Fmedia&parent=19584"}],"wp:term":[{"taxonomy":"category","embeddable":true,"href":"https:\/\/entrenotasyacordes.com\/index.php?rest_route=%2Fwp%2Fv2%2Fcategories&post=19584"},{"taxonomy":"post_tag","embeddable":true,"href":"https:\/\/entrenotasyacordes.com\/index.php?rest_route=%2Fwp%2Fv2%2Ftags&post=19584"}],"curies":[{"name":"wp","href":"https:\/\/api.w.org\/{rel}","templated":true}]}}