{"id":19861,"date":"2026-03-05T18:26:34","date_gmt":"2026-03-05T18:26:34","guid":{"rendered":"https:\/\/entrenotasyacordes.com\/?p=19861"},"modified":"2026-03-05T18:26:34","modified_gmt":"2026-03-05T18:26:34","slug":"imbermind-debuta-en-argentina-con-un-show-propio-en-artlab-el-12-03-como-parte-de-su-tour-2026","status":"publish","type":"post","link":"https:\/\/entrenotasyacordes.com\/?p=19861","title":{"rendered":"IMBERMIND debuta en Argentina con un show propio en Artlab el 12.03, como parte de su tour 2026!"},"content":{"rendered":"\n<p><strong><em>&#8211;&nbsp;La banda espa\u00f1ola de m\u00fasica electr\u00f3nica desembarca por primera vez en el pa\u00eds con presentaciones en Mar del Plata, Buenos Aires y su participaci\u00f3n en el festival Lollapalooza Argentina. &#8211;&nbsp;<\/em><\/strong><\/p>\n\n\n<div class=\"wp-block-image\">\n<figure class=\"aligncenter size-large\"><img loading=\"lazy\" decoding=\"async\" width=\"1024\" height=\"1024\" src=\"https:\/\/entrenotasyacordes.com\/wp-content\/uploads\/2026\/03\/img_0522-1024x1024.png\" class=\"wp-image-19858\" srcset=\"https:\/\/entrenotasyacordes.com\/wp-content\/uploads\/2026\/03\/img_0522-1024x1024.png 1024w, https:\/\/entrenotasyacordes.com\/wp-content\/uploads\/2026\/03\/img_0522-300x300.png 300w, https:\/\/entrenotasyacordes.com\/wp-content\/uploads\/2026\/03\/img_0522-150x150.png 150w, https:\/\/entrenotasyacordes.com\/wp-content\/uploads\/2026\/03\/img_0522-768x768.png 768w, https:\/\/entrenotasyacordes.com\/wp-content\/uploads\/2026\/03\/img_0522-50x50.png 50w, https:\/\/entrenotasyacordes.com\/wp-content\/uploads\/2026\/03\/img_0522.png 1080w\" sizes=\"auto, (max-width: 1024px) 100vw, 1024px\" \/><\/figure>\n<\/div>\n\n\n<p>El pr\u00f3ximo&nbsp;<strong>12 de marzo, Imbermind<\/strong>&nbsp;se presenta&nbsp;<strong>por primera vez en la Ciudad de Buenos Aires con un show propio en Artlab (Roseti 93) a las 19 hs<\/strong>. En el marco de su tour 2026, el cuarteto espa\u00f1ol desembarca con una propuesta inmersiva que combina&nbsp;<strong>electr\u00f3nica pura, pop alternativo y una profunda carga emocional,<\/strong>&nbsp;consolid\u00e1ndose como una de las revelaciones de la nueva escena electr\u00f3nica europea.<br><br>La banda conformada por&nbsp;<a href=\"https:\/\/gmail.us20.list-manage.com\/track\/click?u=5f18006da3ec7d99a89534e62&#038;id=f1246142d6&#038;e=bdcecc51d8\" target=\"_blank\" rel=\"noreferrer noopener\">Edu Imbernon<\/a>, Luis Clemente, Nico Casal y \u00c1lvaro Monreal, llega presentando su \u00e1lbum debut Never Ending, un trabajo que profundiza su identidad sonora y emocional. Tras su&nbsp;<strong>remezcla oficial de \u201cWagging Tongue\u201d para Depeche Mode,<\/strong>&nbsp;el proyecto dio un salto internacional que hoy se traduce en un show s\u00f3lido, intenso y cuidadosamente dise\u00f1ado para el vivo.<br><br>El v\u00ednculo con Argentina tiene una historia previa a trav\u00e9s de&nbsp;<strong>Edu Imbern\u00f3n<\/strong>, reconocido DJ y productor a nivel mundial, quien&nbsp;<strong>se ha presentado en el pa\u00eds en m\u00faltiples oportunidades<\/strong>&nbsp;y mantiene una conexi\u00f3n especial con el p\u00fablico local. Adem\u00e1s, ha compartido distintas presentaciones B2B con&nbsp;<strong>Hern\u00e1n Catt\u00e1neo,<\/strong>&nbsp;referente de la escena electr\u00f3nica argentina, quien tambi\u00e9n particip\u00f3 del remix \u201cThousand Miles\u201d junto a Imbermind. Esa relaci\u00f3n art\u00edstica y afectiva potencia ahora el desembarco de la banda en la ciudad.<br><br>La fecha en Artlab ser\u00e1 la&nbsp;<strong>\u00fanica oportunidad de ver su show propio en Buenos Aires antes de su participaci\u00f3n en Lollapalooza Argentina.<\/strong>&nbsp;Con capacidad limitada y a solo una semana del evento, las \u00faltimas entradas ya se encuentran a la venta.<\/p>\n\n\n\n<p class=\"has-text-align-center\"><strong>JUEVES 12 DE MARZO | ARTLAB &#8211; CABA<br>Roseti 93, Ciudad Aut\u00f3noma de Buenos Aires | Horario: 19.00 hs.<br><\/strong>\ud83c\udf9f<strong> Entradas en&nbsp;<a href=\"https:\/\/gmail.us20.list-manage.com\/track\/click?u=5f18006da3ec7d99a89534e62&#038;id=f0d2617c88&#038;e=bdcecc51d8\" target=\"_blank\" rel=\"noreferrer noopener\">https:\/\/tickets.artlabpro.net\/events\/imbermind-live-show<\/a><\/strong><\/p>\n\n\n<div class=\"wp-block-image\">\n<figure class=\"aligncenter size-large\"><img loading=\"lazy\" decoding=\"async\" width=\"819\" height=\"1024\" src=\"https:\/\/entrenotasyacordes.com\/wp-content\/uploads\/2026\/03\/img_0523-819x1024.png\" class=\"wp-image-19859\" srcset=\"https:\/\/entrenotasyacordes.com\/wp-content\/uploads\/2026\/03\/img_0523-819x1024.png 819w, https:\/\/entrenotasyacordes.com\/wp-content\/uploads\/2026\/03\/img_0523-240x300.png 240w, https:\/\/entrenotasyacordes.com\/wp-content\/uploads\/2026\/03\/img_0523-768x960.png 768w, https:\/\/entrenotasyacordes.com\/wp-content\/uploads\/2026\/03\/img_0523-1024x1280.png 1024w, https:\/\/entrenotasyacordes.com\/wp-content\/uploads\/2026\/03\/img_0523.png 1080w\" sizes=\"auto, (max-width: 819px) 100vw, 819px\" \/><\/figure>\n<\/div>\n\n\n<h2 class=\"wp-block-heading null\"><strong>INTEGRANTES<\/strong><\/h2>\n\n\n\n<p><strong>Edu Imbern\u00f3n<\/strong>&nbsp;\u2013 Productor y DJ internacional. Ha actuado en festivales como Coachella, Sonar y Tomorrowland. Y ha remixeado oficialmente a artistas de la talla de The XX, R\u00fcf\u00fcs Du Sol o RY X.<br>&nbsp;<br><strong>Nico Casal&nbsp;<\/strong>\u2013 Pianista y compositor de bandas sonoras, nominado al Oscar por su trabajo en el corto Stutterer.<br><strong>&nbsp;<br>Luis Clemente&nbsp;<\/strong>\u2013 Bater\u00eda y productor con una s\u00f3lida trayectoria en proyectos de indie y electr\u00f3nica experimental. Miembro activo del colectivo Pieces of Life.<br>&nbsp;<br><strong>\u00c1lvaro Monreal&nbsp;<\/strong>\u2013 Bajista y guitarrista con experiencia en giras y grabaciones para artistas nacionales. Former vocalista del grupo Navvier.<\/p>\n\n\n<div class=\"wp-block-image\">\n<figure class=\"aligncenter size-large\"><img loading=\"lazy\" decoding=\"async\" width=\"1024\" height=\"682\" src=\"https:\/\/entrenotasyacordes.com\/wp-content\/uploads\/2026\/03\/img_0524-1024x682.jpg\" class=\"wp-image-19860\" srcset=\"https:\/\/entrenotasyacordes.com\/wp-content\/uploads\/2026\/03\/img_0524-1024x682.jpg 1024w, https:\/\/entrenotasyacordes.com\/wp-content\/uploads\/2026\/03\/img_0524-300x200.jpg 300w, https:\/\/entrenotasyacordes.com\/wp-content\/uploads\/2026\/03\/img_0524-768x512.jpg 768w, https:\/\/entrenotasyacordes.com\/wp-content\/uploads\/2026\/03\/img_0524-1536x1024.jpg 1536w, https:\/\/entrenotasyacordes.com\/wp-content\/uploads\/2026\/03\/img_0524.jpg 2000w\" sizes=\"auto, (max-width: 1024px) 100vw, 1024px\" \/><\/figure>\n<\/div>","protected":false},"excerpt":{"rendered":"<p>&#8211;&nbsp;La banda espa\u00f1ola de m\u00fasica electr\u00f3nica desembarca por primera vez en el pa\u00eds con presentaciones<\/p>\n","protected":false},"author":5,"featured_media":19858,"comment_status":"closed","ping_status":"","sticky":false,"template":"","format":"standard","meta":{"om_disable_all_campaigns":false,"_uf_show_specific_survey":0,"_uf_disable_surveys":false,"footnotes":""},"categories":[36],"tags":[],"class_list":["post-19861","post","type-post","status-publish","format-standard","has-post-thumbnail","hentry","category-conciertos"],"_links":{"self":[{"href":"https:\/\/entrenotasyacordes.com\/index.php?rest_route=\/wp\/v2\/posts\/19861","targetHints":{"allow":["GET"]}}],"collection":[{"href":"https:\/\/entrenotasyacordes.com\/index.php?rest_route=\/wp\/v2\/posts"}],"about":[{"href":"https:\/\/entrenotasyacordes.com\/index.php?rest_route=\/wp\/v2\/types\/post"}],"author":[{"embeddable":true,"href":"https:\/\/entrenotasyacordes.com\/index.php?rest_route=\/wp\/v2\/users\/5"}],"replies":[{"embeddable":true,"href":"https:\/\/entrenotasyacordes.com\/index.php?rest_route=%2Fwp%2Fv2%2Fcomments&post=19861"}],"version-history":[{"count":1,"href":"https:\/\/entrenotasyacordes.com\/index.php?rest_route=\/wp\/v2\/posts\/19861\/revisions"}],"predecessor-version":[{"id":19862,"href":"https:\/\/entrenotasyacordes.com\/index.php?rest_route=\/wp\/v2\/posts\/19861\/revisions\/19862"}],"wp:featuredmedia":[{"embeddable":true,"href":"https:\/\/entrenotasyacordes.com\/index.php?rest_route=\/wp\/v2\/media\/19858"}],"wp:attachment":[{"href":"https:\/\/entrenotasyacordes.com\/index.php?rest_route=%2Fwp%2Fv2%2Fmedia&parent=19861"}],"wp:term":[{"taxonomy":"category","embeddable":true,"href":"https:\/\/entrenotasyacordes.com\/index.php?rest_route=%2Fwp%2Fv2%2Fcategories&post=19861"},{"taxonomy":"post_tag","embeddable":true,"href":"https:\/\/entrenotasyacordes.com\/index.php?rest_route=%2Fwp%2Fv2%2Ftags&post=19861"}],"curies":[{"name":"wp","href":"https:\/\/api.w.org\/{rel}","templated":true}]}}