{"id":19864,"date":"2026-03-05T18:29:12","date_gmt":"2026-03-05T18:29:12","guid":{"rendered":"https:\/\/entrenotasyacordes.com\/?p=19864"},"modified":"2026-03-05T18:29:12","modified_gmt":"2026-03-05T18:29:12","slug":"shakira-y-beele-lanzan-nuevo-single-algo-tu","status":"publish","type":"post","link":"https:\/\/entrenotasyacordes.com\/?p=19864","title":{"rendered":"SHAKIRA Y BE\u00c9LE LANZAN NUEVO SINGLE \u201cALGO T\u00da\u201d"},"content":{"rendered":"\n<p class=\"c6\"><\/p>\n\n\n<div class=\"wp-block-image\">\n<figure class=\"aligncenter size-large\"><img loading=\"lazy\" decoding=\"async\" width=\"300\" height=\"300\" src=\"https:\/\/entrenotasyacordes.com\/wp-content\/uploads\/2026\/03\/img_0525-300x300.jpg\" class=\"wp-image-19863\" srcset=\"https:\/\/entrenotasyacordes.com\/wp-content\/uploads\/2026\/03\/img_0525-300x300.jpg 300w, https:\/\/entrenotasyacordes.com\/wp-content\/uploads\/2026\/03\/img_0525-150x150.jpg 150w, https:\/\/entrenotasyacordes.com\/wp-content\/uploads\/2026\/03\/img_0525-50x50.jpg 50w, https:\/\/entrenotasyacordes.com\/wp-content\/uploads\/2026\/03\/img_0525.jpg 500w\" sizes=\"auto, (max-width: 300px) 100vw, 300px\" \/><\/figure>\n<\/div>\n\n\n<p class=\"c13\">&nbsp;La artista ganadora del GRAMMY\u00ae y del Latin GRAMMY\u00ae,&nbsp;Shakira, y la estrella emergente colombiana&nbsp;Be\u00e9le&nbsp;lanzaron su nuevo sencillo&nbsp;\u201cALGO T\u00da\u201d&nbsp;\u2014 escucha<a class=\"c8\" href=\"https:\/\/mkprensa.mailrelay-iv.es\/c\/7vyzwo\/lmvwcgy1\/jc3riylti1w\">&nbsp;<\/a><a class=\"c8\" href=\"https:\/\/mkprensa.mailrelay-iv.es\/c\/7vyzwo\/lmvwcgy1\/qqbq1vioqw4\">AQU\u00cd<\/a>. Producida por A.C., Flambo, Shakira y Be\u00e9le, la canci\u00f3n est\u00e1 disponible a trav\u00e9s de Sony Music Latin\/5020 Records.&nbsp;<\/p>\n\n\n\n<p class=\"c12\">Shakira y Be\u00e9le presentaron el tema en vivo el pasado fin de semana en el&nbsp;Z\u00f3calo&nbsp;de la Ciudad de M\u00e9xico, que se convirti\u00f3 en el evento m\u00e1s multitudinario en la historia del lugar. Interpretando \u201cALGO T\u00da\u201d ante m\u00e1s de 400.000 fans, Shakira y Be\u00e9le electrizaron la plaza y generaron gran expectativa por el lanzamiento de la canci\u00f3n. Sus estilos se complementan a la perfecci\u00f3n en el track, resultando en una fusi\u00f3n incre\u00edble de latino y afro, con un gui\u00f1o a instrumentos aut\u00f3ctonos y sonidos como la gaita colombiana (flauta), recordando la ciudad de Barranquilla, donde Shakira y Be\u00e9le nacieron. Esta es la segunda colaboraci\u00f3n entre Shakira y Be\u00e9le, tras trabajar juntos en 2025 en la versi\u00f3n de su hit global \u201cHips Don\u2019t Lie\u201d junto a Ed Sheeran y Be\u00e9le para la serie Spotify Anniversary en celebraci\u00f3n de su \u00e1lbum&nbsp;Oral Fixation, Vol. 2.&nbsp;(2005).<\/p>\n\n\n\n<p class=\"c13\">Este concierto ha generado a\u00fan m\u00e1s expectativa para el regreso de Shakira a la Playa de Copacabana, en R\u00edo de Janeiro, donde se presentar\u00e1 en el concierto&nbsp;Todo Mundo No Rio&nbsp;el pr\u00f3ximo 2 de mayo. Este show gratuito ser\u00e1 un vibrante espect\u00e1culo en el que Shakira interpretar\u00e1 sus mayores \u00e9xitos a lo largo de toda su carrera y continuar\u00e1 su \u00e9pica gira mundial durante 2026.<\/p>\n\n\n\n<p class=\"c12\">El lanzamiento de \u201cALGO T\u00da\u201d llega luego de que Shakira fuese coronada por&nbsp;Billboard&nbsp;por la \u201cgira hispana m\u00e1s taquillera de todos los tiempos\u201d, con su reciente Las Mujeres Ya No Lloran World Tour, que alcanz\u00f3 ingresos brutos de $421,6 millones e incluy\u00f3 82 shows de estadio en todo Estados Unidos y Latinoam\u00e9rica, con m\u00e1s de 3,3 millones de asistentes.<\/p>\n\n\n\n<p class=\"c13\">Continuando con este emocionante a\u00f1o, Shakira acaba de ser anunciada como nominada al Sal\u00f3n de la Fama del Rock &amp; Roll 2026. Este prestigioso reconocimiento ser\u00e1 sometido a votaci\u00f3n y anunciado durante la ceremonia de inducci\u00f3n al Sal\u00f3n de la Fama del Rock &amp; Roll 2026.<\/p>\n","protected":false},"excerpt":{"rendered":"<p>&nbsp;La artista ganadora del GRAMMY\u00ae y del Latin GRAMMY\u00ae,&nbsp;Shakira, y la estrella emergente colombiana&nbsp;Be\u00e9le&nbsp;lanzaron su<\/p>\n","protected":false},"author":5,"featured_media":19863,"comment_status":"closed","ping_status":"","sticky":false,"template":"","format":"standard","meta":{"om_disable_all_campaigns":false,"_uf_show_specific_survey":0,"_uf_disable_surveys":false,"footnotes":""},"categories":[4],"tags":[],"class_list":["post-19864","post","type-post","status-publish","format-standard","has-post-thumbnail","hentry","category-musica"],"_links":{"self":[{"href":"https:\/\/entrenotasyacordes.com\/index.php?rest_route=\/wp\/v2\/posts\/19864","targetHints":{"allow":["GET"]}}],"collection":[{"href":"https:\/\/entrenotasyacordes.com\/index.php?rest_route=\/wp\/v2\/posts"}],"about":[{"href":"https:\/\/entrenotasyacordes.com\/index.php?rest_route=\/wp\/v2\/types\/post"}],"author":[{"embeddable":true,"href":"https:\/\/entrenotasyacordes.com\/index.php?rest_route=\/wp\/v2\/users\/5"}],"replies":[{"embeddable":true,"href":"https:\/\/entrenotasyacordes.com\/index.php?rest_route=%2Fwp%2Fv2%2Fcomments&post=19864"}],"version-history":[{"count":1,"href":"https:\/\/entrenotasyacordes.com\/index.php?rest_route=\/wp\/v2\/posts\/19864\/revisions"}],"predecessor-version":[{"id":19865,"href":"https:\/\/entrenotasyacordes.com\/index.php?rest_route=\/wp\/v2\/posts\/19864\/revisions\/19865"}],"wp:featuredmedia":[{"embeddable":true,"href":"https:\/\/entrenotasyacordes.com\/index.php?rest_route=\/wp\/v2\/media\/19863"}],"wp:attachment":[{"href":"https:\/\/entrenotasyacordes.com\/index.php?rest_route=%2Fwp%2Fv2%2Fmedia&parent=19864"}],"wp:term":[{"taxonomy":"category","embeddable":true,"href":"https:\/\/entrenotasyacordes.com\/index.php?rest_route=%2Fwp%2Fv2%2Fcategories&post=19864"},{"taxonomy":"post_tag","embeddable":true,"href":"https:\/\/entrenotasyacordes.com\/index.php?rest_route=%2Fwp%2Fv2%2Ftags&post=19864"}],"curies":[{"name":"wp","href":"https:\/\/api.w.org\/{rel}","templated":true}]}}