{"id":19869,"date":"2026-03-05T18:34:30","date_gmt":"2026-03-05T18:34:30","guid":{"rendered":"https:\/\/entrenotasyacordes.com\/?p=19869"},"modified":"2026-03-05T18:34:30","modified_gmt":"2026-03-05T18:34:30","slug":"pequeno-pez-en-tandil-necochea-y-mar-del-plata","status":"publish","type":"post","link":"https:\/\/entrenotasyacordes.com\/?p=19869","title":{"rendered":"PEQUE\u00d1O PEZ&nbsp;EN&nbsp;TANDIL, NECOCHEA&nbsp;Y&nbsp;MAR DEL PLATA"},"content":{"rendered":"<div class=\"wp-block-image\">\n<figure class=\"aligncenter size-large\"><img loading=\"lazy\" decoding=\"async\" width=\"819\" height=\"1024\" src=\"https:\/\/entrenotasyacordes.com\/wp-content\/uploads\/2026\/03\/img_0526-819x1024.jpg\" class=\"wp-image-19866\" srcset=\"https:\/\/entrenotasyacordes.com\/wp-content\/uploads\/2026\/03\/img_0526-819x1024.jpg 819w, https:\/\/entrenotasyacordes.com\/wp-content\/uploads\/2026\/03\/img_0526-240x300.jpg 240w, https:\/\/entrenotasyacordes.com\/wp-content\/uploads\/2026\/03\/img_0526-768x960.jpg 768w, https:\/\/entrenotasyacordes.com\/wp-content\/uploads\/2026\/03\/img_0526-1024x1280.jpg 1024w, https:\/\/entrenotasyacordes.com\/wp-content\/uploads\/2026\/03\/img_0526.jpg 1080w\" sizes=\"auto, (max-width: 819px) 100vw, 819px\" \/><\/figure>\n<\/div>\n\n\n<p>Tras una d\u00e9cada de construir un mundo m\u00e1gico junto a sus seguidores, la banda de Ceci e Iv\u00e1n se encontrar\u00e1n con su p\u00fablico nuevamente.<\/p>\n\n\n\n<p>Este a\u00f1o la m\u00fasica se vuelve juego, color y emoci\u00f3n. Peque\u00f1o Pez, la banda infantil que marc\u00f3 una generaci\u00f3n de familias con su propuesta original y de alta calidad art\u00edstica regresa con su show.<\/p>\n\n\n\n<p><strong>Mayo<\/strong><\/p>\n\n\n\n<p><strong>Viernes 22<\/strong>&nbsp;&#8211; Teatro del Fuerte (<strong>Tandil<\/strong>) &#8211;&nbsp;<strong><a href=\"https:\/\/www.todopass.com.ar\/inicio\/564-842-pequeno-pez-tour-2026.html?utm_source=perfit&amp;utm_medium=email#\/87-tipo-platea_a\" rel=\"noreferrer noopener\" target=\"_blank\">Tickets<\/a><\/strong><\/p>\n\n\n\n<p><strong>S\u00e1bado 23 &#8211;&nbsp;<\/strong>Teatro Paris<strong>&nbsp;(Necochea) &#8211;&nbsp;<a href=\"https:\/\/articket.com.ar\/PEQUENO-PEZ-EN-NECOCHEA\/?utm_source=perfit&amp;utm_medium=email\" rel=\"noreferrer noopener\" target=\"_blank\">Tickets<\/a><\/strong><\/p>\n\n\n\n<p><strong>Domingo 24<\/strong>&nbsp;&#8211; Teatro Radio City (<strong>Mar del Plata<\/strong>) &#8211;&nbsp;<a href=\"https:\/\/www.plateanet.com\/obra\/28168?obra=PEQUENO-PEZ-_&#038;paso=inicio&#038;utm_source=perfit&#038;utm_medium=email\" target=\"_blank\" rel=\"noreferrer noopener\">Tickets<\/a><\/p>\n\n\n\n<p><br>Tras celebrar sus 10 a\u00f1os de trayectoria con dos shows inolvidables en el Teatro Gran Rex, con presentaciones en el Teatro Broadway y en los teatros m\u00e1s ic\u00f3nicos de Argentina, y una gira por Iberoam\u00e9rica, el grupo vuelve a la cartelera con un espect\u00e1culo alegre y emotivo, ideal para disfrutar en familia.<\/p>\n\n\n<div class=\"wp-block-image\">\n<figure class=\"aligncenter size-large\"><img loading=\"lazy\" decoding=\"async\" width=\"1024\" height=\"832\" src=\"https:\/\/entrenotasyacordes.com\/wp-content\/uploads\/2026\/03\/img_0527-1024x832.jpg\" class=\"wp-image-19867\" srcset=\"https:\/\/entrenotasyacordes.com\/wp-content\/uploads\/2026\/03\/img_0527-1024x832.jpg 1024w, https:\/\/entrenotasyacordes.com\/wp-content\/uploads\/2026\/03\/img_0527-300x244.jpg 300w, https:\/\/entrenotasyacordes.com\/wp-content\/uploads\/2026\/03\/img_0527-768x624.jpg 768w, https:\/\/entrenotasyacordes.com\/wp-content\/uploads\/2026\/03\/img_0527-1536x1248.jpg 1536w, https:\/\/entrenotasyacordes.com\/wp-content\/uploads\/2026\/03\/img_0527.jpg 2000w\" sizes=\"auto, (max-width: 1024px) 100vw, 1024px\" \/><\/figure>\n<\/div>\n\n\n<p><strong>Una fiesta para los sentidos<\/strong><\/p>\n\n\n\n<p>El show combina m\u00fasica en vivo, teatro, danza y t\u00edteres, generando una experiencia inmersiva donde el p\u00fablico no s\u00f3lo escucha: tambi\u00e9n canta, baila, sue\u00f1a y participa. A trav\u00e9s de un viaje musical que atraviesa g\u00e9neros como el rock, el ska, la salsa, la chacarera y la murga. Peque\u00f1o Pez invita a explorar emociones, valores y aventuras que conectan con la infancia en su estado m\u00e1s puro.<\/p>\n\n\n\n<p>Los personajes, las canciones y las historias son acompa\u00f1adas por una puesta visual impactante, con marionetas, coreograf\u00edas, invitados y sorpresas en cada funci\u00f3n.<\/p>\n\n\n\n<p><br \/><strong>Un fen\u00f3meno que no para de crecer<\/strong><\/p>\n\n\n\n<p>Con m\u00e1s de 900 millones de reproducciones en plataformas digitales y recientemente incorporados al cat\u00e1logo de Universal Latino, Peque\u00f1o Pez se ha consolidado como uno de los grandes nombres de la m\u00fasica infantil en habla hispana.<\/p>\n\n\n\n<p>Su s\u00e9ptimo disco, lanzado este a\u00f1o, sigue sumando oyentes en todo el mundo, mientras que sus shows en vivo se convierten en verdaderas celebraciones familiares.<\/p>\n\n\n\n<p>Recientemente, la banda grab\u00f3 sesiones en vivo junto a Los Tipitos, La Bersuit, Juli\u00e1n Kartun y Benja Amadeo, colaboraciones que reafirman el nivel musical del grupo y su lugar en la escena art\u00edstica iberoamericana.<\/p>\n\n\n<div class=\"wp-block-image\">\n<figure class=\"aligncenter size-large\"><img loading=\"lazy\" decoding=\"async\" width=\"1024\" height=\"682\" src=\"https:\/\/entrenotasyacordes.com\/wp-content\/uploads\/2026\/03\/img_0528-1024x682.jpg\" class=\"wp-image-19868\" srcset=\"https:\/\/entrenotasyacordes.com\/wp-content\/uploads\/2026\/03\/img_0528-1024x682.jpg 1024w, https:\/\/entrenotasyacordes.com\/wp-content\/uploads\/2026\/03\/img_0528-300x200.jpg 300w, https:\/\/entrenotasyacordes.com\/wp-content\/uploads\/2026\/03\/img_0528-768x512.jpg 768w, https:\/\/entrenotasyacordes.com\/wp-content\/uploads\/2026\/03\/img_0528-1536x1024.jpg 1536w, https:\/\/entrenotasyacordes.com\/wp-content\/uploads\/2026\/03\/img_0528.jpg 2000w\" sizes=\"auto, (max-width: 1024px) 100vw, 1024px\" \/><\/figure>\n<\/div>\n\n\n<p><strong>M\u00e1s que entretenimiento:contenido con valor<\/strong>&nbsp;\u00abPeque Pez\u00bb, como los llaman cari\u00f1osamente sus seguidores, trasciende el entretenimiento al brindar una experiencia educativa y enriquecedora a nivel emocional. A trav\u00e9s de sus canciones, los ni\u00f1os exploran su cuerpo, identifican sus emociones y descubren el mundo que los rodea, estimulando la creatividad y fortaleciendo la conexi\u00f3n en familia.<\/p>\n","protected":false},"excerpt":{"rendered":"<p>Tras una d\u00e9cada de construir un mundo m\u00e1gico junto a sus seguidores, la banda de<\/p>\n","protected":false},"author":5,"featured_media":19866,"comment_status":"closed","ping_status":"","sticky":false,"template":"","format":"standard","meta":{"om_disable_all_campaigns":false,"_uf_show_specific_survey":0,"_uf_disable_surveys":false,"footnotes":""},"categories":[36],"tags":[],"class_list":["post-19869","post","type-post","status-publish","format-standard","has-post-thumbnail","hentry","category-conciertos"],"_links":{"self":[{"href":"https:\/\/entrenotasyacordes.com\/index.php?rest_route=\/wp\/v2\/posts\/19869","targetHints":{"allow":["GET"]}}],"collection":[{"href":"https:\/\/entrenotasyacordes.com\/index.php?rest_route=\/wp\/v2\/posts"}],"about":[{"href":"https:\/\/entrenotasyacordes.com\/index.php?rest_route=\/wp\/v2\/types\/post"}],"author":[{"embeddable":true,"href":"https:\/\/entrenotasyacordes.com\/index.php?rest_route=\/wp\/v2\/users\/5"}],"replies":[{"embeddable":true,"href":"https:\/\/entrenotasyacordes.com\/index.php?rest_route=%2Fwp%2Fv2%2Fcomments&post=19869"}],"version-history":[{"count":1,"href":"https:\/\/entrenotasyacordes.com\/index.php?rest_route=\/wp\/v2\/posts\/19869\/revisions"}],"predecessor-version":[{"id":19870,"href":"https:\/\/entrenotasyacordes.com\/index.php?rest_route=\/wp\/v2\/posts\/19869\/revisions\/19870"}],"wp:featuredmedia":[{"embeddable":true,"href":"https:\/\/entrenotasyacordes.com\/index.php?rest_route=\/wp\/v2\/media\/19866"}],"wp:attachment":[{"href":"https:\/\/entrenotasyacordes.com\/index.php?rest_route=%2Fwp%2Fv2%2Fmedia&parent=19869"}],"wp:term":[{"taxonomy":"category","embeddable":true,"href":"https:\/\/entrenotasyacordes.com\/index.php?rest_route=%2Fwp%2Fv2%2Fcategories&post=19869"},{"taxonomy":"post_tag","embeddable":true,"href":"https:\/\/entrenotasyacordes.com\/index.php?rest_route=%2Fwp%2Fv2%2Ftags&post=19869"}],"curies":[{"name":"wp","href":"https:\/\/api.w.org\/{rel}","templated":true}]}}