{"id":19873,"date":"2026-03-05T18:39:47","date_gmt":"2026-03-05T18:39:47","guid":{"rendered":"https:\/\/entrenotasyacordes.com\/?p=19873"},"modified":"2026-03-05T18:39:47","modified_gmt":"2026-03-05T18:39:47","slug":"koino-yokan-llega-al-c-art-media-23-de-mayo","status":"publish","type":"post","link":"https:\/\/entrenotasyacordes.com\/?p=19873","title":{"rendered":"KOINO YOKAN LLEGA AL C ART MEDIA |23 DE MAYO"},"content":{"rendered":"\n<p class=\"has-text-align-center\"><strong>La cuenta regresiva ya empez\u00f3. El 23 de mayo, Koino Yokan desata en el C Art Media un show expansivo y vibrante que anticipa entradas agotadas y una noche de comuni\u00f3n absoluta.<\/strong><\/p>\n\n\n<div class=\"wp-block-image\">\n<figure class=\"aligncenter size-large\"><img loading=\"lazy\" decoding=\"async\" width=\"768\" height=\"1024\" src=\"https:\/\/entrenotasyacordes.com\/wp-content\/uploads\/2026\/03\/img_0529-768x1024.jpg\" class=\"wp-image-19871\" srcset=\"https:\/\/entrenotasyacordes.com\/wp-content\/uploads\/2026\/03\/img_0529-768x1024.jpg 768w, https:\/\/entrenotasyacordes.com\/wp-content\/uploads\/2026\/03\/img_0529-225x300.jpg 225w, https:\/\/entrenotasyacordes.com\/wp-content\/uploads\/2026\/03\/img_0529-1152x1536.jpg 1152w, https:\/\/entrenotasyacordes.com\/wp-content\/uploads\/2026\/03\/img_0529-1024x1365.jpg 1024w, https:\/\/entrenotasyacordes.com\/wp-content\/uploads\/2026\/03\/img_0529.jpg 1500w\" sizes=\"auto, (max-width: 768px) 100vw, 768px\" \/><\/figure>\n<\/div>\n\n\n<p>Koino Yokan anuncia su esperado regreso a Buenos Aires en formato banda completa. El pr\u00f3ximo 23 de mayo el d\u00fao se presentar\u00e1 en el C Art Media con un show que promete desplegar toda la potencia, sensibilidad y conexi\u00f3n que define su presente art\u00edstico.<\/p>\n\n\n\n<p>Luego de un verano intenso, con escenarios encendidos y una agenda cargada de presentaciones, Tom\u00e1s Otero y Jerem\u00edas Oro regresan a Buenos Aires para reencontrarse con su p\u00fablico en un show pensado para expandir lo que mejor saben hacer: convertir cada canci\u00f3n en un puente directo hacia la emoci\u00f3n.&nbsp;<\/p>\n\n\n\n<p>En vivo, Koino Yokan no solo interpreta su repertorio: crea un clima. Hay intimidad incluso en la potencia, hay cercan\u00eda a\u00fan en los momentos m\u00e1s explosivos. Cada estribillo se vuelve colectivo. Lo que sucede en el escenario trasciende el formato: es conexi\u00f3n genuina, es sentirse parte de algo compartido.<\/p>\n\n\n\n<p>La fecha ser\u00e1 tambi\u00e9n una oportunidad especial para escuchar en vivo las canciones que abrieron esta nueva etapa del d\u00fao: \u201cEl Sur\u201d, \u201cShe Says\u201d, \u201cSolo Nosotros\u201d y \u201cTodo Est\u00e1 Pasando Ahora\u201d. Cuatro canciones que muestran distintas facetas de su presente creativo, desde climas m\u00e1s introspectivos hasta momentos expansivos y luminosos. En el escenario, estos temas adquieren otra dimensi\u00f3n: los arreglos se expanden, los matices se profundizan y la energ\u00eda fluye con una naturalidad que confirma el gran momento art\u00edstico que atraviesan.<\/p>\n\n\n\n<p>Compositores y productores de todo su repertorio, Koino Yokan apuesta por una creaci\u00f3n honesta, sin f\u00f3rmulas ni modas prefabricadas. Su b\u00fasqueda va m\u00e1s all\u00e1 de los g\u00e9neros: conecta con la emoci\u00f3n, con lo simple, con lo que de verdad importa. Su m\u00fasica suena a refugio, a pausa, a ese momento para respirar. Y en vivo, esa frescura se potencia con una qu\u00edmica natural que convierte cada show en algo \u00fanico e irrepetible.<\/p>\n\n\n\n<p>Despu\u00e9s de una etapa de fuerte expansi\u00f3n internacional y una gira regional latinoamericana que reafirm\u00f3 su crecimiento, el 23 de mayo en el C Art Media ser\u00e1 una nueva celebraci\u00f3n de ese v\u00ednculo inquebrantable que construyeron con su audiencia.<\/p>\n\n\n<div class=\"wp-block-image\">\n<figure class=\"aligncenter size-large\"><img loading=\"lazy\" decoding=\"async\" width=\"682\" height=\"1024\" src=\"https:\/\/entrenotasyacordes.com\/wp-content\/uploads\/2026\/03\/img_0530-682x1024.jpg\" class=\"wp-image-19872\" srcset=\"https:\/\/entrenotasyacordes.com\/wp-content\/uploads\/2026\/03\/img_0530-682x1024.jpg 682w, https:\/\/entrenotasyacordes.com\/wp-content\/uploads\/2026\/03\/img_0530-200x300.jpg 200w, https:\/\/entrenotasyacordes.com\/wp-content\/uploads\/2026\/03\/img_0530-768x1153.jpg 768w, https:\/\/entrenotasyacordes.com\/wp-content\/uploads\/2026\/03\/img_0530-1023x1536.jpg 1023w, https:\/\/entrenotasyacordes.com\/wp-content\/uploads\/2026\/03\/img_0530-1024x1537.jpg 1024w, https:\/\/entrenotasyacordes.com\/wp-content\/uploads\/2026\/03\/img_0530.jpg 1066w\" sizes=\"auto, (max-width: 682px) 100vw, 682px\" \/><\/figure>\n<\/div>","protected":false},"excerpt":{"rendered":"<p>La cuenta regresiva ya empez\u00f3. El 23 de mayo, Koino Yokan desata en el C<\/p>\n","protected":false},"author":5,"featured_media":19872,"comment_status":"closed","ping_status":"","sticky":false,"template":"","format":"standard","meta":{"om_disable_all_campaigns":false,"_uf_show_specific_survey":0,"_uf_disable_surveys":false,"footnotes":""},"categories":[36],"tags":[],"class_list":["post-19873","post","type-post","status-publish","format-standard","has-post-thumbnail","hentry","category-conciertos"],"_links":{"self":[{"href":"https:\/\/entrenotasyacordes.com\/index.php?rest_route=\/wp\/v2\/posts\/19873","targetHints":{"allow":["GET"]}}],"collection":[{"href":"https:\/\/entrenotasyacordes.com\/index.php?rest_route=\/wp\/v2\/posts"}],"about":[{"href":"https:\/\/entrenotasyacordes.com\/index.php?rest_route=\/wp\/v2\/types\/post"}],"author":[{"embeddable":true,"href":"https:\/\/entrenotasyacordes.com\/index.php?rest_route=\/wp\/v2\/users\/5"}],"replies":[{"embeddable":true,"href":"https:\/\/entrenotasyacordes.com\/index.php?rest_route=%2Fwp%2Fv2%2Fcomments&post=19873"}],"version-history":[{"count":1,"href":"https:\/\/entrenotasyacordes.com\/index.php?rest_route=\/wp\/v2\/posts\/19873\/revisions"}],"predecessor-version":[{"id":19874,"href":"https:\/\/entrenotasyacordes.com\/index.php?rest_route=\/wp\/v2\/posts\/19873\/revisions\/19874"}],"wp:featuredmedia":[{"embeddable":true,"href":"https:\/\/entrenotasyacordes.com\/index.php?rest_route=\/wp\/v2\/media\/19872"}],"wp:attachment":[{"href":"https:\/\/entrenotasyacordes.com\/index.php?rest_route=%2Fwp%2Fv2%2Fmedia&parent=19873"}],"wp:term":[{"taxonomy":"category","embeddable":true,"href":"https:\/\/entrenotasyacordes.com\/index.php?rest_route=%2Fwp%2Fv2%2Fcategories&post=19873"},{"taxonomy":"post_tag","embeddable":true,"href":"https:\/\/entrenotasyacordes.com\/index.php?rest_route=%2Fwp%2Fv2%2Ftags&post=19873"}],"curies":[{"name":"wp","href":"https:\/\/api.w.org\/{rel}","templated":true}]}}