{"id":19876,"date":"2026-03-08T10:04:19","date_gmt":"2026-03-08T10:04:19","guid":{"rendered":"https:\/\/entrenotasyacordes.com\/?p=19876"},"modified":"2026-03-08T10:04:19","modified_gmt":"2026-03-08T10:04:19","slug":"musica-para-volar-comienza-su-gira-internacional-2026","status":"publish","type":"post","link":"https:\/\/entrenotasyacordes.com\/?p=19876","title":{"rendered":"M\u00daSICA PARA VOLAR COMIENZA SU GIRA INTERNACIONAL 2026"},"content":{"rendered":"\n<p><strong>La banda, reconocida por sus versiones \u00fanicas del rock argentino, anunci\u00f3 conciertos en m\u00e1s de veinte ciudades, en los que presentar\u00e1 diversos espect\u00e1culos que incluyen colaboraciones con orquestas sinf\u00f3nicas, coros polif\u00f3nicos y ensambles de c\u00e1mara.<\/strong><\/p>\n\n\n<div class=\"wp-block-image\">\n<figure class=\"aligncenter size-large\"><img loading=\"lazy\" decoding=\"async\" width=\"819\" height=\"1024\" src=\"https:\/\/entrenotasyacordes.com\/wp-content\/uploads\/2026\/03\/img_0539-819x1024.jpg\" class=\"wp-image-19875\" srcset=\"https:\/\/entrenotasyacordes.com\/wp-content\/uploads\/2026\/03\/img_0539-819x1024.jpg 819w, https:\/\/entrenotasyacordes.com\/wp-content\/uploads\/2026\/03\/img_0539-240x300.jpg 240w, https:\/\/entrenotasyacordes.com\/wp-content\/uploads\/2026\/03\/img_0539-768x960.jpg 768w, https:\/\/entrenotasyacordes.com\/wp-content\/uploads\/2026\/03\/img_0539-1024x1280.jpg 1024w, https:\/\/entrenotasyacordes.com\/wp-content\/uploads\/2026\/03\/img_0539.jpg 1081w\" sizes=\"auto, (max-width: 819px) 100vw, 819px\" \/><\/figure>\n<\/div>\n\n\n<p>El grupo&nbsp;<strong>M\u00fasica para Volar<\/strong>, reconocido por sus interpretaciones de grandes cl\u00e1sicos del rock con arreglos originales para orquesta y ensambles de c\u00e1mara, anunci\u00f3 su gira internacional para este a\u00f1o, en la cual recorrer\u00e1n&nbsp;<strong>m\u00e1s de veinte ciudades<\/strong>&nbsp;presentando distintos espect\u00e1culos conceptuales.<\/p>\n\n\n\n<p>En los pr\u00f3ximos meses, la banda recorrer\u00e1 la mayor\u00eda de las provincias argentinas, as\u00ed como Montevideo y las principales ciudades de Bolivia, mientras que en la siguiente etapa de la gira se sumar\u00e1n Chile y otros pa\u00edses al itinerario de conciertos.<\/p>\n\n\n\n<p><strong>Grabaciones<\/strong><br \/>Gustavo Cerati, Charly Garc\u00eda, Fito P\u00e1ez y Luis Alberto Spinetta son los cuatro pilares desde donde nacieron los diversos espect\u00e1culos de M\u00fasica para Volar, a los que se suman otros referentes de la cultura rock latinoamericana y mundial, interpretados en versiones \u00fanicas que a menudo tambi\u00e9n graban en vivo.<\/p>\n\n\n\n<p>&nbsp;Esas grabaciones se pueden escuchar en el&nbsp;<u><a href=\"https:\/\/91599.clicks.dattanet.com\/track\/click?u=3999950&#038;p=39313539393a313031343a3930323a303a363a30&#038;s=9be5e2f90e0a202facf81dca8ced981d&#038;m=32974\">canal de YouTube del grupo<\/a><\/u>, que ya suma 60 mil suscriptores en todo el continente, con estrenos peri\u00f3dicos e interacci\u00f3n con una comunidad de amantes del rock argentino que tambi\u00e9n se vincula a trav\u00e9s de las redes sociales de M\u00fasica para Volar, cuya identidad es @mpvolar , tanto en Instagram como en Facebook, X, TikTok y dem\u00e1s.&nbsp;<\/p>\n\n\n\n<p><strong>M\u00fasica Para Volar &#8211; Gira 2026<\/strong><\/p>\n\n\n\n<p>13\/3 Rosario<\/p>\n\n\n\n<p>20\/3 C\u00f3rdoba&nbsp;<\/p>\n\n\n\n<p>21\/3 Buenos Aires&nbsp;<\/p>\n\n\n\n<p>10\/4 R\u00edo Cuarto<\/p>\n\n\n\n<p>16\/4 Oruro<\/p>\n\n\n\n<p>17\/4 Potos\u00ed<\/p>\n\n\n\n<p>18\/4 Sucre<\/p>\n\n\n\n<p>23\/4 Cochabamba<\/p>\n\n\n\n<p>24\/4 Tarija&nbsp;<\/p>\n\n\n\n<p>25\/4 La Paz<\/p>\n\n\n\n<p>26\/4 La Paz<\/p>\n\n\n\n<p>9\/5 Rosario<\/p>\n\n\n\n<p>22\/5 Mar del Plata<\/p>\n\n\n\n<p>23\/5 Tandil<\/p>\n\n\n\n<p>29\/5 Neuqu\u00e9n&nbsp;<\/p>\n\n\n\n<p>30\/5 S. M. de los Andes&nbsp;<\/p>\n\n\n\n<p>31\/5 Bariloche&nbsp;<\/p>\n\n\n\n<p>6\/6 Niceto<\/p>\n\n\n\n<p>12\/6 Santa Fe<\/p>\n\n\n\n<p>24\/7 Concordia<\/p>\n\n\n\n<p>25\/7 Paran\u00e1&nbsp;<\/p>\n\n\n\n<p>1\/8 La Plata<\/p>\n\n\n\n<p>14\/8 Corrientes<\/p>\n\n\n\n<p>15\/8 Resistencia&nbsp;<\/p>\n\n\n\n<p>21\/8 Belgrano<\/p>\n\n\n\n<p>28\/8 Salta<\/p>\n\n\n\n<p>29\/8 Jujuy<\/p>\n\n\n\n<p>30\/8 Tucum\u00e1n<\/p>\n\n\n\n<p>4\/9 Mendoza&nbsp;<\/p>\n\n\n\n<p>5\/9 San Juan<\/p>\n\n\n\n<p>10\/9 Comodoro Rivadavia<\/p>\n\n\n\n<p>11\/9 Puerto Madryn<\/p>\n\n\n\n<p>12\/9 Trelew&nbsp;<\/p>\n\n\n\n<p><strong>La banda<\/strong><br \/><strong>M\u00fasica para Volar (@mpvolar)&nbsp;<\/strong>est\u00e1 integrada por Jos\u00e9 Matteucci en bater\u00eda y voz, Alexis Thompson en guitarra, Julieta Sciasci en bajo y voz y Bruno Moreno en piano, quien adem\u00e1s se encarga de componer los arreglos para orquesta y coro polif\u00f3nico de los distintos espect\u00e1culos. Formado en 2012, el grupo realiza habitualmente giras por Argentina y el exterior con sus shows sinf\u00f3nicos, de c\u00e1mara y el\u00e9ctricos, en los cuales abordan repertorios diversos.&nbsp;<\/p>\n\n\n\n<p>Una constante en la carrera de&nbsp;<strong>M\u00fasica para Volar&nbsp;<\/strong>es el profundo respeto por la obra musical que abordan, as\u00ed como la b\u00fasqueda de generar experiencias integrales en el espectador, dise\u00f1ando cada detalle de la puesta en funci\u00f3n de crear momentos \u00fanicos de reencuentro con las composiciones.<\/p>\n","protected":false},"excerpt":{"rendered":"<p>La banda, reconocida por sus versiones \u00fanicas del rock argentino, anunci\u00f3 conciertos en m\u00e1s de<\/p>\n","protected":false},"author":5,"featured_media":19875,"comment_status":"closed","ping_status":"","sticky":false,"template":"","format":"standard","meta":{"om_disable_all_campaigns":false,"_uf_show_specific_survey":0,"_uf_disable_surveys":false,"footnotes":""},"categories":[36],"tags":[],"class_list":["post-19876","post","type-post","status-publish","format-standard","has-post-thumbnail","hentry","category-conciertos"],"_links":{"self":[{"href":"https:\/\/entrenotasyacordes.com\/index.php?rest_route=\/wp\/v2\/posts\/19876","targetHints":{"allow":["GET"]}}],"collection":[{"href":"https:\/\/entrenotasyacordes.com\/index.php?rest_route=\/wp\/v2\/posts"}],"about":[{"href":"https:\/\/entrenotasyacordes.com\/index.php?rest_route=\/wp\/v2\/types\/post"}],"author":[{"embeddable":true,"href":"https:\/\/entrenotasyacordes.com\/index.php?rest_route=\/wp\/v2\/users\/5"}],"replies":[{"embeddable":true,"href":"https:\/\/entrenotasyacordes.com\/index.php?rest_route=%2Fwp%2Fv2%2Fcomments&post=19876"}],"version-history":[{"count":1,"href":"https:\/\/entrenotasyacordes.com\/index.php?rest_route=\/wp\/v2\/posts\/19876\/revisions"}],"predecessor-version":[{"id":19877,"href":"https:\/\/entrenotasyacordes.com\/index.php?rest_route=\/wp\/v2\/posts\/19876\/revisions\/19877"}],"wp:featuredmedia":[{"embeddable":true,"href":"https:\/\/entrenotasyacordes.com\/index.php?rest_route=\/wp\/v2\/media\/19875"}],"wp:attachment":[{"href":"https:\/\/entrenotasyacordes.com\/index.php?rest_route=%2Fwp%2Fv2%2Fmedia&parent=19876"}],"wp:term":[{"taxonomy":"category","embeddable":true,"href":"https:\/\/entrenotasyacordes.com\/index.php?rest_route=%2Fwp%2Fv2%2Fcategories&post=19876"},{"taxonomy":"post_tag","embeddable":true,"href":"https:\/\/entrenotasyacordes.com\/index.php?rest_route=%2Fwp%2Fv2%2Ftags&post=19876"}],"curies":[{"name":"wp","href":"https:\/\/api.w.org\/{rel}","templated":true}]}}