{"id":19880,"date":"2026-03-08T10:07:25","date_gmt":"2026-03-08T10:07:25","guid":{"rendered":"https:\/\/entrenotasyacordes.com\/?p=19880"},"modified":"2026-03-08T10:07:25","modified_gmt":"2026-03-08T10:07:25","slug":"los-calzones-lanzan-juntos-corte-adelanto-de-huella-su-nuevo-album-de-estudio-disponible-en-todas-las-plataformas-digitales","status":"publish","type":"post","link":"https:\/\/entrenotasyacordes.com\/?p=19880","title":{"rendered":"LOS CALZONES lanzan \u201cJUNTOS\u201d, corte adelanto de HUELLA, su nuevo \u00e1lbum de estudio. Disponible en todas las plataformas digitales."},"content":{"rendered":"<div class=\"wp-block-image\">\n<figure class=\"aligncenter size-large\"><img loading=\"lazy\" decoding=\"async\" width=\"298\" height=\"300\" src=\"https:\/\/entrenotasyacordes.com\/wp-content\/uploads\/2026\/03\/img_0540-298x300.png\" class=\"wp-image-19878\" srcset=\"https:\/\/entrenotasyacordes.com\/wp-content\/uploads\/2026\/03\/img_0540-298x300.png 298w, https:\/\/entrenotasyacordes.com\/wp-content\/uploads\/2026\/03\/img_0540-150x150.png 150w, https:\/\/entrenotasyacordes.com\/wp-content\/uploads\/2026\/03\/img_0540-768x773.png 768w, https:\/\/entrenotasyacordes.com\/wp-content\/uploads\/2026\/03\/img_0540-50x50.png 50w, https:\/\/entrenotasyacordes.com\/wp-content\/uploads\/2026\/03\/img_0540.png 800w\" sizes=\"auto, (max-width: 298px) 100vw, 298px\" \/><\/figure>\n<\/div>\n\n\n<p><strong>LOS CALZONES&nbsp;<\/strong>lanzan&nbsp;<strong>\u201cJUNTOS\u201d<\/strong>, corte adelanto de&nbsp;<strong>HUELLA<\/strong>, su d\u00e9cimo y flamante \u00e1lbum de estudio. El sencillo ya se encuentra disponible en todas las plataformas digitales.<\/p>\n\n\n\n<p>Renovados, honestos, pol\u00edticamente incorrectos, combativos y con m\u00e1s furia que nunca,&nbsp;<strong>LOS CALZONES&nbsp;<\/strong>presentan su nuevo single. Tras 37 a\u00f1os en el ruedo, la banda va por m\u00e1s enarbolando con orgullo y por todo el mundo la bandera del&nbsp;<strong>SKA<\/strong>.<\/p>\n\n\n\n<p><strong>\u201cJUNTOS\u201d<\/strong>&nbsp;es un rel\u00e1mpago sonoro. El torbellino r\u00edtmico sacude como un l\u00e1tigo a trav\u00e9s de una contagiosa melod\u00eda que brota en los pies, estalla en el cerebro y queda impregnado en el alma.&nbsp;<\/p>\n\n\n\n<p>En&nbsp;<strong>\u00abJUNTOS\u00bb<\/strong>&nbsp;convive el sonido de las guitarras con una afilada secci\u00f3n de vientos entre las que emerge una voz impertinente respaldada por coros hipn\u00f3ticos, en b\u00fasqueda de una nueva verdad.&nbsp;<\/p>\n\n\n\n<p>Conducida por una poderosa base, afilados y envolventes vientos, cuenta con un estribillo irresistible. Se desvanece en una suerte de trance, cae en un ritual sagrado y somnoliento y resucita con la fuerza de un incendiario eclipse lunar para estar \u201cJUNTOS\u201d y pasar toda la vida.<\/p>\n\n\n\n<p>La canci\u00f3n fue compuesta y arreglada por Marcelo Del Grosso, Eduardo A. Casareski, Fabi\u00e1n M. Isernia, Carlos C. B\u00e1ez y Sergio M. Ch\u00e1vez. &nbsp;&nbsp;<\/p>\n\n\n\n<p>Participaron los siguientes integrantes y m\u00fasicos invitados: Ping\u00fcino: voz, teclados y coros, Pitulo: guitarras y coros y P\u00e1jaro: bajo y coros.&nbsp;<\/p>\n\n\n\n<p>Gargamel, tromb\u00f3n y coros, Azrael, trompetas y coros, Kamion en bater\u00eda y coros, Albert Sterling Menendez en teclados, Ed Calle en saxo tenor y bar\u00edtono, Francisco Dimas en trompeta y John Kricker en tromb\u00f3n. Producci\u00f3n art\u00edstica: Gustavo Borner y Los Calzones.&nbsp;<\/p>\n\n\n\n<p>Fiel a su historia, la banda deja su impronta apasionada por un g\u00e9nero creado en Jamaica y redefinido en Inglaterra, que m\u00e1s tarde fue adaptado a la idiosincrasia Latinoamericana.&nbsp;<strong>&nbsp;<\/strong><\/p>\n\n\n\n<p>Registrada en los legendarios Criteria Studios de Miami y mezclada en Igloo Music de Burbank, California. La grabaci\u00f3n y mezcla pertenecen a Gustavo Borner.&nbsp; &nbsp;&nbsp;<\/p>\n\n\n\n<p><strong>\u201cJUNTOS\u201d&nbsp;<\/strong>no es m\u00e1s que una declaraci\u00f3n de principios. Revela que no hay cataclismo ni cat\u00e1strofe que pueda hacer desvanecer un sentimiento fuerte de unidad. &nbsp;&nbsp;<\/p>\n\n\n\n<p><strong>LOS CALZONES&nbsp;<\/strong>contin\u00faan<strong>&nbsp;<\/strong>su marcha y se consolidan en territorios como Colombia, Centroam\u00e9rica, Chile y M\u00e9xico, a partir de una propuesta que profundiza en las ra\u00edces y evoluciona en l\u00edricas que funcionan de altavoz a las injusticias que asolan a la regi\u00f3n. Este a\u00f1o duplicar\u00e1n la apuesta llevando su show por Argentina, Europa, Latinoam\u00e9rica, Centroam\u00e9rica y Norteam\u00e9rica. &nbsp;&nbsp;<\/p>\n\n\n\n<p>Se viene&nbsp;<strong>\u201cJUNTOS\u201d<\/strong>, lo nuevo de&nbsp;<strong>LOS CALZONES<\/strong>, genuinos paladines del SKA que siguen dejando una huella indeleble en cada paso.<\/p>\n\n\n<div class=\"wp-block-image\">\n<figure class=\"aligncenter size-large\"><img loading=\"lazy\" decoding=\"async\" width=\"300\" height=\"256\" src=\"https:\/\/entrenotasyacordes.com\/wp-content\/uploads\/2026\/03\/img_0541-300x256.png\" class=\"wp-image-19879\" srcset=\"https:\/\/entrenotasyacordes.com\/wp-content\/uploads\/2026\/03\/img_0541-300x256.png 300w, https:\/\/entrenotasyacordes.com\/wp-content\/uploads\/2026\/03\/img_0541.png 650w\" sizes=\"auto, (max-width: 300px) 100vw, 300px\" \/><\/figure>\n<\/div>","protected":false},"excerpt":{"rendered":"<p>LOS CALZONES&nbsp;lanzan&nbsp;\u201cJUNTOS\u201d, corte adelanto de&nbsp;HUELLA, su d\u00e9cimo y flamante \u00e1lbum de estudio. El sencillo ya<\/p>\n","protected":false},"author":5,"featured_media":19878,"comment_status":"closed","ping_status":"","sticky":false,"template":"","format":"standard","meta":{"om_disable_all_campaigns":false,"_uf_show_specific_survey":0,"_uf_disable_surveys":false,"footnotes":""},"categories":[4],"tags":[],"class_list":["post-19880","post","type-post","status-publish","format-standard","has-post-thumbnail","hentry","category-musica"],"_links":{"self":[{"href":"https:\/\/entrenotasyacordes.com\/index.php?rest_route=\/wp\/v2\/posts\/19880","targetHints":{"allow":["GET"]}}],"collection":[{"href":"https:\/\/entrenotasyacordes.com\/index.php?rest_route=\/wp\/v2\/posts"}],"about":[{"href":"https:\/\/entrenotasyacordes.com\/index.php?rest_route=\/wp\/v2\/types\/post"}],"author":[{"embeddable":true,"href":"https:\/\/entrenotasyacordes.com\/index.php?rest_route=\/wp\/v2\/users\/5"}],"replies":[{"embeddable":true,"href":"https:\/\/entrenotasyacordes.com\/index.php?rest_route=%2Fwp%2Fv2%2Fcomments&post=19880"}],"version-history":[{"count":1,"href":"https:\/\/entrenotasyacordes.com\/index.php?rest_route=\/wp\/v2\/posts\/19880\/revisions"}],"predecessor-version":[{"id":19881,"href":"https:\/\/entrenotasyacordes.com\/index.php?rest_route=\/wp\/v2\/posts\/19880\/revisions\/19881"}],"wp:featuredmedia":[{"embeddable":true,"href":"https:\/\/entrenotasyacordes.com\/index.php?rest_route=\/wp\/v2\/media\/19878"}],"wp:attachment":[{"href":"https:\/\/entrenotasyacordes.com\/index.php?rest_route=%2Fwp%2Fv2%2Fmedia&parent=19880"}],"wp:term":[{"taxonomy":"category","embeddable":true,"href":"https:\/\/entrenotasyacordes.com\/index.php?rest_route=%2Fwp%2Fv2%2Fcategories&post=19880"},{"taxonomy":"post_tag","embeddable":true,"href":"https:\/\/entrenotasyacordes.com\/index.php?rest_route=%2Fwp%2Fv2%2Ftags&post=19880"}],"curies":[{"name":"wp","href":"https:\/\/api.w.org\/{rel}","templated":true}]}}