{"id":19887,"date":"2026-03-08T10:16:31","date_gmt":"2026-03-08T10:16:31","guid":{"rendered":"https:\/\/entrenotasyacordes.com\/?p=19887"},"modified":"2026-03-08T10:16:31","modified_gmt":"2026-03-08T10:16:31","slug":"manuel-turizo-y-maluma-presentan-apambichao","status":"publish","type":"post","link":"https:\/\/entrenotasyacordes.com\/?p=19887","title":{"rendered":"MANUEL TURIZO&nbsp;Y&nbsp;MALUMA PRESENTAN \u201cAPAMBICHAO\u201d"},"content":{"rendered":"<div class=\"wp-block-image\">\n<figure class=\"aligncenter size-large\"><img loading=\"lazy\" decoding=\"async\" width=\"300\" height=\"300\" src=\"https:\/\/entrenotasyacordes.com\/wp-content\/uploads\/2026\/03\/img_0544-300x300.png\" class=\"wp-image-19886\" srcset=\"https:\/\/entrenotasyacordes.com\/wp-content\/uploads\/2026\/03\/img_0544-300x300.png 300w, https:\/\/entrenotasyacordes.com\/wp-content\/uploads\/2026\/03\/img_0544-150x150.png 150w, https:\/\/entrenotasyacordes.com\/wp-content\/uploads\/2026\/03\/img_0544-50x50.png 50w, https:\/\/entrenotasyacordes.com\/wp-content\/uploads\/2026\/03\/img_0544.png 606w\" sizes=\"auto, (max-width: 300px) 100vw, 300px\" \/><\/figure>\n<\/div>\n\n\n<p class=\"c2\"><strong>UN HOMENAJE MUSICAL A COLOMBIA A TRAV\u00c9S DEL RITMO, LA SENSUALIDAD Y LA IDENTIDAD CARIBE\u00d1A.<\/strong><\/p>\n\n\n\n<p class=\"c8\">El artista nominado al Latin Grammy y certificado multiplatino Manuel Turizo presenta su nuevo sencillo \u201cApambichao\u201d, junto a Maluma, ganador del Latin Grammy e \u00edcono global de la m\u00fasica. Una propuesta musical que celebra la esencia del Caribe colombiano a trav\u00e9s de un sonido profundamente conectado con la tradici\u00f3n y la evoluci\u00f3n de la m\u00fasica latina contempor\u00e1nea.<\/p>\n\n\n\n<p class=\"c3\">Lanzada bajo el sello discogr\u00e1fico La Industria INC, \u201cApambichao\u201d toma su nombre de una variante m\u00e1s lenta y cadenciosa del merengue dominicano conocida como pambiche, caracterizada por un ritmo \u00edntimo y envolvente que se baila muy cerca, evocando conexi\u00f3n, complicidad y romanticismo.<\/p>\n\n\n\n<p class=\"c3\">La producci\u00f3n, a cargo de CASTA, logra un equilibrio natural entre tradici\u00f3n caribe\u00f1a y modernidad sonora, permitiendo que las voces de Turizo y Maluma se complementen con precisi\u00f3n.<\/p>\n\n\n\n<p class=\"c3\">M\u00e1s que una canci\u00f3n, \u201cApambichao\u201d funciona como un retrato cultural. El video musical transforma a Colombia en el coraz\u00f3n visual del proyecto, recorriendo sus calles, su gente y sus colores para capturar la energ\u00eda cotidiana que define al pa\u00eds. La cultura, el movimiento y la esencia urbana convierten cada escena en una celebraci\u00f3n viva de Colombia, interpretada por dos de sus exponentes m\u00e1s influyentes en la m\u00fasica en espa\u00f1ol.<\/p>\n\n\n\n<p class=\"c3\">Con este lanzamiento, Manuel Turizo contin\u00faa consolidando una evoluci\u00f3n art\u00edstica que apuesta por sonidos con identidad y proyecci\u00f3n internacional, reafirmando su posici\u00f3n dentro de la nueva generaci\u00f3n de artistas globales que expanden los l\u00edmites del pop latino sin perder conexi\u00f3n con sus ra\u00edces.<\/p>\n\n\n\n<p class=\"c3\">\u201cApambichao\u201d ya se encuentra disponible en todas las &nbsp;plataformas digitales junto a su video oficial.<\/p>\n","protected":false},"excerpt":{"rendered":"<p>UN HOMENAJE MUSICAL A COLOMBIA A TRAV\u00c9S DEL RITMO, LA SENSUALIDAD Y LA IDENTIDAD CARIBE\u00d1A.<\/p>\n","protected":false},"author":5,"featured_media":19886,"comment_status":"closed","ping_status":"","sticky":false,"template":"","format":"standard","meta":{"om_disable_all_campaigns":false,"_uf_show_specific_survey":0,"_uf_disable_surveys":false,"footnotes":""},"categories":[4],"tags":[],"class_list":["post-19887","post","type-post","status-publish","format-standard","has-post-thumbnail","hentry","category-musica"],"_links":{"self":[{"href":"https:\/\/entrenotasyacordes.com\/index.php?rest_route=\/wp\/v2\/posts\/19887","targetHints":{"allow":["GET"]}}],"collection":[{"href":"https:\/\/entrenotasyacordes.com\/index.php?rest_route=\/wp\/v2\/posts"}],"about":[{"href":"https:\/\/entrenotasyacordes.com\/index.php?rest_route=\/wp\/v2\/types\/post"}],"author":[{"embeddable":true,"href":"https:\/\/entrenotasyacordes.com\/index.php?rest_route=\/wp\/v2\/users\/5"}],"replies":[{"embeddable":true,"href":"https:\/\/entrenotasyacordes.com\/index.php?rest_route=%2Fwp%2Fv2%2Fcomments&post=19887"}],"version-history":[{"count":1,"href":"https:\/\/entrenotasyacordes.com\/index.php?rest_route=\/wp\/v2\/posts\/19887\/revisions"}],"predecessor-version":[{"id":19888,"href":"https:\/\/entrenotasyacordes.com\/index.php?rest_route=\/wp\/v2\/posts\/19887\/revisions\/19888"}],"wp:featuredmedia":[{"embeddable":true,"href":"https:\/\/entrenotasyacordes.com\/index.php?rest_route=\/wp\/v2\/media\/19886"}],"wp:attachment":[{"href":"https:\/\/entrenotasyacordes.com\/index.php?rest_route=%2Fwp%2Fv2%2Fmedia&parent=19887"}],"wp:term":[{"taxonomy":"category","embeddable":true,"href":"https:\/\/entrenotasyacordes.com\/index.php?rest_route=%2Fwp%2Fv2%2Fcategories&post=19887"},{"taxonomy":"post_tag","embeddable":true,"href":"https:\/\/entrenotasyacordes.com\/index.php?rest_route=%2Fwp%2Fv2%2Ftags&post=19887"}],"curies":[{"name":"wp","href":"https:\/\/api.w.org\/{rel}","templated":true}]}}