{"id":19891,"date":"2026-03-08T10:20:55","date_gmt":"2026-03-08T10:20:55","guid":{"rendered":"https:\/\/entrenotasyacordes.com\/?p=19891"},"modified":"2026-03-08T10:20:55","modified_gmt":"2026-03-08T10:20:55","slug":"draco-rosa-estrena-montserrat-primer-sencillo-de-su-proximo-album-olas-de-luz","status":"publish","type":"post","link":"https:\/\/entrenotasyacordes.com\/?p=19891","title":{"rendered":"Draco Rosa estrena \u201cMontserrat\u201d, primer sencillo de su pr\u00f3ximo \u00e1lbum \u2018Olas de Luz\u2019"},"content":{"rendered":"<div class=\"wp-block-image\">\n<figure class=\"aligncenter size-large\"><img loading=\"lazy\" decoding=\"async\" width=\"300\" height=\"300\" src=\"https:\/\/entrenotasyacordes.com\/wp-content\/uploads\/2026\/03\/img_0545-300x300.jpg\" class=\"wp-image-19889\" srcset=\"https:\/\/entrenotasyacordes.com\/wp-content\/uploads\/2026\/03\/img_0545-300x300.jpg 300w, https:\/\/entrenotasyacordes.com\/wp-content\/uploads\/2026\/03\/img_0545-150x150.jpg 150w, https:\/\/entrenotasyacordes.com\/wp-content\/uploads\/2026\/03\/img_0545-50x50.jpg 50w, https:\/\/entrenotasyacordes.com\/wp-content\/uploads\/2026\/03\/img_0545.jpg 600w\" sizes=\"auto, (max-width: 300px) 100vw, 300px\" \/><\/figure>\n<\/div>\n\n\n<p class=\"default\" id=\"isPasted\">El cantautor Draco Rosa, ganador de varios GRAMMY\u00ae &amp; LATIN GRAMMY\u00ae , estrena \u201cMontserrat\u201d, el primer sencillo y video de su nuevo \u00e1lbum, Olas de Luz. &nbsp;<\/p>\n\n\n\n<p class=\"default\"><em>\u201cNacido del caos y el pulso crudo de la vida\u201d,<\/em>&nbsp;<strong>\u201cMontserrat\u201d<\/strong>&nbsp;abre el ciclo de lo que ser\u00e1 la nueva producci\u00f3n discogr\u00e1fica del artista. \u201cMontserrat\u201d no es solo una canci\u00f3n; es una experiencia. &nbsp;Esta pista te lleva a un recorrido por el amor que desaf\u00eda el tiempo y el espacio, con letras que pintan im\u00e1genes v\u00edvidas de paisajes impresionantes, recuerdos compartidos y conexiones fat\u00eddicas. Un romance similar al de Dr\u00e1cula, pero con una narrativa tan atemporal, ambientada en un hermoso tel\u00f3n de fondo que es perfecto para esos paseos nocturnos o conversaciones profundas entre amigos.<\/p>\n\n\n\n<p class=\"default\"><em>\u201cTras 43 a\u00f1os creando melod\u00edas, este viaje captura la semblanza de un amor eterno\u2026 un disipador de la oscuridad\u201d,<\/em>&nbsp;comenta&nbsp;<strong>Draco Rosa.<\/strong><\/p>\n\n\n\n<figure class=\"wp-block-embed\"><div class=\"wp-block-embed__wrapper\">\n<div class=\"epyt-video-wrapper\"><iframe loading=\"lazy\"  id=\"_ytid_84749\"  width=\"640\" height=\"360\"  data-origwidth=\"640\" data-origheight=\"360\" src=\"https:\/\/www.youtube.com\/embed\/aSaNebwsre0?enablejsapi=1&#038;autoplay=0&#038;cc_load_policy=0&#038;cc_lang_pref=&#038;iv_load_policy=1&#038;loop=0&#038;rel=1&#038;fs=1&#038;playsinline=0&#038;autohide=2&#038;theme=dark&#038;color=white&#038;controls=1&#038;\" class=\"__youtube_prefs__  epyt-is-override  no-lazyload\" data-vol=\"50\"  title=\"YouTube player\"  allow=\"fullscreen; accelerometer; autoplay; clipboard-write; encrypted-media; gyroscope; picture-in-picture; web-share\" referrerpolicy=\"strict-origin-when-cross-origin\" allowfullscreen data-no-lazy=\"1\" data-skipgform_ajax_framebjll=\"\"><\/iframe><\/div>\n<\/div><\/figure>\n\n\n\n<p>El sencillo cuenta con la participaci\u00f3n de su legendaria banda y el sonido \u00fanico de Phantom Vox. El video fue grabado en el Gallery Inn en Viejo San Juan, Puerto Rico, en el mismo cuarto &nbsp;donde parte de la grabaci\u00f3n y producci\u00f3n del \u00e1lbum fue creado. La direcci\u00f3n del video estuvo a cargo de Redamo Rosa, quien captura la atm\u00f3sfera \u00edntima y cinematogr\u00e1fica que define esta pieza sonora, resaltando as\u00ed la conexi\u00f3n especial entre el lugar y la m\u00fasica.<\/p>\n\n\n<div class=\"wp-block-image\">\n<figure class=\"aligncenter size-large\"><img loading=\"lazy\" decoding=\"async\" width=\"200\" height=\"300\" src=\"https:\/\/entrenotasyacordes.com\/wp-content\/uploads\/2026\/03\/img_0546-200x300.jpg\" class=\"wp-image-19890\" srcset=\"https:\/\/entrenotasyacordes.com\/wp-content\/uploads\/2026\/03\/img_0546-200x300.jpg 200w, https:\/\/entrenotasyacordes.com\/wp-content\/uploads\/2026\/03\/img_0546.jpg 600w\" sizes=\"auto, (max-width: 200px) 100vw, 200px\" \/><figcaption class=\"wp-element-caption\">Credito&nbsp;@oveck<\/figcaption><\/figure>\n<\/div>\n\n\n<p>Con el \u00e1lbum&nbsp;<strong>\u201cOlas de Luz\u201d<\/strong>,&nbsp;<strong>Draco Rosa<\/strong>&nbsp;te invita a unirte a un movimiento que celebra la vida cruda y la m\u00fasica hecha a mano. &nbsp;Promete ser una joya musical para todos aquellos que anhelan autenticidad en la m\u00fasica, destinado a ser una obra especial para los amantes de la m\u00fasica y coleccionistas de todo el mundo. As\u00ed que con\u00e9ctate, vibra y deja que \u201cMontserrat\u201d te lleve en un viaje que no olvidar\u00e1s.&nbsp;<\/p>\n\n\n\n<p class=\"default\">El \u00e1lbum completo se estrenar\u00e1 el 24 de abril de 2026 y ya se puede pre-ordenar en formato vinilo (Edici\u00f3n Limitada en 180 gramos) y pre-guardar en todas las plataformas digitales. &nbsp;<\/p>\n","protected":false},"excerpt":{"rendered":"<p>El cantautor Draco Rosa, ganador de varios GRAMMY\u00ae &amp; LATIN GRAMMY\u00ae , estrena \u201cMontserrat\u201d, el<\/p>\n","protected":false},"author":5,"featured_media":19889,"comment_status":"closed","ping_status":"","sticky":false,"template":"","format":"standard","meta":{"om_disable_all_campaigns":false,"_uf_show_specific_survey":0,"_uf_disable_surveys":false,"footnotes":""},"categories":[4],"tags":[],"class_list":["post-19891","post","type-post","status-publish","format-standard","has-post-thumbnail","hentry","category-musica"],"_links":{"self":[{"href":"https:\/\/entrenotasyacordes.com\/index.php?rest_route=\/wp\/v2\/posts\/19891","targetHints":{"allow":["GET"]}}],"collection":[{"href":"https:\/\/entrenotasyacordes.com\/index.php?rest_route=\/wp\/v2\/posts"}],"about":[{"href":"https:\/\/entrenotasyacordes.com\/index.php?rest_route=\/wp\/v2\/types\/post"}],"author":[{"embeddable":true,"href":"https:\/\/entrenotasyacordes.com\/index.php?rest_route=\/wp\/v2\/users\/5"}],"replies":[{"embeddable":true,"href":"https:\/\/entrenotasyacordes.com\/index.php?rest_route=%2Fwp%2Fv2%2Fcomments&post=19891"}],"version-history":[{"count":1,"href":"https:\/\/entrenotasyacordes.com\/index.php?rest_route=\/wp\/v2\/posts\/19891\/revisions"}],"predecessor-version":[{"id":19892,"href":"https:\/\/entrenotasyacordes.com\/index.php?rest_route=\/wp\/v2\/posts\/19891\/revisions\/19892"}],"wp:featuredmedia":[{"embeddable":true,"href":"https:\/\/entrenotasyacordes.com\/index.php?rest_route=\/wp\/v2\/media\/19889"}],"wp:attachment":[{"href":"https:\/\/entrenotasyacordes.com\/index.php?rest_route=%2Fwp%2Fv2%2Fmedia&parent=19891"}],"wp:term":[{"taxonomy":"category","embeddable":true,"href":"https:\/\/entrenotasyacordes.com\/index.php?rest_route=%2Fwp%2Fv2%2Fcategories&post=19891"},{"taxonomy":"post_tag","embeddable":true,"href":"https:\/\/entrenotasyacordes.com\/index.php?rest_route=%2Fwp%2Fv2%2Ftags&post=19891"}],"curies":[{"name":"wp","href":"https:\/\/api.w.org\/{rel}","templated":true}]}}