{"id":19894,"date":"2026-03-08T10:26:04","date_gmt":"2026-03-08T10:26:04","guid":{"rendered":"https:\/\/entrenotasyacordes.com\/?p=19894"},"modified":"2026-03-08T10:26:04","modified_gmt":"2026-03-08T10:26:04","slug":"carlos-vives-emilia-wisin-y-xavi-presentan-somos-mas-un-himno-que-celebra-la-unidad-latina-rumbo-a-la-copa-mundial-de-la-fifa-2026","status":"publish","type":"post","link":"https:\/\/entrenotasyacordes.com\/?p=19894","title":{"rendered":"CARLOS VIVES, EMILIA, WISIN Y XAVI presentan \u2018SOMOS M\u00c1S\u2019 un himno que celebra la unidad latina rumbo a la Copa Mundial de la FIFA 2026\u2122"},"content":{"rendered":"<div class=\"wp-block-image\">\n<figure class=\"aligncenter size-large\"><img loading=\"lazy\" decoding=\"async\" width=\"300\" height=\"300\" src=\"https:\/\/entrenotasyacordes.com\/wp-content\/uploads\/2026\/03\/img_0547-300x300.png\" class=\"wp-image-19893\" srcset=\"https:\/\/entrenotasyacordes.com\/wp-content\/uploads\/2026\/03\/img_0547-300x300.png 300w, https:\/\/entrenotasyacordes.com\/wp-content\/uploads\/2026\/03\/img_0547-150x150.png 150w, https:\/\/entrenotasyacordes.com\/wp-content\/uploads\/2026\/03\/img_0547-50x50.png 50w, https:\/\/entrenotasyacordes.com\/wp-content\/uploads\/2026\/03\/img_0547.png 625w\" sizes=\"auto, (max-width: 300px) 100vw, 300px\" \/><\/figure>\n<\/div>\n\n\n<p>Cuatro generaciones, cuatro estilos y una misma pasi\u00f3n se unen en&nbsp;<strong>\u2018Somos M\u00e1s<\/strong>\u2019, el himno oficial de la cobertura de&nbsp;<strong>Telemundo de la Copa Mundial de la FIFA 2026<\/strong>\u2122 en espa\u00f1ol en Estados Unidos y Puerto Rico.&nbsp;<strong>Carlos Vives<\/strong>,&nbsp;<strong>Emilia<\/strong>,&nbsp;<strong>Wisin<\/strong>&nbsp;y&nbsp;<strong>Xavi<\/strong>&nbsp;presentan una colaboraci\u00f3n hist\u00f3rica que convierte la emoci\u00f3n del f\u00fatbol en un mensaje de identidad, orgullo y celebraci\u00f3n cultural.<\/p>\n\n\n\n<p><strong>\u2018Somos M\u00e1s\u2019<\/strong>&nbsp;naci\u00f3 con la idea de representar a las comunidades latinas que viven el f\u00fatbol como una tradici\u00f3n que une familias, pa\u00edses y generaciones. La canci\u00f3n combina la energ\u00eda inconfundible de&nbsp;<strong>Wisin<\/strong>, el sello tropical de&nbsp;<strong>Carlos Vives<\/strong>, la frescura pop de&nbsp;<strong>Emilia<\/strong>&nbsp;y el sonido contempor\u00e1neo de&nbsp;<strong>Xavi<\/strong>, creando un tema vibrante que conecta con audiencias dentro y fuera del estadio.<\/p>\n\n\n\n<p><em>\u201cNos propusimos crear una canci\u00f3n que realmente nos representara a todos\u201d<\/em>, expres\u00f3&nbsp;<strong>Carlos Vives<\/strong>&nbsp;al describir la intenci\u00f3n del proyecto. Para el artista colombiano, esta uni\u00f3n simboliza las ra\u00edces compartidas y la fuerza cultural que caracteriza al mundo latino.<\/p>\n\n\n\n<p>Para<strong>&nbsp;Emilia<\/strong>,&nbsp;<em>\u201ceste proyecto representa un sue\u00f1o hecho realidad\u201d<\/em>. La artista argentina expres\u00f3 su orgullo de representar a la comunidad latina y colaborar con voces tan inspiradoras en una canci\u00f3n que celebra pasi\u00f3n, cultura y unidad.<\/p>\n\n\n\n<p>Desde Puerto Rico,&nbsp;<strong>Wisin<\/strong>&nbsp;enfatiz\u00f3 el poder del mensaje.<em>&nbsp;\u201cEsta canci\u00f3n es m\u00e1s que m\u00fasica: es un mensaje que cruza fronteras\u201d,<\/em>&nbsp;se\u00f1al\u00f3, resaltando que la unidad y el respeto son el verdadero v\u00ednculo entre culturas.<\/p>\n\n\n\n<p>Representando a M\u00e9xico y a los latinos,&nbsp;<strong>Xavi<\/strong>&nbsp;explica que el proyecto simboliza la conexi\u00f3n natural entre dos lenguajes universales:&nbsp;<em>\u201cEste proyecto es especial porque une la m\u00fasica y el deporte\u201d.<\/em><\/p>\n\n\n\n<p><strong>\u2018Somos M\u00e1s\u2019<\/strong>&nbsp;tuvo su estreno en vivo durante los&nbsp;<strong>Premios Billboard de la M\u00fasica Latina 2025,&nbsp;<\/strong>donde su energ\u00eda contagiosa marc\u00f3 el inicio de su recorrido como banda sonora oficial del torneo. El sencillo ya se encuentra disponible en todas las principales plataformas digitales.<\/p>\n\n\n\n<p><strong>La Copa Mundial de la FIFA 2026\u2122<\/strong>&nbsp;ser\u00e1 la edici\u00f3n m\u00e1s grande en la historia del torneo, con 104 partidos transmitidos en vivo en Estados Unidos y Puerto Rico&nbsp;en espa\u00f1ol por Telemundo y Universo. En ese contexto, \u2018Somos M\u00e1s\u2019 no solo acompa\u00f1a la cobertura deportiva, sino que se convierte en un s\u00edmbolo musical del momento hist\u00f3rico que vivir\u00e1 el f\u00fatbol y la comunidad latina.<\/p>\n\n\n\n<p>Con esta colaboraci\u00f3n,&nbsp;<strong>Carlos Vives<\/strong>,&nbsp;<strong>Emilia<\/strong>,&nbsp;<strong>Wisin<\/strong>&nbsp;y&nbsp;<strong>Xavi<\/strong>&nbsp;celebran el poder de la m\u00fasica como punto de encuentro. M\u00e1s que un himno deportivo,&nbsp;<strong>\u2018Somos M\u00e1s\u2019<\/strong>&nbsp;es una declaraci\u00f3n colectiva: cuando se unen las voces, la cultura y la pasi\u00f3n, siempre somos m\u00e1s.<\/p>\n","protected":false},"excerpt":{"rendered":"<p>Cuatro generaciones, cuatro estilos y una misma pasi\u00f3n se unen en&nbsp;\u2018Somos M\u00e1s\u2019, el himno oficial<\/p>\n","protected":false},"author":5,"featured_media":19893,"comment_status":"closed","ping_status":"","sticky":false,"template":"","format":"standard","meta":{"om_disable_all_campaigns":false,"_uf_show_specific_survey":0,"_uf_disable_surveys":false,"footnotes":""},"categories":[4],"tags":[],"class_list":["post-19894","post","type-post","status-publish","format-standard","has-post-thumbnail","hentry","category-musica"],"_links":{"self":[{"href":"https:\/\/entrenotasyacordes.com\/index.php?rest_route=\/wp\/v2\/posts\/19894","targetHints":{"allow":["GET"]}}],"collection":[{"href":"https:\/\/entrenotasyacordes.com\/index.php?rest_route=\/wp\/v2\/posts"}],"about":[{"href":"https:\/\/entrenotasyacordes.com\/index.php?rest_route=\/wp\/v2\/types\/post"}],"author":[{"embeddable":true,"href":"https:\/\/entrenotasyacordes.com\/index.php?rest_route=\/wp\/v2\/users\/5"}],"replies":[{"embeddable":true,"href":"https:\/\/entrenotasyacordes.com\/index.php?rest_route=%2Fwp%2Fv2%2Fcomments&post=19894"}],"version-history":[{"count":1,"href":"https:\/\/entrenotasyacordes.com\/index.php?rest_route=\/wp\/v2\/posts\/19894\/revisions"}],"predecessor-version":[{"id":19895,"href":"https:\/\/entrenotasyacordes.com\/index.php?rest_route=\/wp\/v2\/posts\/19894\/revisions\/19895"}],"wp:featuredmedia":[{"embeddable":true,"href":"https:\/\/entrenotasyacordes.com\/index.php?rest_route=\/wp\/v2\/media\/19893"}],"wp:attachment":[{"href":"https:\/\/entrenotasyacordes.com\/index.php?rest_route=%2Fwp%2Fv2%2Fmedia&parent=19894"}],"wp:term":[{"taxonomy":"category","embeddable":true,"href":"https:\/\/entrenotasyacordes.com\/index.php?rest_route=%2Fwp%2Fv2%2Fcategories&post=19894"},{"taxonomy":"post_tag","embeddable":true,"href":"https:\/\/entrenotasyacordes.com\/index.php?rest_route=%2Fwp%2Fv2%2Ftags&post=19894"}],"curies":[{"name":"wp","href":"https:\/\/api.w.org\/{rel}","templated":true}]}}