{"id":19899,"date":"2026-03-08T10:29:01","date_gmt":"2026-03-08T10:29:01","guid":{"rendered":"https:\/\/entrenotasyacordes.com\/?p=19899"},"modified":"2026-03-08T10:29:01","modified_gmt":"2026-03-08T10:29:01","slug":"turf-se-presenta-en-el-teatro-opera-la-plata","status":"publish","type":"post","link":"https:\/\/entrenotasyacordes.com\/?p=19899","title":{"rendered":"TURF SE PRESENTA EN EL TEATRO \u00d3PERA LA PLATA"},"content":{"rendered":"<div class=\"wp-block-image\">\n<figure class=\"aligncenter size-large\"><img loading=\"lazy\" decoding=\"async\" width=\"768\" height=\"1024\" src=\"https:\/\/entrenotasyacordes.com\/wp-content\/uploads\/2026\/03\/img_0548-768x1024.png\" class=\"wp-image-19896\" srcset=\"https:\/\/entrenotasyacordes.com\/wp-content\/uploads\/2026\/03\/img_0548-768x1024.png 768w, https:\/\/entrenotasyacordes.com\/wp-content\/uploads\/2026\/03\/img_0548-225x300.png 225w, https:\/\/entrenotasyacordes.com\/wp-content\/uploads\/2026\/03\/img_0548-1024x1365.png 1024w, https:\/\/entrenotasyacordes.com\/wp-content\/uploads\/2026\/03\/img_0548.png 1080w\" sizes=\"auto, (max-width: 768px) 100vw, 768px\" \/><\/figure>\n<\/div>\n\n\n<p>La banda atraviesa un presente deslumbrante. Con m\u00e1s de dos d\u00e9cadas de trayectoria, sigue reinvent\u00e1ndose y conquistando nuevas audiencias sin perder la esencia que los convirti\u00f3 en \u00edconos del rock argentino.<\/p>\n\n\n\n<p>El Cosqu\u00edn Rock fue el primer escenario al que se subi\u00f3 TURF en este 2026, donde la banda convirti\u00f3 la noche en una postal dif\u00edcil de olvidar. Desde el inicio qued\u00f3 claro que no ser\u00eda un show convencional: en las pantallas se vi\u00f3 la llegada de una ambulancia y, de ella, bajaron en camilla a Joaqu\u00edn, que fue trasladado por enfermeras&nbsp; hasta el escenario. Con esa imagen como punto de partida y una gran ovaci\u00f3n, Turf dio comienzo a su show.<\/p>\n\n\n\n<p>Los shows de TURF tienen una identidad muy marcada, sostenida por la presencia de una banda consolidada y un showman con fuerte presencia esc\u00e9nica que logra generar momentos inolvidables en cada presentaci\u00f3n.<\/p>\n\n\n\n<p>En el mes de<strong>&nbsp;marzo<\/strong>,<strong>&nbsp;Turf<\/strong>, llega al&nbsp;<strong>\u00d3pera La Plata&nbsp;<\/strong>para dar su show el&nbsp;<strong>s\u00e1bado 14<\/strong>, 20hs.<\/p>\n\n\n\n<p>Entradas a la venta por sistema&nbsp;<a href=\"https:\/\/livepass.com.ar\/events\/turf-en-el-teatro-opera-la-plata-73-anos-aniversario?utm_source=perfit&amp;utm_medium=email\" rel=\"noreferrer noopener\" target=\"_blank\">Livepass<\/a>&nbsp;y boleter\u00eda del teatro.<\/p>\n\n\n\n<p>Comprando con tarjetas del Banco Provincia tenes 4 cuotas sin interes<\/p>\n\n\n<div class=\"wp-block-image\">\n<figure class=\"aligncenter size-large\"><img loading=\"lazy\" decoding=\"async\" width=\"1024\" height=\"683\" src=\"https:\/\/entrenotasyacordes.com\/wp-content\/uploads\/2026\/03\/img_0549-1024x683.jpg\" class=\"wp-image-19897\" srcset=\"https:\/\/entrenotasyacordes.com\/wp-content\/uploads\/2026\/03\/img_0549-1024x683.jpg 1024w, https:\/\/entrenotasyacordes.com\/wp-content\/uploads\/2026\/03\/img_0549-300x200.jpg 300w, https:\/\/entrenotasyacordes.com\/wp-content\/uploads\/2026\/03\/img_0549-768x512.jpg 768w, https:\/\/entrenotasyacordes.com\/wp-content\/uploads\/2026\/03\/img_0549.jpg 1350w\" sizes=\"auto, (max-width: 1024px) 100vw, 1024px\" \/><\/figure>\n<\/div>\n\n\n<p>Su m\u00e1s reciente trabajo discogr\u00e1fico, \u201cPolvo de Estrellas\u201d, es una ambiciosa propuesta sonora y audiovisual que reafirma su lugar de privilegio en la escena musical actual. Se trata de un \u00e1lbum-concepto que reversiona los grandes cl\u00e1sicos del grupo con una mirada fresca, contempor\u00e1nea y colaborativa. Cada canci\u00f3n fue interpretada junto a grandes artistas de distintas generaciones y estilos, en un formato que simula un show televisivo conducido por el propio Joaqu\u00edn Levinton. La direcci\u00f3n audiovisual est\u00e1 a cargo de Gonzalo Llamas Sebesta.&nbsp;<\/p>\n\n\n\n<p>Invitados de lujo como Lali, Milo J, Miranda!, Conociendo Rusia, Santiago Motorizado, Fito P\u00e1ez, Vicentico, Luck Ra, La Delio Valdez y Yami Safdie, se sumaron al proyecto, que ya es considerado uno de los lanzamientos m\u00e1s importantes del a\u00f1o.<\/p>\n\n\n<div class=\"wp-block-image\">\n<figure class=\"aligncenter size-large\"><img loading=\"lazy\" decoding=\"async\" width=\"1024\" height=\"682\" src=\"https:\/\/entrenotasyacordes.com\/wp-content\/uploads\/2026\/03\/img_0550-1024x682.jpg\" class=\"wp-image-19898\" srcset=\"https:\/\/entrenotasyacordes.com\/wp-content\/uploads\/2026\/03\/img_0550-1024x682.jpg 1024w, https:\/\/entrenotasyacordes.com\/wp-content\/uploads\/2026\/03\/img_0550-300x200.jpg 300w, https:\/\/entrenotasyacordes.com\/wp-content\/uploads\/2026\/03\/img_0550-768x512.jpg 768w, https:\/\/entrenotasyacordes.com\/wp-content\/uploads\/2026\/03\/img_0550-1536x1024.jpg 1536w, https:\/\/entrenotasyacordes.com\/wp-content\/uploads\/2026\/03\/img_0550.jpg 2000w\" sizes=\"auto, (max-width: 1024px) 100vw, 1024px\" \/><\/figure>\n<\/div>\n\n\n<p>Con una propuesta que combina lo mejor del repertorio cl\u00e1sico de la banda con nuevas versiones e interpretaciones inolvidables, \u201cPolvo de Estrellas\u201d es tanto una celebraci\u00f3n de su legado como una declaraci\u00f3n de vigencia.<\/p>\n\n\n\n<p>El \u00e1lbum incluye interpretaciones de himnos como \u201cPasos al Costado\u201d (con Milo J), \u201cLoco un Poco\u201d (con Lali), \u201cMagia Blanca\u201d (con Conociendo Rusia), y una colaboraci\u00f3n hist\u00f3rica con Fito P\u00e1ez en \u201cContacto\u201d, entre otras.<\/p>\n\n\n\n<p>Con una formaci\u00f3n s\u00f3lida, un show en vivo energ\u00e9tico y una propuesta art\u00edstica que mezcla humor, iron\u00eda, potencia y elegancia pop, TURF sigue siendo una de las bandas m\u00e1s convocantes y queridas del pa\u00eds.<\/p>\n\n\n\n<p>Este nuevo ciclo encuentra a la banda recorriendo escenarios de todo el pa\u00eds con una puesta renovada y un show que es un verdadero viaje musical por su historia, sus \u00e9xitos y su presente creativo.<\/p>\n","protected":false},"excerpt":{"rendered":"<p>La banda atraviesa un presente deslumbrante. Con m\u00e1s de dos d\u00e9cadas de trayectoria, sigue reinvent\u00e1ndose<\/p>\n","protected":false},"author":5,"featured_media":19896,"comment_status":"closed","ping_status":"","sticky":false,"template":"","format":"standard","meta":{"om_disable_all_campaigns":false,"_uf_show_specific_survey":0,"_uf_disable_surveys":false,"footnotes":""},"categories":[36],"tags":[],"class_list":["post-19899","post","type-post","status-publish","format-standard","has-post-thumbnail","hentry","category-conciertos"],"_links":{"self":[{"href":"https:\/\/entrenotasyacordes.com\/index.php?rest_route=\/wp\/v2\/posts\/19899","targetHints":{"allow":["GET"]}}],"collection":[{"href":"https:\/\/entrenotasyacordes.com\/index.php?rest_route=\/wp\/v2\/posts"}],"about":[{"href":"https:\/\/entrenotasyacordes.com\/index.php?rest_route=\/wp\/v2\/types\/post"}],"author":[{"embeddable":true,"href":"https:\/\/entrenotasyacordes.com\/index.php?rest_route=\/wp\/v2\/users\/5"}],"replies":[{"embeddable":true,"href":"https:\/\/entrenotasyacordes.com\/index.php?rest_route=%2Fwp%2Fv2%2Fcomments&post=19899"}],"version-history":[{"count":1,"href":"https:\/\/entrenotasyacordes.com\/index.php?rest_route=\/wp\/v2\/posts\/19899\/revisions"}],"predecessor-version":[{"id":19900,"href":"https:\/\/entrenotasyacordes.com\/index.php?rest_route=\/wp\/v2\/posts\/19899\/revisions\/19900"}],"wp:featuredmedia":[{"embeddable":true,"href":"https:\/\/entrenotasyacordes.com\/index.php?rest_route=\/wp\/v2\/media\/19896"}],"wp:attachment":[{"href":"https:\/\/entrenotasyacordes.com\/index.php?rest_route=%2Fwp%2Fv2%2Fmedia&parent=19899"}],"wp:term":[{"taxonomy":"category","embeddable":true,"href":"https:\/\/entrenotasyacordes.com\/index.php?rest_route=%2Fwp%2Fv2%2Fcategories&post=19899"},{"taxonomy":"post_tag","embeddable":true,"href":"https:\/\/entrenotasyacordes.com\/index.php?rest_route=%2Fwp%2Fv2%2Ftags&post=19899"}],"curies":[{"name":"wp","href":"https:\/\/api.w.org\/{rel}","templated":true}]}}