{"id":19906,"date":"2026-03-08T10:39:43","date_gmt":"2026-03-08T10:39:43","guid":{"rendered":"https:\/\/entrenotasyacordes.com\/?p=19906"},"modified":"2026-03-08T10:39:43","modified_gmt":"2026-03-08T10:39:43","slug":"nonpalidece-corona-un-verano-de-ruta-y-reggae-con-un-gran-cierre-en-buenos-aires-el-27-de-marzo-en-el-patio-del-konex","status":"publish","type":"post","link":"https:\/\/entrenotasyacordes.com\/?p=19906","title":{"rendered":"NONPALIDECE CORONA UN VERANO DE RUTA Y REGGAE CON UN GRAN CIERRE EN BUENOS AIRES EL 27 DE MARZO EN EL PATIO DEL KONEX"},"content":{"rendered":"<div class=\"wp-block-image\">\n<figure class=\"aligncenter size-large\"><img loading=\"lazy\" decoding=\"async\" width=\"1024\" height=\"682\" src=\"https:\/\/entrenotasyacordes.com\/wp-content\/uploads\/2026\/03\/img_0552-1024x682.jpg\" class=\"wp-image-19904\" srcset=\"https:\/\/entrenotasyacordes.com\/wp-content\/uploads\/2026\/03\/img_0552-1024x682.jpg 1024w, https:\/\/entrenotasyacordes.com\/wp-content\/uploads\/2026\/03\/img_0552-300x200.jpg 300w, https:\/\/entrenotasyacordes.com\/wp-content\/uploads\/2026\/03\/img_0552-768x512.jpg 768w, https:\/\/entrenotasyacordes.com\/wp-content\/uploads\/2026\/03\/img_0552-1536x1024.jpg 1536w, https:\/\/entrenotasyacordes.com\/wp-content\/uploads\/2026\/03\/img_0552.jpg 2000w\" sizes=\"auto, (max-width: 1024px) 100vw, 1024px\" \/><\/figure>\n<\/div>\n\n\n<p>El verano 2026 encontr\u00f3 a&nbsp;<strong>Nonpalidece&nbsp;<\/strong>recorriendo distintos escenarios del pa\u00eds y reafirmando su conexi\u00f3n con el p\u00fablico en cada presentaci\u00f3n. Las fechas realizadas en El Bols\u00f3n, Monte Hermoso, Mar del Plata, Col\u00f3n, C\u00f3rdoba &nbsp;y m\u00e1s marcaron una temporada de gran convocatoria y consolidaron el gran presente que atraviesa el grupo.<\/p>\n\n\n\n<p>A lo largo de estos meses, la banda despleg\u00f3 un repertorio que combin\u00f3 cl\u00e1sicos infaltables con la potencia de su presente en vivo, convirtiendo cada fecha en una celebraci\u00f3n colectiva. Lejos de repetirse, cada show tuvo su identidad, confirmando un gran momento art\u00edstico y una convocatoria sostenida.<\/p>\n\n\n\n<p>Ese recorrido tendr\u00e1 su gran cierre el<strong>&nbsp;27 de marzo en el CC Konex<\/strong>, en Buenos Aires. Al aire libre,&nbsp;<strong>Nonpalidece&nbsp;<\/strong>despedir\u00e1 una temporada que dej\u00f3 huella y que consolid\u00f3 un gran momento art\u00edstico.<\/p>\n\n\n<div class=\"wp-block-image\">\n<figure class=\"aligncenter size-large\"><img loading=\"lazy\" decoding=\"async\" width=\"819\" height=\"1024\" src=\"https:\/\/entrenotasyacordes.com\/wp-content\/uploads\/2026\/03\/flyer-nonpalidece-konex-27-de-marzo-2026-feed-819x1024.jpg\" class=\"wp-image-19905\" srcset=\"https:\/\/entrenotasyacordes.com\/wp-content\/uploads\/2026\/03\/flyer-nonpalidece-konex-27-de-marzo-2026-feed-819x1024.jpg 819w, https:\/\/entrenotasyacordes.com\/wp-content\/uploads\/2026\/03\/flyer-nonpalidece-konex-27-de-marzo-2026-feed-240x300.jpg 240w, https:\/\/entrenotasyacordes.com\/wp-content\/uploads\/2026\/03\/flyer-nonpalidece-konex-27-de-marzo-2026-feed-768x960.jpg 768w, https:\/\/entrenotasyacordes.com\/wp-content\/uploads\/2026\/03\/flyer-nonpalidece-konex-27-de-marzo-2026-feed-1024x1280.jpg 1024w, https:\/\/entrenotasyacordes.com\/wp-content\/uploads\/2026\/03\/flyer-nonpalidece-konex-27-de-marzo-2026-feed.jpg 1080w\" sizes=\"auto, (max-width: 819px) 100vw, 819px\" \/><\/figure>\n<\/div>\n\n\n<p>Con la energ\u00eda de un verano que no dio respiro,&nbsp;<strong>Nonpalidece&nbsp;<\/strong>encara las pr\u00f3ximas fechas decidido a seguir expandiendo su mensaje. El reggae vuelve a sonar fuerte en cada escenario y a convocar una comunidad que lo siente propio, reafirmando una idea que atraviesa a la banda desde sus inicios: el reggae es necesario.<\/p>\n\n\n\n<p><strong>Pr\u00f3ximos Shows:&nbsp;<\/strong><br \/><br \/>7 de marzo: Encuentro Club, San Justo, Argentina<br \/>20 de marzo: Bikini disco, Gualeguaych\u00fa, Entre R\u00edos, Argentina<br \/>27 de marzo: CC Konex, Buenos Aires, Argentina<\/p>\n\n\n\n<p>28 de marzo: \u00c1rea Costanera, Quilmes, Argentina<br>17 de abril: Montevideo Music Box, Montevideo, Uruguay<\/p>\n","protected":false},"excerpt":{"rendered":"<p>El verano 2026 encontr\u00f3 a&nbsp;Nonpalidece&nbsp;recorriendo distintos escenarios del pa\u00eds y reafirmando su conexi\u00f3n con el<\/p>\n","protected":false},"author":5,"featured_media":19905,"comment_status":"closed","ping_status":"","sticky":false,"template":"","format":"standard","meta":{"om_disable_all_campaigns":false,"_uf_show_specific_survey":0,"_uf_disable_surveys":false,"footnotes":""},"categories":[36],"tags":[],"class_list":["post-19906","post","type-post","status-publish","format-standard","has-post-thumbnail","hentry","category-conciertos"],"_links":{"self":[{"href":"https:\/\/entrenotasyacordes.com\/index.php?rest_route=\/wp\/v2\/posts\/19906","targetHints":{"allow":["GET"]}}],"collection":[{"href":"https:\/\/entrenotasyacordes.com\/index.php?rest_route=\/wp\/v2\/posts"}],"about":[{"href":"https:\/\/entrenotasyacordes.com\/index.php?rest_route=\/wp\/v2\/types\/post"}],"author":[{"embeddable":true,"href":"https:\/\/entrenotasyacordes.com\/index.php?rest_route=\/wp\/v2\/users\/5"}],"replies":[{"embeddable":true,"href":"https:\/\/entrenotasyacordes.com\/index.php?rest_route=%2Fwp%2Fv2%2Fcomments&post=19906"}],"version-history":[{"count":1,"href":"https:\/\/entrenotasyacordes.com\/index.php?rest_route=\/wp\/v2\/posts\/19906\/revisions"}],"predecessor-version":[{"id":19907,"href":"https:\/\/entrenotasyacordes.com\/index.php?rest_route=\/wp\/v2\/posts\/19906\/revisions\/19907"}],"wp:featuredmedia":[{"embeddable":true,"href":"https:\/\/entrenotasyacordes.com\/index.php?rest_route=\/wp\/v2\/media\/19905"}],"wp:attachment":[{"href":"https:\/\/entrenotasyacordes.com\/index.php?rest_route=%2Fwp%2Fv2%2Fmedia&parent=19906"}],"wp:term":[{"taxonomy":"category","embeddable":true,"href":"https:\/\/entrenotasyacordes.com\/index.php?rest_route=%2Fwp%2Fv2%2Fcategories&post=19906"},{"taxonomy":"post_tag","embeddable":true,"href":"https:\/\/entrenotasyacordes.com\/index.php?rest_route=%2Fwp%2Fv2%2Ftags&post=19906"}],"curies":[{"name":"wp","href":"https:\/\/api.w.org\/{rel}","templated":true}]}}