{"id":19914,"date":"2026-03-10T12:52:55","date_gmt":"2026-03-10T12:52:55","guid":{"rendered":"https:\/\/entrenotasyacordes.com\/?p=19914"},"modified":"2026-03-10T12:53:44","modified_gmt":"2026-03-10T12:53:44","slug":"alejandro-lerner-y-ricardo-montaner","status":"publish","type":"post","link":"https:\/\/entrenotasyacordes.com\/?p=19914","title":{"rendered":"ALEJANDRO LERNER Y RICARDO MONTANER"},"content":{"rendered":"\n<p><em>Mientras se prepara para su esperado concierto en el Teatro Gran Rex del pr\u00f3ximo 26 de abril, Alejandro Lerner particip\u00f3 como invitado especial en la \u00faltima presentaci\u00f3n de Ricardo Montaner en el Arena de Buenos Aires.<\/em><\/p>\n\n\n<div class=\"wp-block-image\">\n<figure class=\"aligncenter size-large\"><img loading=\"lazy\" decoding=\"async\" width=\"768\" height=\"1024\" src=\"https:\/\/entrenotasyacordes.com\/wp-content\/uploads\/2026\/03\/img_9489-768x1024.jpg\" alt=\"\" class=\"wp-image-19913\" srcset=\"https:\/\/entrenotasyacordes.com\/wp-content\/uploads\/2026\/03\/img_9489-768x1024.jpg 768w, https:\/\/entrenotasyacordes.com\/wp-content\/uploads\/2026\/03\/img_9489-225x300.jpg 225w, https:\/\/entrenotasyacordes.com\/wp-content\/uploads\/2026\/03\/img_9489-1152x1536.jpg 1152w, https:\/\/entrenotasyacordes.com\/wp-content\/uploads\/2026\/03\/img_9489-1024x1365.jpg 1024w, https:\/\/entrenotasyacordes.com\/wp-content\/uploads\/2026\/03\/img_9489.jpg 1500w\" sizes=\"auto, (max-width: 768px) 100vw, 768px\" \/><\/figure>\n<\/div>\n\n\n<p>Ante una ovaci\u00f3n del p\u00fablico, ambos artistas compartieron el escenario para interpretar \u201cTu piano y mi guitarra\u201d, generando uno de los momentos m\u00e1s emotivos de la noche y celebrando una vez m\u00e1s su amistad y complicidad musical que los une.<\/p>\n","protected":false},"excerpt":{"rendered":"<p>Mientras se prepara para su esperado concierto en el Teatro Gran Rex del pr\u00f3ximo 26<\/p>\n","protected":false},"author":5,"featured_media":19913,"comment_status":"closed","ping_status":"","sticky":false,"template":"","format":"standard","meta":{"om_disable_all_campaigns":false,"_uf_show_specific_survey":0,"_uf_disable_surveys":false,"footnotes":""},"categories":[34],"tags":[],"class_list":["post-19914","post","type-post","status-publish","format-standard","has-post-thumbnail","hentry","category-ultimas-noticias"],"_links":{"self":[{"href":"https:\/\/entrenotasyacordes.com\/index.php?rest_route=\/wp\/v2\/posts\/19914","targetHints":{"allow":["GET"]}}],"collection":[{"href":"https:\/\/entrenotasyacordes.com\/index.php?rest_route=\/wp\/v2\/posts"}],"about":[{"href":"https:\/\/entrenotasyacordes.com\/index.php?rest_route=\/wp\/v2\/types\/post"}],"author":[{"embeddable":true,"href":"https:\/\/entrenotasyacordes.com\/index.php?rest_route=\/wp\/v2\/users\/5"}],"replies":[{"embeddable":true,"href":"https:\/\/entrenotasyacordes.com\/index.php?rest_route=%2Fwp%2Fv2%2Fcomments&post=19914"}],"version-history":[{"count":2,"href":"https:\/\/entrenotasyacordes.com\/index.php?rest_route=\/wp\/v2\/posts\/19914\/revisions"}],"predecessor-version":[{"id":19916,"href":"https:\/\/entrenotasyacordes.com\/index.php?rest_route=\/wp\/v2\/posts\/19914\/revisions\/19916"}],"wp:featuredmedia":[{"embeddable":true,"href":"https:\/\/entrenotasyacordes.com\/index.php?rest_route=\/wp\/v2\/media\/19913"}],"wp:attachment":[{"href":"https:\/\/entrenotasyacordes.com\/index.php?rest_route=%2Fwp%2Fv2%2Fmedia&parent=19914"}],"wp:term":[{"taxonomy":"category","embeddable":true,"href":"https:\/\/entrenotasyacordes.com\/index.php?rest_route=%2Fwp%2Fv2%2Fcategories&post=19914"},{"taxonomy":"post_tag","embeddable":true,"href":"https:\/\/entrenotasyacordes.com\/index.php?rest_route=%2Fwp%2Fv2%2Ftags&post=19914"}],"curies":[{"name":"wp","href":"https:\/\/api.w.org\/{rel}","templated":true}]}}