{"id":19918,"date":"2026-03-10T16:45:38","date_gmt":"2026-03-10T16:45:38","guid":{"rendered":"https:\/\/entrenotasyacordes.com\/?p=19918"},"modified":"2026-03-10T16:45:38","modified_gmt":"2026-03-10T16:45:38","slug":"zell-presenta-zelly-el-ep-donde-su-alter-ego-toma-protagonismo","status":"publish","type":"post","link":"https:\/\/entrenotasyacordes.com\/?p=19918","title":{"rendered":"ZELL PRESENTA \u00abZELLY\u00bb, EL EP DONDE SU ALTER EGO TOMA PROTAGONISMO"},"content":{"rendered":"\n<p class=\"p1\">COMPUESTO POR SEIS CANCIONES, EL PROYECTO MARCA UNA EVOLUCI\u00d3N SONORA Y EST\u00c9TICA QUE PRESENTAR\u00c1 EN EL LOLLAPALOOZA ARGENTINA ANTES DE SU GIRA POR ESPA\u00d1A<\/p>\n\n\n<div class=\"wp-block-image\">\n<figure class=\"aligncenter size-large\"><img loading=\"lazy\" decoding=\"async\" width=\"1024\" height=\"1024\" src=\"https:\/\/entrenotasyacordes.com\/wp-content\/uploads\/2026\/03\/portada_zelly-1024x1024.jpg\" class=\"wp-image-19917\" srcset=\"https:\/\/entrenotasyacordes.com\/wp-content\/uploads\/2026\/03\/portada_zelly-1024x1024.jpg 1024w, https:\/\/entrenotasyacordes.com\/wp-content\/uploads\/2026\/03\/portada_zelly-300x300.jpg 300w, https:\/\/entrenotasyacordes.com\/wp-content\/uploads\/2026\/03\/portada_zelly-150x150.jpg 150w, https:\/\/entrenotasyacordes.com\/wp-content\/uploads\/2026\/03\/portada_zelly-768x768.jpg 768w, https:\/\/entrenotasyacordes.com\/wp-content\/uploads\/2026\/03\/portada_zelly-1536x1536.jpg 1536w, https:\/\/entrenotasyacordes.com\/wp-content\/uploads\/2026\/03\/portada_zelly-50x50.jpg 50w, https:\/\/entrenotasyacordes.com\/wp-content\/uploads\/2026\/03\/portada_zelly.jpg 2000w\" sizes=\"auto, (max-width: 1024px) 100vw, 1024px\" \/><\/figure>\n<\/div>\n\n\n<p class=\"p1\">Zell, el disruptor urbano de la nueva generaci\u00f3n argentina, presenta oficialmente Zelly, su nuevo EP de seis canciones y el proyecto que marca un punto de consolidaci\u00f3n en su identidad art\u00edstica. El lanzamiento representa una nueva etapa en su evoluci\u00f3n creativa: lamaterializaci\u00f3n de su alter ego y el momento en que esa figura deja de ser una idea para convertirse en presencia esc\u00e9nica. Este nuevo cap\u00edtulo ser\u00e1 presentado por primera vez en el Lollapalooza Argentina 2026.<\/p>\n\n\n\n<p class=\"p1\">Compuesto por seis canciones, el trabajo profundiza la base trap que defini\u00f3 sus inicios, pero incorpora matices de dance y electr\u00f3nica que aportan frescura y dinamismo. El resultado es un sonido m\u00e1s arriesgado, renovado y, al mismo tiempo, profundamente conectado con su esencia.<\/p>\n\n\n\n<p class=\"p1\">El concepto del material gira en torno a zelly, un mu\u00f1eco inspirado en la figura cl\u00e1sica del juguete siniestro \u201cChucky\u201d y que funciona como representaci\u00f3n f\u00edsica de su alter ego. Dentro del universo narrativo del EP, zelly lleva a Alan (la persona detr\u00e1s del proyecto) a tomar decisiones impulsivas, operando como el \u201cdiablito en el hombro\u201d y la voz que empuja al caos. M\u00e1s que un personaje, es una met\u00e1fora de las contradicciones que conviven en cada elecci\u00f3n.<\/p>\n\n\n\n<p class=\"p1\"><strong>TRACKLIST \u201cZELLY\u201d<\/strong><\/p>\n\n\n\n<p class=\"p2\">1. vos, yo y tu Ego<\/p>\n\n\n\n<p class=\"p2\">2. el infierno en persona<\/p>\n\n\n\n<p class=\"p2\">3. los hombres no lloran<\/p>\n\n\n\n<p class=\"p2\">4. tan fr\u00eda<\/p>\n\n\n\n<p class=\"p2\">5. jenner<\/p>\n\n\n\n<p class=\"p2\">6. cooL<\/p>\n\n\n\n<p class=\"p1\">El primer corte del EP fue \u201ctan fr\u00eda\u201d, que super\u00f3 1.4 millones de reproducciones en redes sociales en menos de 72 horas. Fue presentada en el formato Gallery Session, un proyecto digital grabado en Barcelona (Espa\u00f1a) y que contin\u00faa consolid\u00e1ndose entre artistas y audiencias.<\/p>\n\n\n\n<p class=\"p1\">El EP encuentra en \u201cel infierno en persona\u201d su focus track, donde esa dualidad entre impulso y conciencia que define al universo de \u201czelly\u201d se aborda de forma directa. En esta canci\u00f3n, Zell participa tambi\u00e9n en la producci\u00f3n, reforzando la identidad sonora del proyecto. La tensi\u00f3n entre ego, deseo, fama y vulnerabilidad atraviesa todo el tracklist: desde \u201cvos, yo y tu Ego\u201d, donde orgullo y atracci\u00f3n chocan, hasta \u201clos hombres no lloran\u201d, uno de los momentos m\u00e1s sensibles del trabajo, que rompe con el mandato emocional masculino y muestra que, incluso dentro del personaje, existe una dimensi\u00f3n fr\u00e1gil.<\/p>\n\n\n\n<p class=\"p1\">El cierre temporal de la primera etapa de \u201czelly\u201d se encuentra en \u201cjenner\u201d, una declaraci\u00f3n de ambici\u00f3n y proyecci\u00f3n internacional que habla sobre el lujo, los Grammys y el reconocimiento global. <\/p>\n\n\n\n<p class=\"p1\">El universo art\u00edstico no termina ah\u00ed, sino que continuar\u00e1 expandiendo con \u201ccooL\u201d un single que a\u00fan sigue siendo una inc\u00f3gnita.<\/p>\n\n\n\n<p class=\"p1\">Con este estreno, Zell reafirma el crecimiento que viene sosteniendo en los \u00faltimos a\u00f1os y abre una nueva etapa creativa y conceptual: m\u00e1s libre, m\u00e1s arriesgada y con una narrativa propia que lo posiciona como una de las voces j\u00f3venes en consolidaci\u00f3n dentro de la escena urbana actual.<\/p>\n\n\n\n<p class=\"p1\">El lanzamiento de \u201czelly\u201d llega en la antesala de su gira por Espa\u00f1a, que incluye shows en Murcia (Garage Club), Madrid (festival Riverland Fabrik), Valencia (Sala Jerusalem) yBarcelona (Razzmatazz 2), expandiendo su proyecci\u00f3n internacional y fortaleciendo su v\u00ednculo con el p\u00fablico europeo.<\/p>\n\n\n\n<p class=\"p1\"><strong>FECHAS DEL \u201cZELLY TOUR\u201d EN ESPA\u00d1A<\/strong><\/p>\n\n\n\n<p class=\"p2\">27.03 &#8211; Murcia &#8211; Garage Club<\/p>\n\n\n\n<p class=\"p2\">28.03 &#8211; Madrid &#8211; Riverland Fabrik<\/p>\n\n\n\n<p class=\"p2\">29.03 &#8211; Valencia &#8211; Sala Jerusalem<\/p>\n\n\n\n<p class=\"p2\">01.04 &#8211; Barcelona &#8211; Razzmatazz 2<\/p>\n\n\n\n<p class=\"p2\"><\/p>\n","protected":false},"excerpt":{"rendered":"<p>COMPUESTO POR SEIS CANCIONES, EL PROYECTO MARCA UNA EVOLUCI\u00d3N SONORA Y EST\u00c9TICA QUE PRESENTAR\u00c1 EN<\/p>\n","protected":false},"author":5,"featured_media":19917,"comment_status":"closed","ping_status":"","sticky":false,"template":"","format":"standard","meta":{"om_disable_all_campaigns":false,"_uf_show_specific_survey":0,"_uf_disable_surveys":false,"footnotes":""},"categories":[4],"tags":[],"class_list":["post-19918","post","type-post","status-publish","format-standard","has-post-thumbnail","hentry","category-musica"],"_links":{"self":[{"href":"https:\/\/entrenotasyacordes.com\/index.php?rest_route=\/wp\/v2\/posts\/19918","targetHints":{"allow":["GET"]}}],"collection":[{"href":"https:\/\/entrenotasyacordes.com\/index.php?rest_route=\/wp\/v2\/posts"}],"about":[{"href":"https:\/\/entrenotasyacordes.com\/index.php?rest_route=\/wp\/v2\/types\/post"}],"author":[{"embeddable":true,"href":"https:\/\/entrenotasyacordes.com\/index.php?rest_route=\/wp\/v2\/users\/5"}],"replies":[{"embeddable":true,"href":"https:\/\/entrenotasyacordes.com\/index.php?rest_route=%2Fwp%2Fv2%2Fcomments&post=19918"}],"version-history":[{"count":1,"href":"https:\/\/entrenotasyacordes.com\/index.php?rest_route=\/wp\/v2\/posts\/19918\/revisions"}],"predecessor-version":[{"id":19919,"href":"https:\/\/entrenotasyacordes.com\/index.php?rest_route=\/wp\/v2\/posts\/19918\/revisions\/19919"}],"wp:featuredmedia":[{"embeddable":true,"href":"https:\/\/entrenotasyacordes.com\/index.php?rest_route=\/wp\/v2\/media\/19917"}],"wp:attachment":[{"href":"https:\/\/entrenotasyacordes.com\/index.php?rest_route=%2Fwp%2Fv2%2Fmedia&parent=19918"}],"wp:term":[{"taxonomy":"category","embeddable":true,"href":"https:\/\/entrenotasyacordes.com\/index.php?rest_route=%2Fwp%2Fv2%2Fcategories&post=19918"},{"taxonomy":"post_tag","embeddable":true,"href":"https:\/\/entrenotasyacordes.com\/index.php?rest_route=%2Fwp%2Fv2%2Ftags&post=19918"}],"curies":[{"name":"wp","href":"https:\/\/api.w.org\/{rel}","templated":true}]}}