{"id":19921,"date":"2026-03-10T16:49:21","date_gmt":"2026-03-10T16:49:21","guid":{"rendered":"https:\/\/entrenotasyacordes.com\/?p=19921"},"modified":"2026-03-10T16:49:21","modified_gmt":"2026-03-10T16:49:21","slug":"abel-presenta-todo-en-mi","status":"publish","type":"post","link":"https:\/\/entrenotasyacordes.com\/?p=19921","title":{"rendered":"ABEL PRESENTA \u00abTODO EN MI\u00bb"},"content":{"rendered":"<div class=\"wp-block-image\">\n<figure class=\"aligncenter size-large\"><img loading=\"lazy\" decoding=\"async\" width=\"1024\" height=\"1024\" src=\"https:\/\/entrenotasyacordes.com\/wp-content\/uploads\/2026\/03\/img_0625-1024x1024.jpg\" class=\"wp-image-19920\" srcset=\"https:\/\/entrenotasyacordes.com\/wp-content\/uploads\/2026\/03\/img_0625-1024x1024.jpg 1024w, https:\/\/entrenotasyacordes.com\/wp-content\/uploads\/2026\/03\/img_0625-300x300.jpg 300w, https:\/\/entrenotasyacordes.com\/wp-content\/uploads\/2026\/03\/img_0625-150x150.jpg 150w, https:\/\/entrenotasyacordes.com\/wp-content\/uploads\/2026\/03\/img_0625-768x768.jpg 768w, https:\/\/entrenotasyacordes.com\/wp-content\/uploads\/2026\/03\/img_0625-1536x1536.jpg 1536w, https:\/\/entrenotasyacordes.com\/wp-content\/uploads\/2026\/03\/img_0625-50x50.jpg 50w, https:\/\/entrenotasyacordes.com\/wp-content\/uploads\/2026\/03\/img_0625.jpg 1999w\" sizes=\"auto, (max-width: 1024px) 100vw, 1024px\" \/><\/figure>\n<\/div>\n\n\n<p><strong>EL SONIDO DE LOS ENCUENTROS QUE LO CAMBIAN TODO<\/strong><\/p>\n\n\n\n<p class=\"c0\">Tras el arrollador \u00e9xito de \u00abHielo al Vino\u00bb, que se posicion\u00f3 como el #1 en los charts radiales por varias semanas consecutivas,&nbsp;Abel&nbsp;&nbsp;regresa con un lanzamiento que promete convertirse en la banda sonora de los momentos decisivos: \u201cTodo de M\u00ed\u201d.<\/p>\n\n\n\n<p class=\"c0 c5\">&nbsp;En esta nueva pieza, Abel logra un equilibrio magistral entre sus ra\u00edces folkl\u00f3ricas y la frescura del pop contempor\u00e1neo.<\/p>\n\n\n\n<p class=\"c0 c5\">&nbsp;\u201cTodo de M\u00ed marca un reencuentro con mi esencia, pero con un impulso hacia adelante. Es una invitaci\u00f3n a dar el paso, a salir al encuentro de lo que nos espera con la convicci\u00f3n de que lo que es para uno aparece cuando decidimos ir a buscarlo, cuando uno hace su labor para que las cosas sucedan, dejando que el tiempo haga lo suyo\u201d, expresa el artista.<\/p>\n\n\n\n<p class=\"c0 c5\">&nbsp;El videoclip \u2014dirigido por&nbsp;Nicol\u00e1s Sedano\u2014 se enfoca en simbolizar ese movimiento constante hacia el destino, con el amanecer como met\u00e1fora visual.&nbsp;<\/p>\n\n\n\n<p class=\"c0 c5\">&nbsp;Este lanzamiento encuentra a un&nbsp;Abel Pintos&nbsp;en plena madurez art\u00edstica, transitando sus 30 a\u00f1os de carrera, consolidado como uno de los artistas m\u00e1s destacados de la escena nacional.<\/p>\n","protected":false},"excerpt":{"rendered":"<p>EL SONIDO DE LOS ENCUENTROS QUE LO CAMBIAN TODO Tras el arrollador \u00e9xito de \u00abHielo<\/p>\n","protected":false},"author":5,"featured_media":19920,"comment_status":"closed","ping_status":"","sticky":false,"template":"","format":"standard","meta":{"om_disable_all_campaigns":false,"_uf_show_specific_survey":0,"_uf_disable_surveys":false,"footnotes":""},"categories":[4],"tags":[],"class_list":["post-19921","post","type-post","status-publish","format-standard","has-post-thumbnail","hentry","category-musica"],"_links":{"self":[{"href":"https:\/\/entrenotasyacordes.com\/index.php?rest_route=\/wp\/v2\/posts\/19921","targetHints":{"allow":["GET"]}}],"collection":[{"href":"https:\/\/entrenotasyacordes.com\/index.php?rest_route=\/wp\/v2\/posts"}],"about":[{"href":"https:\/\/entrenotasyacordes.com\/index.php?rest_route=\/wp\/v2\/types\/post"}],"author":[{"embeddable":true,"href":"https:\/\/entrenotasyacordes.com\/index.php?rest_route=\/wp\/v2\/users\/5"}],"replies":[{"embeddable":true,"href":"https:\/\/entrenotasyacordes.com\/index.php?rest_route=%2Fwp%2Fv2%2Fcomments&post=19921"}],"version-history":[{"count":1,"href":"https:\/\/entrenotasyacordes.com\/index.php?rest_route=\/wp\/v2\/posts\/19921\/revisions"}],"predecessor-version":[{"id":19922,"href":"https:\/\/entrenotasyacordes.com\/index.php?rest_route=\/wp\/v2\/posts\/19921\/revisions\/19922"}],"wp:featuredmedia":[{"embeddable":true,"href":"https:\/\/entrenotasyacordes.com\/index.php?rest_route=\/wp\/v2\/media\/19920"}],"wp:attachment":[{"href":"https:\/\/entrenotasyacordes.com\/index.php?rest_route=%2Fwp%2Fv2%2Fmedia&parent=19921"}],"wp:term":[{"taxonomy":"category","embeddable":true,"href":"https:\/\/entrenotasyacordes.com\/index.php?rest_route=%2Fwp%2Fv2%2Fcategories&post=19921"},{"taxonomy":"post_tag","embeddable":true,"href":"https:\/\/entrenotasyacordes.com\/index.php?rest_route=%2Fwp%2Fv2%2Ftags&post=19921"}],"curies":[{"name":"wp","href":"https:\/\/api.w.org\/{rel}","templated":true}]}}