{"id":19925,"date":"2026-03-11T11:24:40","date_gmt":"2026-03-11T11:24:40","guid":{"rendered":"https:\/\/entrenotasyacordes.com\/?p=19925"},"modified":"2026-03-11T11:24:40","modified_gmt":"2026-03-11T11:24:40","slug":"mon-laferte-lidera-la-edicion-equal-de-spotify-sessions-en-homenaje-al-liderazgo-artistico-de-las-mujeres-latinoamericanas","status":"publish","type":"post","link":"https:\/\/entrenotasyacordes.com\/?p=19925","title":{"rendered":"Mon Laferte lidera la edici\u00f3n EQUAL de Spotify Sessions, en homenaje al liderazgo art\u00edstico de las mujeres latinoamericanas"},"content":{"rendered":"\n<p>En Am\u00e9rica Latina, las mujeres no solo est\u00e1n moldeando la m\u00fasica: est\u00e1n definiendo su futuro.<\/p>\n\n\n\n<p>Para dar inicio a las celebraciones de EQUAL en la regi\u00f3n y conmemorar el <strong>quinto aniversario <\/strong>del programa, Spotify presenta <strong>Spotify Sessions EQUAL Edition<\/strong> protagonizada por Mon Laferte. Inspirada en la est\u00e9tica del film noir, la sesi\u00f3n muestra a Mon asumiendo el rol de directora musical al frente de un ensamble integrado exclusivamente por mujeres, bajo la direcci\u00f3n visual de Magaly Ugarte. M\u00e1s que una presentaci\u00f3n en vivo, la sesi\u00f3n representa lo que EQUAL impulsa en 2026: mujeres ocupando espacios de liderazgo y toma de decisiones creativas en toda la industria musical.<\/p>\n\n\n<div class=\"wp-block-image\">\n<figure class=\"aligncenter size-large\"><img loading=\"lazy\" decoding=\"async\" width=\"790\" height=\"1024\" src=\"https:\/\/entrenotasyacordes.com\/wp-content\/uploads\/2026\/03\/copy-of-spotify-sessions-ml-95-790x1024.jpg\" class=\"wp-image-19923\" srcset=\"https:\/\/entrenotasyacordes.com\/wp-content\/uploads\/2026\/03\/copy-of-spotify-sessions-ml-95-790x1024.jpg 790w, https:\/\/entrenotasyacordes.com\/wp-content\/uploads\/2026\/03\/copy-of-spotify-sessions-ml-95-231x300.jpg 231w, https:\/\/entrenotasyacordes.com\/wp-content\/uploads\/2026\/03\/copy-of-spotify-sessions-ml-95-768x995.jpg 768w, https:\/\/entrenotasyacordes.com\/wp-content\/uploads\/2026\/03\/copy-of-spotify-sessions-ml-95-1185x1536.jpg 1185w, https:\/\/entrenotasyacordes.com\/wp-content\/uploads\/2026\/03\/copy-of-spotify-sessions-ml-95-1024x1327.jpg 1024w, https:\/\/entrenotasyacordes.com\/wp-content\/uploads\/2026\/03\/copy-of-spotify-sessions-ml-95.jpg 1543w\" sizes=\"auto, (max-width: 790px) 100vw, 790px\" \/><\/figure>\n<\/div>\n\n\n<p>En el coraz\u00f3n de la presentaci\u00f3n hay un universo visual cinematogr\u00e1fico e inmersivo inspirado en el film noir cl\u00e1sico y en la aura de una femme fatale atemporal. Mon Laferte lidera un sublime ensamble de jazz conformado \u00fanicamente por mujeres, vestidas con elegancia formal que transmite fuerza, sofisticaci\u00f3n y car\u00e1cter en partes iguales. El resultado es \u00edntimo y contundente: un escenario que parece suspendido entre el cine vintage y la identidad latinoamericana contempor\u00e1nea.<\/p>\n\n\n\n<p><strong>Por primera vez en el formato de Spotify Sessions, <\/strong>Mon asume un doble rol como artista y directora musical, moldeando los arreglos y liderando la interpretaci\u00f3n desde dentro. La direcci\u00f3n visual est\u00e1 a cargo de la reconocida cineasta Magaly Ugarte, cuyo enfoque cinematogr\u00e1fico transforma luces, sombras y texturas sutiles en recursos narrativos. Cada encuadre refuerza la profundidad emocional y la intenci\u00f3n creativa de la sesi\u00f3n.<\/p>\n\n\n<div class=\"wp-block-image\">\n<figure class=\"aligncenter size-large\"><img loading=\"lazy\" decoding=\"async\" width=\"1024\" height=\"682\" src=\"https:\/\/entrenotasyacordes.com\/wp-content\/uploads\/2026\/03\/copy-of-spotify-sessions-ml-84-1024x682.jpg\" class=\"wp-image-19924\" srcset=\"https:\/\/entrenotasyacordes.com\/wp-content\/uploads\/2026\/03\/copy-of-spotify-sessions-ml-84-1024x682.jpg 1024w, https:\/\/entrenotasyacordes.com\/wp-content\/uploads\/2026\/03\/copy-of-spotify-sessions-ml-84-300x200.jpg 300w, https:\/\/entrenotasyacordes.com\/wp-content\/uploads\/2026\/03\/copy-of-spotify-sessions-ml-84-768x512.jpg 768w, https:\/\/entrenotasyacordes.com\/wp-content\/uploads\/2026\/03\/copy-of-spotify-sessions-ml-84-1536x1024.jpg 1536w, https:\/\/entrenotasyacordes.com\/wp-content\/uploads\/2026\/03\/copy-of-spotify-sessions-ml-84.jpg 2000w\" sizes=\"auto, (max-width: 1024px) 100vw, 1024px\" \/><\/figure>\n<\/div>\n\n\n<p><strong>A trav\u00e9s de este poderoso equipo conformado exclusivamente por mujeres<\/strong>, que abarca m\u00fasicos, producci\u00f3n y direcci\u00f3n creativa, la sesi\u00f3n honra a las mujeres latinoamericanas en cada capa del proceso art\u00edstico, amplificando su talento e impacto en todos los niveles.<\/p>\n\n\n\n<p><strong><em>\u201cCuando me invitaron a crear esta sesi\u00f3n, sent\u00ed que era la oportunidad perfecta para hacer algo diferente, no tocar las canciones tal y como son. Estar en este universo del jazz nos permiti\u00f3 improvisar y dejar que la m\u00fasica respirara de una nueva manera. Me gust\u00f3 tanto que incluso me dieron ganas de llevar a esta banda de gira\u201d<\/em>, dijo Mon Laferte.<\/strong><\/p>\n\n\n\n<p><strong>En Latinoam\u00e9rica, el pulso de EQUAL resuena con Mon Laferte<\/strong><\/p>\n\n\n\n<p>En esta Spotify Session, Mon Laferte revisita <strong>Femme Fatale, Otra Noche de Llorar, Veracruz, 1:30 y Melancol\u00eda<\/strong>, reinterpret\u00e1ndolas con arreglos inspirados en el jazz que se mueven entre la vulnerabilidad y la fuerza contenida. La puesta en escena evoluciona con cada canci\u00f3n: luces \u00edntimas, sombras en movimiento y una atm\u00f3sfera cuidadosamente construida que difumina la l\u00ednea entre concierto y pieza audiovisual.<\/p>\n\n\n\n<p>Actualmente, <strong>M\u00e9xico se posiciona como el mercado principal que m\u00e1s escucha a Mon Laferte a nivel global, <\/strong>seguido de&nbsp; Chile (#2), Estados Unidos (#3), Colombia (#4), Per\u00fa (#5) y Argentina (#6). Y su canci\u00f3n m\u00e1s escuchada en Latinoam\u00e9rica es <a href=\"https:\/\/open.spotify.com\/track\/4skuEIloXWuxxgekKupkEH?si=30d51259bad64b0f\">\u201cTu Falta de Querer\u201d<\/a>, mientras que ciudades como Ciudad de M\u00e9xico, M\u00e9xico (#1), Santiago, Chile (#2), Lima, Per\u00fa (#3), Puebla, M\u00e9xico (#4), Guadalajara, M\u00e9xico (#5), se encuentran entre las que m\u00e1s la escuchan en Spotify.<\/p>\n\n\n\n<p>Esta conexi\u00f3n refleja no solo la solidez de su propuesta art\u00edstica, sino tambi\u00e9n el crecimiento sostenido en el consumo de mujeres artistas en el pa\u00eds.<\/p>\n\n\n\n<p><strong>EQUAL en toda Latinoam\u00e9rica<\/strong><\/p>\n\n\n\n<p>Desde su lanzamiento, EQUAL ha apoyado a m\u00e1s de 1,400 artistas en m\u00e1s de 40 mercados, generando m\u00e1s de 1570 millones de reproducciones editoriales en todo el mundo. En Latinoam\u00e9rica, el programa ha demostrado que la visibilidad sostenida puede traducirse en crecimiento profesional e impacto internacional. Hasta la fecha, m\u00e1s de 200 embajadoras de toda la regi\u00f3n han formado parte de EQUAL, generando colectivamente m\u00e1s de 17,000 millones de reproducciones editoriales en listas de reproducci\u00f3n. Artistas como <strong>Julieta Venegas, Silvana Estrada, Mar\u00eda Becerra, Lali, Juliana, Aria Vega, Julia Mestre y Ajuliacosta <\/strong>se encuentran entre las mujeres que han dado forma a este movimiento.<\/p>\n","protected":false},"excerpt":{"rendered":"<p>En Am\u00e9rica Latina, las mujeres no solo est\u00e1n moldeando la m\u00fasica: est\u00e1n definiendo su futuro.<\/p>\n","protected":false},"author":5,"featured_media":19923,"comment_status":"closed","ping_status":"","sticky":false,"template":"","format":"standard","meta":{"om_disable_all_campaigns":false,"_uf_show_specific_survey":0,"_uf_disable_surveys":false,"footnotes":""},"categories":[4,34],"tags":[],"class_list":["post-19925","post","type-post","status-publish","format-standard","has-post-thumbnail","hentry","category-musica","category-ultimas-noticias"],"_links":{"self":[{"href":"https:\/\/entrenotasyacordes.com\/index.php?rest_route=\/wp\/v2\/posts\/19925","targetHints":{"allow":["GET"]}}],"collection":[{"href":"https:\/\/entrenotasyacordes.com\/index.php?rest_route=\/wp\/v2\/posts"}],"about":[{"href":"https:\/\/entrenotasyacordes.com\/index.php?rest_route=\/wp\/v2\/types\/post"}],"author":[{"embeddable":true,"href":"https:\/\/entrenotasyacordes.com\/index.php?rest_route=\/wp\/v2\/users\/5"}],"replies":[{"embeddable":true,"href":"https:\/\/entrenotasyacordes.com\/index.php?rest_route=%2Fwp%2Fv2%2Fcomments&post=19925"}],"version-history":[{"count":1,"href":"https:\/\/entrenotasyacordes.com\/index.php?rest_route=\/wp\/v2\/posts\/19925\/revisions"}],"predecessor-version":[{"id":19926,"href":"https:\/\/entrenotasyacordes.com\/index.php?rest_route=\/wp\/v2\/posts\/19925\/revisions\/19926"}],"wp:featuredmedia":[{"embeddable":true,"href":"https:\/\/entrenotasyacordes.com\/index.php?rest_route=\/wp\/v2\/media\/19923"}],"wp:attachment":[{"href":"https:\/\/entrenotasyacordes.com\/index.php?rest_route=%2Fwp%2Fv2%2Fmedia&parent=19925"}],"wp:term":[{"taxonomy":"category","embeddable":true,"href":"https:\/\/entrenotasyacordes.com\/index.php?rest_route=%2Fwp%2Fv2%2Fcategories&post=19925"},{"taxonomy":"post_tag","embeddable":true,"href":"https:\/\/entrenotasyacordes.com\/index.php?rest_route=%2Fwp%2Fv2%2Ftags&post=19925"}],"curies":[{"name":"wp","href":"https:\/\/api.w.org\/{rel}","templated":true}]}}