{"id":19928,"date":"2026-03-11T11:42:50","date_gmt":"2026-03-11T11:42:50","guid":{"rendered":"https:\/\/entrenotasyacordes.com\/?p=19928"},"modified":"2026-03-11T11:42:50","modified_gmt":"2026-03-11T11:42:50","slug":"carlos-rivera-presenta-su-nuevo-disco-vida-mexico","status":"publish","type":"post","link":"https:\/\/entrenotasyacordes.com\/?p=19928","title":{"rendered":"CARLOS RIVERA PRESENTA SU NUEVO DISCO \u201cVIDA M\u00c9XICO\u201d"},"content":{"rendered":"<div class=\"wp-block-image\">\n<figure class=\"aligncenter size-large\"><img loading=\"lazy\" decoding=\"async\" width=\"300\" height=\"300\" src=\"https:\/\/entrenotasyacordes.com\/wp-content\/uploads\/2026\/03\/img_0638-300x300.png\" class=\"wp-image-19927\" srcset=\"https:\/\/entrenotasyacordes.com\/wp-content\/uploads\/2026\/03\/img_0638-300x300.png 300w, https:\/\/entrenotasyacordes.com\/wp-content\/uploads\/2026\/03\/img_0638-150x150.png 150w, https:\/\/entrenotasyacordes.com\/wp-content\/uploads\/2026\/03\/img_0638-50x50.png 50w, https:\/\/entrenotasyacordes.com\/wp-content\/uploads\/2026\/03\/img_0638.png 420w\" sizes=\"auto, (max-width: 300px) 100vw, 300px\" \/><\/figure>\n<\/div>\n\n\n<p class=\"c4\">Carlos Rivera&nbsp;presenta&nbsp;\u201cVida M\u00e9xico\u201d, su nuevo \u00e1lbum de estudio, un proyecto que nace como un homenaje a M\u00e9xico, a su identidad cultural y a sus ra\u00edces musicales.<\/p>\n\n\n\n<p class=\"c4 c10\">Este disco esta inspirado en los colores, las tradiciones y los sonidos que forman parte del imaginario nacional, teniendo al mariachi como eje central del proyecto.<\/p>\n\n\n\n<p class=\"c4 c10\">A trav\u00e9s de este material, Carlos explora y reinterpreta la m\u00fasica mexicana desde una visi\u00f3n contempor\u00e1nea, sin perder la esencia de los g\u00e9neros tradicionales que han acompa\u00f1ado la historia musical del pa\u00eds. El \u00e1lbum representa una celebraci\u00f3n de la cultura mexicana y un regreso a los or\u00edgenes sonoros que han marcado su trayectoria art\u00edstica.<\/p>\n\n\n\n<p class=\"c4 c10\">\u201cVida M\u00e9xico\u201d&nbsp;es el complemento a su&nbsp;EP \u201cVida&#8230;\u201d, lanzado en octubre pasado. Este nuevo material incluye 15 canciones y un&nbsp;bonus track&nbsp;y cuenta con colaboraciones de grandes figuras de la m\u00fasica mexicana como&nbsp;Pepe Aguilar&nbsp;y&nbsp;Ana B\u00e1rbara.<\/p>\n\n\n\n<p class=\"c4 c10\">Los focus tracks&nbsp;del disco son&nbsp;\u201cDonde Est\u00e9s Donde Estoy\u201d&nbsp;en colaboraci\u00f3n con&nbsp;Marisela, y&nbsp;\u201cSin Despedida\u201d&nbsp;junto a&nbsp;Alejandro Fern\u00e1ndez&nbsp;, tema que reci\u00e9n se estren\u00f3 y que ya supera el mill\u00f3n de views en YouTube, adem\u00e1s de acumular m\u00e1s de 2.7 millones de streams a nivel global.<\/p>\n\n\n\n<p class=\"c4 c10\">&nbsp;El disco cuenta con un&nbsp;bonus track&nbsp;de una nueva versi\u00f3n de&nbsp;\u201cRecu\u00e9rdame\u201d&nbsp;junto a&nbsp;Natalia Lafourcade, que aporta una sensibilidad especial a este homenaje a M\u00e9xico.<\/p>\n\n\n\n<p class=\"c4 c10\">&nbsp;\u201cVida M\u00e9xico\u201d&nbsp;fue escrito en su totalidad por Carlos en coautor\u00eda de reconocidos compositores como&nbsp;Luis Mexia, Iv\u00e1n Games, Johan Sotelo, Omar Robles, Ale Zeguer, Alex Hernandez y Alfonso Gonz\u00e1lez Aguilar. Adem\u00e1s de reunir a grandes productores como&nbsp;Orlando Aispuro, Mario Romero, Ed\u00e9n Mu\u00f1oz, Pepe Aguilar; Antonio Zepeda y Emiliano Rodr\u00edguez Terrazas, quienes en conjunto con Carlos enriquecen el sonido del proyecto desde distintas perspectivas de la m\u00fasica mexicana.<\/p>\n\n\n\n<p class=\"c4\">Para presentar este disco, Carlos ofreci\u00f3 ayer una conferencia de prensa en el&nbsp;Sal\u00f3n Tenampa, uno de los recintos m\u00e1s representativos del mariachi en M\u00e9xico. En el marco del centenario del emblem\u00e1tico lugar, se devel\u00f3 un mural dedicado a&nbsp;Carlos Rivera, artista que representa la continuidad y vigencia de la m\u00fasica mexicana en las nuevas generaciones convirti\u00e9ndose en el&nbsp;artista m\u00e1s joven&nbsp;en recibir este reconocimiento.<\/p>\n\n\n\n<p class=\"c4 c10\">El mural fue realizado por el artista oaxaque\u00f1o&nbsp;Freddy, cuyo trabajo se distingue por plasmar la identidad, la fuerza y el esp\u00edritu de la cultura mexicana a trav\u00e9s de trazos contempor\u00e1neos que dialogan con la tradici\u00f3n. Durante el encuentro con medios, Carlos comparti\u00f3 los detalles de este nuevo proyecto y celebr\u00f3 el gran significado que tiene&nbsp;\u201cVida M\u00e9xico\u201d&nbsp;en su carrera.<\/p>\n\n\n\n<p class=\"c4 c10\">Con este lanzamiento, el cantante reafirma su conexi\u00f3n con la m\u00fasica y tradiciones mexicanas y contin\u00faa con el \u00e9xito de su nueva gira&nbsp;\u201cVida M\u00e9xico Tour\u201d&nbsp;, con presentaciones en diferentes ciudades de M\u00e9xico y Espa\u00f1a, y pr\u00f3ximamente m\u00e1s fechas por confirmar.<\/p>\n\n\n\n<p class=\"c4 c10\">&nbsp;Este proyecto da pie a un momento clave en la carrera de Carlos con su pr\u00f3xima presentaci\u00f3n el&nbsp;9 de mayo&nbsp;por primera vez en la&nbsp;Plaza de Toros La M\u00e9xico, uno de los escenarios m\u00e1s emblem\u00e1ticos del pa\u00eds.<\/p>\n\n\n\n<p class=\"c4 c10\"><strong>&nbsp;\u201cVida M\u00e9xico\u201d ya se encuentra disponible en todas las plataformas digitales.<\/strong><\/p>\n\n\n\n<p class=\"c11\">TRACKLIST<\/p>\n\n\n\n<p class=\"c11\">&nbsp;Vete Tranquila<\/p>\n\n\n\n<p class=\"c11\">&nbsp;Sin Despedida (con Alejandro Fern\u00e1ndez) &nbsp; Como Quiera Te Perdono<\/p>\n\n\n\n<p class=\"c11\">&nbsp;Quiero Ense\u00f1arte<\/p>\n\n\n\n<p class=\"c11\">&nbsp; Donde Est\u00e9s Donde Estoy (Con Marisela)<\/p>\n\n\n\n<p class=\"c11\">&nbsp;Conversaciones Con Mi Almohada (Con Pepe Aguilar) &nbsp; Las Vidas Que Tu Quieras<\/p>\n\n\n\n<p class=\"c11\">&nbsp;Larga Vida<\/p>\n\n\n\n<p class=\"c11\">&nbsp;No Es Para Menos &nbsp;Almas<\/p>\n\n\n\n<p class=\"c11\">&nbsp;Cuento De Nunca Acabar (con Ana B\u00e1rbara) &nbsp;Alguien<\/p>\n\n\n\n<p class=\"c11\">&nbsp;Calavera<\/p>\n\n\n\n<p class=\"c11\">&nbsp;El Bolero De La Muerte &nbsp; La Del Rebozo Blanco<\/p>\n\n\n\n<p class=\"c11\">Recu\u00e9rdame (con Natalia Lafourcade) &#8211;&nbsp;Bonus Track<\/p>\n","protected":false},"excerpt":{"rendered":"<p>Carlos Rivera&nbsp;presenta&nbsp;\u201cVida M\u00e9xico\u201d, su nuevo \u00e1lbum de estudio, un proyecto que nace como un homenaje<\/p>\n","protected":false},"author":5,"featured_media":19927,"comment_status":"closed","ping_status":"","sticky":false,"template":"","format":"standard","meta":{"om_disable_all_campaigns":false,"_uf_show_specific_survey":0,"_uf_disable_surveys":false,"footnotes":""},"categories":[4],"tags":[],"class_list":["post-19928","post","type-post","status-publish","format-standard","has-post-thumbnail","hentry","category-musica"],"_links":{"self":[{"href":"https:\/\/entrenotasyacordes.com\/index.php?rest_route=\/wp\/v2\/posts\/19928","targetHints":{"allow":["GET"]}}],"collection":[{"href":"https:\/\/entrenotasyacordes.com\/index.php?rest_route=\/wp\/v2\/posts"}],"about":[{"href":"https:\/\/entrenotasyacordes.com\/index.php?rest_route=\/wp\/v2\/types\/post"}],"author":[{"embeddable":true,"href":"https:\/\/entrenotasyacordes.com\/index.php?rest_route=\/wp\/v2\/users\/5"}],"replies":[{"embeddable":true,"href":"https:\/\/entrenotasyacordes.com\/index.php?rest_route=%2Fwp%2Fv2%2Fcomments&post=19928"}],"version-history":[{"count":1,"href":"https:\/\/entrenotasyacordes.com\/index.php?rest_route=\/wp\/v2\/posts\/19928\/revisions"}],"predecessor-version":[{"id":19929,"href":"https:\/\/entrenotasyacordes.com\/index.php?rest_route=\/wp\/v2\/posts\/19928\/revisions\/19929"}],"wp:featuredmedia":[{"embeddable":true,"href":"https:\/\/entrenotasyacordes.com\/index.php?rest_route=\/wp\/v2\/media\/19927"}],"wp:attachment":[{"href":"https:\/\/entrenotasyacordes.com\/index.php?rest_route=%2Fwp%2Fv2%2Fmedia&parent=19928"}],"wp:term":[{"taxonomy":"category","embeddable":true,"href":"https:\/\/entrenotasyacordes.com\/index.php?rest_route=%2Fwp%2Fv2%2Fcategories&post=19928"},{"taxonomy":"post_tag","embeddable":true,"href":"https:\/\/entrenotasyacordes.com\/index.php?rest_route=%2Fwp%2Fv2%2Ftags&post=19928"}],"curies":[{"name":"wp","href":"https:\/\/api.w.org\/{rel}","templated":true}]}}