{"id":19935,"date":"2026-03-11T11:50:09","date_gmt":"2026-03-11T11:50:09","guid":{"rendered":"https:\/\/entrenotasyacordes.com\/?p=19935"},"modified":"2026-03-11T11:50:09","modified_gmt":"2026-03-11T11:50:09","slug":"juanes-lanza-su-esperado-album-juanesteban-aclamado-por-rolling-stone-como-uno-de-los-albumes-latinos-mas-anticipados-de-2026","status":"publish","type":"post","link":"https:\/\/entrenotasyacordes.com\/?p=19935","title":{"rendered":"JUANES LANZA SU ESPERADO \u00c1LBUM \u2018JUANESTEBAN\u2019,&nbsp;ACLAMADO POR&nbsp;ROLLING STONE COMO&nbsp;\u201cUNO DE LOS \u00c1LBUMES LATINOS M\u00c1S ANTICIPADOS DE 2026\u201d"},"content":{"rendered":"\n<p class=\"p1\"><em>EL ESTRENO DEL \u00c1LBUM CONCEPTUAL DE 16 CANCIONES, QUE EXPLORA LA DUALIDAD PERSONAL, LLEGA ACOMPA\u00d1ADO DEL NUEVO FOCUS TRACK \u201cTIMELAPSE DE SOL\u201d JUNTO A RAWAYANA. EL DISCO TAMBI\u00c9N INCLUYE COLABORACIONES ESPECIALES JUNTO A BOMBA EST\u00c9REO, CONOCIENDO RUSIA, MON LAFERTE Y VIVIR QUINTANA<\/em><\/p>\n\n\n\n<p class=\"p1\"><em>ESTE PASADO FIN DE SEMANA, JUANES TAMBI\u00c9N SE PRESENTO EN EL FESTIVAL INTERNACIONAL DE LA CANCI\u00d3N DE VI\u00d1A DEL MAR Y EN EL MOVISTAR ARENA DE MADRID, EN LAS PRIMERAS FECHAS DEL RECIENTEMENTE ANUNCIADO&nbsp;JUANES WORLD TOUR 2026, QUE CUENTA CON M\u00c1S DE 50 CONCIERTOS A NIVEL MUNDIAL<\/em><\/p>\n\n\n<div class=\"wp-block-image\">\n<figure class=\"aligncenter size-large\"><img loading=\"lazy\" decoding=\"async\" width=\"1024\" height=\"502\" src=\"https:\/\/entrenotasyacordes.com\/wp-content\/uploads\/2026\/03\/img_0639-1024x502.jpg\" class=\"wp-image-19930\" srcset=\"https:\/\/entrenotasyacordes.com\/wp-content\/uploads\/2026\/03\/img_0639-1024x502.jpg 1024w, https:\/\/entrenotasyacordes.com\/wp-content\/uploads\/2026\/03\/img_0639-300x147.jpg 300w, https:\/\/entrenotasyacordes.com\/wp-content\/uploads\/2026\/03\/img_0639-768x377.jpg 768w, https:\/\/entrenotasyacordes.com\/wp-content\/uploads\/2026\/03\/img_0639.jpg 1260w\" sizes=\"auto, (max-width: 1024px) 100vw, 1024px\" \/><\/figure>\n<\/div>\n\n\n<p class=\"p1\">Con m\u00e1s de&nbsp;<strong>20 billones de reproducciones acumuladas a lo largo de su carrera<\/strong>,&nbsp;<strong>17 canciones #1<\/strong>&nbsp;y un reciente reconocimiento de&nbsp;<strong>Billboard<\/strong>&nbsp;como&nbsp;<em>\u201cel principal artista latino de rock\/pop del siglo XXI\u201d,<\/em>&nbsp;hoy el \u00edcono colombiano y 29 veces ganador del GRAMMY\u00ae y Latin GRAMMY\u00ae&nbsp;<strong>JUANES<\/strong>&nbsp;lanza su anticipado d\u00e9cimo segundo \u00e1lbum&nbsp;<strong>\u2018<em>JuanesTeban<\/em><\/strong><em>\u2019.<\/em><\/p>\n\n\n\n<p class=\"p2\">Junto con el lanzamiento, el artista tambi\u00e9n estrena el nuevo sencillo destacado y su video&nbsp;<em><strong>\u201cTimelapse De Sol\u201d<\/strong>,&nbsp;<\/em>en colaboraci\u00f3n con la aclamada banda venezolana&nbsp;<strong>Rawayana<\/strong>. Continuando con la pr\u00e1ctica que ha marcado toda su carrera de grabar tanto con artistas consagrados como con talentos emergentes, el nuevo \u00e1lbum tambi\u00e9n incluye colaboraciones junto a&nbsp;<strong>Bomba Est\u00e9reo<\/strong>&nbsp;(<strong>\u201c<em>Mu\u00e9rdeme<\/em>\u201d<\/strong>),&nbsp;<strong>Conociendo Rusia<\/strong>&nbsp;(\u201c<strong><em>C\u00f3mo Pudiste\u201d<\/em><\/strong>),&nbsp;<strong>Mon Laferte<\/strong>&nbsp;(\u201c<strong><em>Vuelve\u201d<\/em><\/strong>),&nbsp;<strong>Vivir Quintana<\/strong>&nbsp;(<strong>\u201c<em>Humano\u201d<\/em><\/strong>), y&nbsp;<strong>Davide Rossi<\/strong>&nbsp;de&nbsp;<strong>Coldplay<\/strong>, quien aporta los arreglos de cuerdas para&nbsp;<strong>\u201c<em>El Gran D\u00eda\u201d<\/em><\/strong>&nbsp;y&nbsp;<strong><em>\u201cUna Noche Contigo\u201d<\/em><\/strong>.<\/p>\n\n\n\n<p class=\"p2\">Un \u00e1lbum conceptual coproducido por&nbsp;<strong>Nico Cotton&nbsp;<\/strong>y Juanes, que gira en torno a la idea de la dualidad: Juanes explora tanto la oscuridad como la luz, la cumbia y el rock, la espiritualidad y el romance pasional, letras cargadas de optimismo y alegr\u00eda junto con una profunda vulnerabilidad emocional. Son las dos caras opuestas de un mismo artista profundamente humano que coexisten y se complementan. Juanes es el cantante m\u00e1s cercano y conocido en todo el mundo mientras Teban es su alter ego intr\u00e9pido, sin miedo a expresar las verdades emocionales m\u00e1s profundas.<\/p>\n\n\n\n<p class=\"p2\"><em>\u201cHe vuelto finalmente a un lugar de luz y alegr\u00eda\u201d,<\/em>&nbsp;dice Juanes.<em>&nbsp;\u201cQuer\u00eda hacer un \u00e1lbum que me llevara de regreso al territorio del baile y la cumbia, a esa sensaci\u00f3n tan propia de Am\u00e9rica Latina, a la ra\u00edz del folclor. Este disco tambi\u00e9n es diferente a los anteriores porque por fin pude explorar las muchas facetas de mi personalidad\u201d, reflexiona. \u201cEs como un caleidoscopio de mis distintos estados de \u00e1nimo: alegr\u00eda, entusiasmo, melancol\u00eda. Canalizar mis sentimientos en estas canciones le da prop\u00f3sito a mi vida\u201d.<\/em>&nbsp;<em>(De la biograf\u00eda del \u00e1lbum)<\/em><\/p>\n\n\n\n<p class=\"p1\">Adem\u00e1s de los sencillos adelantados,&nbsp;<strong><em>\u201cUna Noche Contigo\u201d, \u201cCuando Estamos T\u00fa y Yo\u201d,<\/em><\/strong>&nbsp;<strong>\u201c<em>Mu\u00e9rdeme<\/em>\u201d<\/strong>&nbsp;y&nbsp;<strong>\u201c<em>Hagamos Que\u201d<\/em><\/strong>, ya bien recibidos por los fans y las listas globales, el \u00e1lbum ofrece muchos otros momentos destacados. Entre ellos se encuentran el calor rom\u00e1ntico de un atardecer en \u201c<strong><em>Timelapse del Sol\u201d<\/em><\/strong>, la cumbia tropical llena de vitalidad de&nbsp;<strong><em>\u201cQuiero\u201d<\/em><\/strong>, (dos canciones que celebran la fuerza que nace del amor de pareja), la energ\u00eda para enfrentar el mundo en \u201c<strong><em>El Gran D\u00eda<\/em>\u201d<\/strong>&nbsp;y el poder restaurador del amor en tiempos dif\u00edciles en&nbsp;<strong>\u201c<em>Humano\u201d<\/em>.<\/strong>&nbsp;El proyecto culmina con la conmovedora y delicada pieza ac\u00fastica&nbsp;<strong><em>\u201cMadre\u201d<\/em>,<\/strong>&nbsp;dedicada a la madre de Juanes,&nbsp;<strong>Alicia<\/strong>, ya fallecida.<\/p>\n\n\n<div class=\"wp-block-image\">\n<figure class=\"aligncenter size-large\"><img loading=\"lazy\" decoding=\"async\" width=\"300\" height=\"294\" src=\"https:\/\/entrenotasyacordes.com\/wp-content\/uploads\/2026\/03\/img_0640-300x294.jpg\" class=\"wp-image-19931\" srcset=\"https:\/\/entrenotasyacordes.com\/wp-content\/uploads\/2026\/03\/img_0640-300x294.jpg 300w, https:\/\/entrenotasyacordes.com\/wp-content\/uploads\/2026\/03\/img_0640-50x50.jpg 50w, https:\/\/entrenotasyacordes.com\/wp-content\/uploads\/2026\/03\/img_0640.jpg 660w\" sizes=\"auto, (max-width: 300px) 100vw, 300px\" \/><\/figure>\n<\/div>\n\n\n<p class=\"p1\">El video que se estrena hoy para el nuevo tema destacado&nbsp;<strong><em>\u201cTimelapse De Sol\u201d<\/em><\/strong><em>,<\/em>&nbsp;junto con algunos de las canciones adicionales, fueron grabados en los exuberantes paisajes de&nbsp;<strong>Costa Rica<\/strong>, resaltando los vibrantes colores de&nbsp;<strong>Am\u00e9rica Latina<\/strong>&nbsp;que contin\u00faan inspirando la composici\u00f3n de Juanes. Dirigidos por el reconocido cineasta argentino&nbsp;<strong>Agust\u00edn Puente<\/strong>&nbsp;(<em>The Movement<\/em>), los videos se distinguen por su calidez emocional y una elegancia sutil.<\/p>\n\n\n\n<p class=\"p2\">La portada del \u00e1lbum&nbsp;<strong>\u2018<em>JuanesTeban\u2019<\/em><\/strong>, as\u00ed como las interpretaciones art\u00edsticas individuales de cada canci\u00f3n, fueron completamente dibujadas por el propio Juanes, marcando la primera vez que su obra original se incluye como acompa\u00f1amiento visual. Estas ilustraciones pueden encontrarse tanto en el&nbsp;<strong>CD f\u00edsico<\/strong>&nbsp;como en las&nbsp;<strong>ediciones en vinilo de dos discos<\/strong>. Esto forma parte de una l\u00ednea creativa continua que el artista ha desarrollado junto a&nbsp;<strong>Sebasti\u00e1n Londo\u00f1o<\/strong>&nbsp;y&nbsp;<strong>Juan Camilo Londo\u00f1o<\/strong>.<\/p>\n\n\n<div class=\"wp-block-image\">\n<figure class=\"aligncenter size-large\"><img loading=\"lazy\" decoding=\"async\" width=\"300\" height=\"201\" src=\"https:\/\/entrenotasyacordes.com\/wp-content\/uploads\/2026\/03\/img_0641-300x201.jpg\" class=\"wp-image-19932\" srcset=\"https:\/\/entrenotasyacordes.com\/wp-content\/uploads\/2026\/03\/img_0641-300x200.jpg 300w, https:\/\/entrenotasyacordes.com\/wp-content\/uploads\/2026\/03\/img_0641.jpg 660w\" sizes=\"auto, (max-width: 300px) 100vw, 300px\" \/><figcaption class=\"wp-element-caption\"><strong>Portadas de arte de las canciones:<\/strong>&nbsp;El Gran D\u00eda, Timelapse De Sol, Madre, Hagamos Que, Quiero &amp; Vuelve<\/figcaption><\/figure>\n<\/div>\n\n\n<p>Asimismo, todos los shows recientemente anunciados del&nbsp;<strong>Juanes World Tour 2026<\/strong>&nbsp;presentar\u00e1n una nueva y distintiva propuesta musical y visual, que explora el concepto de dualidad introspectiva presente en las canciones y la est\u00e9tica del nuevo \u00e1lbum. El espect\u00e1culo de la gira tambi\u00e9n estar\u00e1 lleno de una abundancia de los queridos \u00e9xitos emblem\u00e1ticos de toda la exitosa carrera de Juanes, demostrando por qu\u00e9&nbsp;<strong>The Los Angeles Times<\/strong>&nbsp;declar\u00f3 \u201c<em>El espect\u00e1culo en vivo de Juanes es una producci\u00f3n audaz\u2026 y un evento imperdible. Con el recinto completamente lleno, Juanes llev\u00f3 la magia a sus fans\u2026 con una noche inolvidable repleta de \u00e9xitos\u2026 [y] una clase magistral de guitarra\u2026 que [deber\u00eda] colocarlo en el Sal\u00f3n de la Fama del Rock &amp; Roll\u2026 [Sus conciertos] confirman a Juanes como ese tipo de artista excepcional \u2014 en la misma categor\u00eda que Bono y Bruce Springsteen \u2014 con el poder de inspirar m\u00e1s all\u00e1 de las paredes del recinto.<strong> <\/strong><\/em><\/p>\n\n\n\n<p><em>\u201cJuanes lleg\u00f3 a Madrid listo para celebrar sus 25 a\u00f1os de carrera. Y demostr\u00f3 que estos a\u00f1os han sido bien aprovechados, consolidando su estatus como el gran m\u00fasico que es, con una voz en\u00e9rgica que nunca flaquea pese al vertiginoso ritmo de su presentaci\u00f3n y una guitarra llena de riffs hipn\u00f3ticos\u2026 M\u00e1s de dos horas pasaron volando [con] un ritmo festivo de cumbia, merengue, rock y pop latino\u2026 por lo que escuchamos, [las nuevas canciones de JuanesTeban] que se lanzan este viernes prometen ser incre\u00edbles.\u201d<\/em>&nbsp;\u2013&nbsp;<strong>Los 40<\/strong><\/p>\n\n\n\n<p><em>\u201cJuanes se present\u00f3 en la cuarta noche del&nbsp;<strong>Festival de Vi\u00f1a del Mar 2026<\/strong>, marcando su primera aparici\u00f3n desde 2009 y reconectando con un p\u00fablico que lo ha reconocido durante a\u00f1os y que considera su repertorio como un cancionero entra\u00f1able\u2026 una tras otra, Juanes fue entrelazando canciones que funcionan como una carta de presentaci\u00f3n inmediata\u2026 \u00e9xitos que no necesitan introducci\u00f3n porque el p\u00fablico los anuncia cant\u00e1ndolos\u2026 Una de las mayores sorpresas de la noche lleg\u00f3 durante la interpretaci\u00f3n de Fotograf\u00eda, cuando, en un giro inesperado, el p\u00fablico escuch\u00f3 la inconfundible voz de&nbsp;<strong>Mon Laferte<\/strong>, quien apareci\u00f3 como invitada sorpresa\u2026 Hacia el final del show, la reacci\u00f3n del p\u00fablico fue constante y pr\u00e1cticamente un\u00e1nime\u2026 exigiendo a viva voz los premios del Festival para el artista colombiano. As\u00ed, en ese tramo final, Juanes recibi\u00f3 de inmediato&nbsp;<strong>las Gaviotas de Plata y de Oro<\/strong>.<\/em>\u201d \u2013&nbsp;<strong>CNN<\/strong><\/p>\n\n\n<div class=\"wp-block-image\">\n<figure class=\"aligncenter size-large\"><img loading=\"lazy\" decoding=\"async\" width=\"1024\" height=\"534\" src=\"https:\/\/entrenotasyacordes.com\/wp-content\/uploads\/2026\/03\/img_0643-1024x534.jpg\" class=\"wp-image-19933\" srcset=\"https:\/\/entrenotasyacordes.com\/wp-content\/uploads\/2026\/03\/img_0643-1024x534.jpg 1024w, https:\/\/entrenotasyacordes.com\/wp-content\/uploads\/2026\/03\/img_0643-300x157.jpg 300w, https:\/\/entrenotasyacordes.com\/wp-content\/uploads\/2026\/03\/img_0643-768x401.jpg 768w, https:\/\/entrenotasyacordes.com\/wp-content\/uploads\/2026\/03\/img_0643.jpg 1184w\" sizes=\"auto, (max-width: 1024px) 100vw, 1024px\" \/><\/figure>\n<\/div>","protected":false},"excerpt":{"rendered":"<p>EL ESTRENO DEL \u00c1LBUM CONCEPTUAL DE 16 CANCIONES, QUE EXPLORA LA DUALIDAD PERSONAL, LLEGA ACOMPA\u00d1ADO<\/p>\n","protected":false},"author":5,"featured_media":19934,"comment_status":"closed","ping_status":"","sticky":false,"template":"","format":"standard","meta":{"om_disable_all_campaigns":false,"_uf_show_specific_survey":0,"_uf_disable_surveys":false,"footnotes":""},"categories":[4],"tags":[],"class_list":["post-19935","post","type-post","status-publish","format-standard","has-post-thumbnail","hentry","category-musica"],"_links":{"self":[{"href":"https:\/\/entrenotasyacordes.com\/index.php?rest_route=\/wp\/v2\/posts\/19935","targetHints":{"allow":["GET"]}}],"collection":[{"href":"https:\/\/entrenotasyacordes.com\/index.php?rest_route=\/wp\/v2\/posts"}],"about":[{"href":"https:\/\/entrenotasyacordes.com\/index.php?rest_route=\/wp\/v2\/types\/post"}],"author":[{"embeddable":true,"href":"https:\/\/entrenotasyacordes.com\/index.php?rest_route=\/wp\/v2\/users\/5"}],"replies":[{"embeddable":true,"href":"https:\/\/entrenotasyacordes.com\/index.php?rest_route=%2Fwp%2Fv2%2Fcomments&post=19935"}],"version-history":[{"count":1,"href":"https:\/\/entrenotasyacordes.com\/index.php?rest_route=\/wp\/v2\/posts\/19935\/revisions"}],"predecessor-version":[{"id":19936,"href":"https:\/\/entrenotasyacordes.com\/index.php?rest_route=\/wp\/v2\/posts\/19935\/revisions\/19936"}],"wp:featuredmedia":[{"embeddable":true,"href":"https:\/\/entrenotasyacordes.com\/index.php?rest_route=\/wp\/v2\/media\/19934"}],"wp:attachment":[{"href":"https:\/\/entrenotasyacordes.com\/index.php?rest_route=%2Fwp%2Fv2%2Fmedia&parent=19935"}],"wp:term":[{"taxonomy":"category","embeddable":true,"href":"https:\/\/entrenotasyacordes.com\/index.php?rest_route=%2Fwp%2Fv2%2Fcategories&post=19935"},{"taxonomy":"post_tag","embeddable":true,"href":"https:\/\/entrenotasyacordes.com\/index.php?rest_route=%2Fwp%2Fv2%2Ftags&post=19935"}],"curies":[{"name":"wp","href":"https:\/\/api.w.org\/{rel}","templated":true}]}}