{"id":19939,"date":"2026-03-11T12:02:15","date_gmt":"2026-03-11T12:02:15","guid":{"rendered":"https:\/\/entrenotasyacordes.com\/?p=19939"},"modified":"2026-03-11T12:02:15","modified_gmt":"2026-03-11T12:02:15","slug":"emmanuel-horvilleur-presenta-mi-ano-gotico-en-la-plata-san-miguel-quilmes-y-capital-federal","status":"publish","type":"post","link":"https:\/\/entrenotasyacordes.com\/?p=19939","title":{"rendered":"EMMANUEL HORVILLEUR PRESENTA \u201cMI A\u00d1O G\u00d3TICO\u201d EN LA PLATA, SAN MIGUEL, QUILMES Y CAPITAL FEDERAL"},"content":{"rendered":"<div class=\"wp-block-image\">\n<figure class=\"aligncenter size-large\"><img loading=\"lazy\" decoding=\"async\" width=\"819\" height=\"1024\" src=\"https:\/\/entrenotasyacordes.com\/wp-content\/uploads\/2026\/03\/img_0645-819x1024.jpg\" alt=\"\" class=\"wp-image-19937\" srcset=\"https:\/\/entrenotasyacordes.com\/wp-content\/uploads\/2026\/03\/img_0645-819x1024.jpg 819w, https:\/\/entrenotasyacordes.com\/wp-content\/uploads\/2026\/03\/img_0645-240x300.jpg 240w, https:\/\/entrenotasyacordes.com\/wp-content\/uploads\/2026\/03\/img_0645-768x960.jpg 768w, https:\/\/entrenotasyacordes.com\/wp-content\/uploads\/2026\/03\/img_0645-1229x1536.jpg 1229w, https:\/\/entrenotasyacordes.com\/wp-content\/uploads\/2026\/03\/img_0645-1024x1280.jpg 1024w, https:\/\/entrenotasyacordes.com\/wp-content\/uploads\/2026\/03\/img_0645.jpg 1600w\" sizes=\"auto, (max-width: 819px) 100vw, 819px\" \/><\/figure>\n<\/div>\n\n\n<p><strong>Emmanuel Horvilleur<\/strong>&nbsp;presenta su nuevo disco&nbsp;<strong>\u00a8Mi A\u00f1o G\u00f3tico\u00a8&nbsp;<\/strong>&nbsp;en&nbsp;<strong>Buenos Aires, La Plata, San Miguel y Quilmes.<\/strong><\/p>\n\n\n\n<p>Con un repertorio totalmente renovado y nuevas versiones de sus canciones m\u00e1s conocidas, la celebraci\u00f3n con su p\u00fablico ser\u00e1:<\/p>\n\n\n\n<p><strong>Viernes 15 de mayo &#8211; XLR Club San Miguel &#8211;&nbsp;<a href=\"https:\/\/livepass.com.ar\/events\/emmanuel-horvilleur-en-san-miguel?utm_source=perfit&amp;utm_medium=email\" rel=\"noreferrer noopener\" target=\"_blank\">TICKETS<\/a><\/strong><\/p>\n\n\n\n<p><strong>S\u00e1bado 16 de mayo &#8211; Teatro \u00d3pera La Plata &#8211;&nbsp;<a href=\"https:\/\/livepass.com.ar\/events\/emmanuel-horvilleur-en-el-teatro-opera-lp-16-05?utm_source=perfit&amp;utm_medium=email\" rel=\"noreferrer noopener\" target=\"_blank\">TICKETS<\/a><\/strong><\/p>\n\n\n\n<p><strong>Viernes 12 de junio &#8211; Club Re &#8211; Quilmes &#8211;&nbsp;<a href=\"https:\/\/livepass.com.ar\/events\/emmanuel-horvilleur-en-club-re?utm_source=perfit&amp;utm_medium=email\" rel=\"noreferrer noopener\" target=\"_blank\">TICKETS<\/a><\/strong><\/p>\n\n\n\n<p><strong>S\u00e1bado 15 de agosto &#8211; C Art Media &#8211; CABA &#8211;&nbsp;<a href=\"https:\/\/www.passline.com\/eventos\/emmanuel-horvilleur-c-art-media?utm_source=perfit&amp;utm_medium=email\" rel=\"noreferrer noopener\" target=\"_blank\">TICKETS<\/a><\/strong><\/p>\n\n\n\n<p>Emmanuel Horvilleur siempre se reinventa en cada etapa de su carrera. Sus lanzamientos y sus presentaciones en vivo siempre han sido muestra de ello.<\/p>\n\n\n\n<p>Mi a\u00f1o G\u00f3tico posee una est\u00e9tica cuidada y un sonido que combina elegancia, frescura y riesgo.<\/p>\n\n\n\n<p>Tiene colaboraciones de lujo como Ale Sergi, Javiera Mena, Fito P\u00e1ez y Juli\u00e1n Kartun.<\/p>\n\n\n<div class=\"wp-block-image\">\n<figure class=\"aligncenter size-large\"><img loading=\"lazy\" decoding=\"async\" width=\"1024\" height=\"1009\" src=\"https:\/\/entrenotasyacordes.com\/wp-content\/uploads\/2026\/03\/img_0646-1024x1009.jpg\" alt=\"\" class=\"wp-image-19938\" srcset=\"https:\/\/entrenotasyacordes.com\/wp-content\/uploads\/2026\/03\/img_0646-1024x1009.jpg 1024w, https:\/\/entrenotasyacordes.com\/wp-content\/uploads\/2026\/03\/img_0646-300x296.jpg 300w, https:\/\/entrenotasyacordes.com\/wp-content\/uploads\/2026\/03\/img_0646-768x756.jpg 768w, https:\/\/entrenotasyacordes.com\/wp-content\/uploads\/2026\/03\/img_0646-1536x1513.jpg 1536w, https:\/\/entrenotasyacordes.com\/wp-content\/uploads\/2026\/03\/img_0646-50x50.jpg 50w, https:\/\/entrenotasyacordes.com\/wp-content\/uploads\/2026\/03\/img_0646.jpg 2000w\" sizes=\"auto, (max-width: 1024px) 100vw, 1024px\" \/><\/figure>\n<\/div>\n\n\n<p>Desde el lanzamiento de MI A\u00d1O G\u00d3TICO (noviembre 2025, su \u00faltimo \u00e1lbum, el octavo en su carrera, Horvilleur ha continuado dejando su marca en la escena musical argentina. Su legado incluye memorables presentaciones como su &nbsp;show sold out en el legendario estadio Obras, as\u00ed como giras por todo el pa\u00eds y participaciones destacadas en diversos festivales de renombre.<\/p>\n","protected":false},"excerpt":{"rendered":"<p>Emmanuel Horvilleur&nbsp;presenta su nuevo disco&nbsp;\u00a8Mi A\u00f1o G\u00f3tico\u00a8&nbsp;&nbsp;en&nbsp;Buenos Aires, La Plata, San Miguel y Quilmes. Con<\/p>\n","protected":false},"author":5,"featured_media":19937,"comment_status":"closed","ping_status":"","sticky":false,"template":"","format":"standard","meta":{"om_disable_all_campaigns":false,"_uf_show_specific_survey":0,"_uf_disable_surveys":false,"footnotes":""},"categories":[36],"tags":[],"class_list":["post-19939","post","type-post","status-publish","format-standard","has-post-thumbnail","hentry","category-conciertos"],"_links":{"self":[{"href":"https:\/\/entrenotasyacordes.com\/index.php?rest_route=\/wp\/v2\/posts\/19939","targetHints":{"allow":["GET"]}}],"collection":[{"href":"https:\/\/entrenotasyacordes.com\/index.php?rest_route=\/wp\/v2\/posts"}],"about":[{"href":"https:\/\/entrenotasyacordes.com\/index.php?rest_route=\/wp\/v2\/types\/post"}],"author":[{"embeddable":true,"href":"https:\/\/entrenotasyacordes.com\/index.php?rest_route=\/wp\/v2\/users\/5"}],"replies":[{"embeddable":true,"href":"https:\/\/entrenotasyacordes.com\/index.php?rest_route=%2Fwp%2Fv2%2Fcomments&post=19939"}],"version-history":[{"count":2,"href":"https:\/\/entrenotasyacordes.com\/index.php?rest_route=\/wp\/v2\/posts\/19939\/revisions"}],"predecessor-version":[{"id":19941,"href":"https:\/\/entrenotasyacordes.com\/index.php?rest_route=\/wp\/v2\/posts\/19939\/revisions\/19941"}],"wp:featuredmedia":[{"embeddable":true,"href":"https:\/\/entrenotasyacordes.com\/index.php?rest_route=\/wp\/v2\/media\/19937"}],"wp:attachment":[{"href":"https:\/\/entrenotasyacordes.com\/index.php?rest_route=%2Fwp%2Fv2%2Fmedia&parent=19939"}],"wp:term":[{"taxonomy":"category","embeddable":true,"href":"https:\/\/entrenotasyacordes.com\/index.php?rest_route=%2Fwp%2Fv2%2Fcategories&post=19939"},{"taxonomy":"post_tag","embeddable":true,"href":"https:\/\/entrenotasyacordes.com\/index.php?rest_route=%2Fwp%2Fv2%2Ftags&post=19939"}],"curies":[{"name":"wp","href":"https:\/\/api.w.org\/{rel}","templated":true}]}}