{"id":19944,"date":"2026-03-13T14:01:51","date_gmt":"2026-03-13T14:01:51","guid":{"rendered":"https:\/\/entrenotasyacordes.com\/?p=19944"},"modified":"2026-03-13T14:01:51","modified_gmt":"2026-03-13T14:01:51","slug":"piti-fernandez-en-club-re","status":"publish","type":"post","link":"https:\/\/entrenotasyacordes.com\/?p=19944","title":{"rendered":"PITI FERNANDEZ EN CLUB RE"},"content":{"rendered":"<div class=\"wp-block-image\">\n<figure class=\"aligncenter size-large\"><img loading=\"lazy\" decoding=\"async\" width=\"1024\" height=\"1024\" src=\"https:\/\/entrenotasyacordes.com\/wp-content\/uploads\/2026\/03\/img_0668-1024x1024.png\" class=\"wp-image-19942\" srcset=\"https:\/\/entrenotasyacordes.com\/wp-content\/uploads\/2026\/03\/img_0668-1024x1024.png 1024w, https:\/\/entrenotasyacordes.com\/wp-content\/uploads\/2026\/03\/img_0668-300x300.png 300w, https:\/\/entrenotasyacordes.com\/wp-content\/uploads\/2026\/03\/img_0668-150x150.png 150w, https:\/\/entrenotasyacordes.com\/wp-content\/uploads\/2026\/03\/img_0668-768x768.png 768w, https:\/\/entrenotasyacordes.com\/wp-content\/uploads\/2026\/03\/img_0668-50x50.png 50w, https:\/\/entrenotasyacordes.com\/wp-content\/uploads\/2026\/03\/img_0668.png 1080w\" sizes=\"auto, (max-width: 1024px) 100vw, 1024px\" \/><\/figure>\n<\/div>\n\n\n<p><strong>Piti Fern\u00e1ndez<\/strong>&nbsp;llega a<strong>&nbsp;Club Re (Quilmes)<\/strong>&nbsp;el&nbsp;<strong>s\u00e1bado 28<\/strong>&nbsp;de marzo para hacer un repaso por su carrera solista, la cual cuenta con tres discos \u201cConmigo Mismo\u201d, \u201cPNL\u201d y \u201cTuertos Vivos\u201d, este \u00faltimo es un disco conceptual que fue lanzado en 2024 con letras atravesadas por los tiempos de la post verdad, los or\u00edgenes de las cosas y la b\u00fasqueda de nuevos horizontes.<\/p>\n\n\n\n<p><strong>Entradas a la venta por sistema&nbsp;<a href=\"https:\/\/livepass.com.ar\/events\/piti-fernandez-en-club-re?utm_source=perfit&amp;utm_medium=email\" rel=\"noreferrer noopener\" target=\"_blank\">Livepass<\/a><\/strong><\/p>\n\n\n\n<p><strong>Comprando con tarjetas del Banco Provincia tenes 4 cuotas sin inter\u00e9s<\/strong><\/p>\n\n\n<div class=\"wp-block-image\">\n<figure class=\"aligncenter size-large\"><img loading=\"lazy\" decoding=\"async\" width=\"1024\" height=\"683\" src=\"https:\/\/entrenotasyacordes.com\/wp-content\/uploads\/2026\/03\/img_0669-1024x683.jpg\" class=\"wp-image-19943\" srcset=\"https:\/\/entrenotasyacordes.com\/wp-content\/uploads\/2026\/03\/img_0669-1024x683.jpg 1024w, https:\/\/entrenotasyacordes.com\/wp-content\/uploads\/2026\/03\/img_0669-300x200.jpg 300w, https:\/\/entrenotasyacordes.com\/wp-content\/uploads\/2026\/03\/img_0669-768x512.jpg 768w, https:\/\/entrenotasyacordes.com\/wp-content\/uploads\/2026\/03\/img_0669-1536x1025.jpg 1536w, https:\/\/entrenotasyacordes.com\/wp-content\/uploads\/2026\/03\/img_0669.jpg 2000w\" sizes=\"auto, (max-width: 1024px) 100vw, 1024px\" \/><\/figure>\n<\/div>\n\n\n<p>Durante el 2025, realiz\u00f3 una gira por toda Argentina que lo llev\u00f3 por C\u00f3rdoba, Mendoza, San Juan, Santa Fe, Entre R\u00edos, La Pampa, Neuqu\u00e9n, Rafaela, Concordia, Jun\u00edn, Rufino, San Miguel, Tandil, Tandil, Olavarr\u00eda, Mar Del Plata, Bah\u00eda Blanca, Necochea, La Plata y Rosario.<\/p>\n\n\n\n<p>Su trabajo anterior fue \u201cCaminos Br\u00edos\u201d de 2022, que cuenta con invitados como Ricardo Tapia de La Mississippi, Mart\u00edn \u201cMono\u201d Fabio de Kapanga, Claudia Puy\u00f3, \u201cAlambre\u201d Gonz\u00e1lez<\/p>\n","protected":false},"excerpt":{"rendered":"<p>Piti Fern\u00e1ndez&nbsp;llega a&nbsp;Club Re (Quilmes)&nbsp;el&nbsp;s\u00e1bado 28&nbsp;de marzo para hacer un repaso por su carrera solista,<\/p>\n","protected":false},"author":5,"featured_media":19942,"comment_status":"closed","ping_status":"","sticky":false,"template":"","format":"standard","meta":{"om_disable_all_campaigns":false,"_uf_show_specific_survey":0,"_uf_disable_surveys":false,"footnotes":""},"categories":[36],"tags":[],"class_list":["post-19944","post","type-post","status-publish","format-standard","has-post-thumbnail","hentry","category-conciertos"],"_links":{"self":[{"href":"https:\/\/entrenotasyacordes.com\/index.php?rest_route=\/wp\/v2\/posts\/19944","targetHints":{"allow":["GET"]}}],"collection":[{"href":"https:\/\/entrenotasyacordes.com\/index.php?rest_route=\/wp\/v2\/posts"}],"about":[{"href":"https:\/\/entrenotasyacordes.com\/index.php?rest_route=\/wp\/v2\/types\/post"}],"author":[{"embeddable":true,"href":"https:\/\/entrenotasyacordes.com\/index.php?rest_route=\/wp\/v2\/users\/5"}],"replies":[{"embeddable":true,"href":"https:\/\/entrenotasyacordes.com\/index.php?rest_route=%2Fwp%2Fv2%2Fcomments&post=19944"}],"version-history":[{"count":1,"href":"https:\/\/entrenotasyacordes.com\/index.php?rest_route=\/wp\/v2\/posts\/19944\/revisions"}],"predecessor-version":[{"id":19945,"href":"https:\/\/entrenotasyacordes.com\/index.php?rest_route=\/wp\/v2\/posts\/19944\/revisions\/19945"}],"wp:featuredmedia":[{"embeddable":true,"href":"https:\/\/entrenotasyacordes.com\/index.php?rest_route=\/wp\/v2\/media\/19942"}],"wp:attachment":[{"href":"https:\/\/entrenotasyacordes.com\/index.php?rest_route=%2Fwp%2Fv2%2Fmedia&parent=19944"}],"wp:term":[{"taxonomy":"category","embeddable":true,"href":"https:\/\/entrenotasyacordes.com\/index.php?rest_route=%2Fwp%2Fv2%2Fcategories&post=19944"},{"taxonomy":"post_tag","embeddable":true,"href":"https:\/\/entrenotasyacordes.com\/index.php?rest_route=%2Fwp%2Fv2%2Ftags&post=19944"}],"curies":[{"name":"wp","href":"https:\/\/api.w.org\/{rel}","templated":true}]}}