{"id":19948,"date":"2026-03-13T14:04:41","date_gmt":"2026-03-13T14:04:41","guid":{"rendered":"https:\/\/entrenotasyacordes.com\/?p=19948"},"modified":"2026-03-13T14:04:41","modified_gmt":"2026-03-13T14:04:41","slug":"ambkor-anuncia-su-regreso-a-buenos-aires","status":"publish","type":"post","link":"https:\/\/entrenotasyacordes.com\/?p=19948","title":{"rendered":"AMBKOR ANUNCIA SU REGRESO A BUENOS AIRES"},"content":{"rendered":"\n<p class=\"has-text-align-center\"><strong>3 DE OCTUBRE | NICETO CLUB<\/strong><\/p>\n\n\n<div class=\"wp-block-image\">\n<figure class=\"aligncenter size-large\"><img loading=\"lazy\" decoding=\"async\" width=\"225\" height=\"300\" src=\"https:\/\/entrenotasyacordes.com\/wp-content\/uploads\/2026\/03\/img_0670-225x300.jpg\" class=\"wp-image-19946\" srcset=\"https:\/\/entrenotasyacordes.com\/wp-content\/uploads\/2026\/03\/img_0670-225x300.jpg 225w, https:\/\/entrenotasyacordes.com\/wp-content\/uploads\/2026\/03\/img_0670.jpg 600w\" sizes=\"auto, (max-width: 225px) 100vw, 225px\" \/><\/figure>\n<\/div>\n\n\n<p class=\"default\" id=\"isPasted\"><strong>AMBKOR<\/strong>, artista de Hip Hop Barcelon\u00e9s, afincado en Madrid, es sin duda, una de las actuales referencias en el g\u00e9nero y consolidado desde hace ya varios a\u00f1os tanto nacional como internacionalmente.<\/p>\n\n\n\n<p class=\"default\">M\u00e1s de 45 shows, m\u00e1s de 20.000 entradas vendidas, varios Sold Out a sus espaldas y 7 pa\u00edses, lo convierten sin ninguna duda, en el n\u00famero 1 del rap de sentimientos.<\/p>\n\n\n\n<p class=\"default\">En el marco del lanzamiento de su nuevo \u00e1lbum&nbsp;<strong>\u201cLos \u00daltimos Vivos\u201d<\/strong>, el artista espa\u00f1ol llega nuevamente a Buenos Aires para compartir una noche cargada de emociones junto a sus grandes \u00e9xitos y sus nuevas canciones. La cita ser\u00e1 el<strong>&nbsp;3 de octubre en Niceto Club&nbsp;<\/strong>y las entrada estar\u00e1n a la venta este Martes 10 de marzo 12hs en&nbsp;<a href=\"https:\/\/aafop.r.a.d.sendibm1.com\/mk\/cl\/f\/sh\/6rqJfgq8dISlVghnk0szPBNQ0g9\/tfiT2LgOFi-O\" target=\"_blank\" rel=\"noreferrer noopener\"><u>www.venti.com.ar<\/u><\/a><\/p>\n\n\n\n<p class=\"default\"><strong>\u201cLOS \u00daLTIMOS VIVOS\u201d<\/strong>, es el \u00faltimo \u00e1lbum de Ambkor para este 2026, compuesto por 20 canciones divididas en 4 EP\u2019s, que representan las 4 estaciones y con colaboraciones tan diversas como Sh\u00e9, Santu, Ramudo, El Choj\u00edn, ZPU, Locus, Sharif, Warma, Brock Ansiolitiko, Diegote.<\/p>\n\n\n\n<p class=\"default\">Este disco es, sin ninguna duda, el punto m\u00e1s intenso de su carrera y ahora, toca presentarlo en directo, junto con todos los cl\u00e1sicos de su carrera, con un show lleno de magia, intensidad, emociones, l\u00e1grimas y risas. No te pierdas un concierto que no va ha dejar a nadie indiferente. Y t\u00fa&#8230; \u00bfEres uno de \u201cLos \u00faltimos vivos\u201d?<\/p>\n\n\n\n<p class=\"default\">Sensible, delicado y emotivo, el rap de Ambkor hurga en las cicatrices con una perspectiva muy personal, con un cuidado por las melod\u00edas y letras que son dardos al coraz\u00f3n, que golpean fuerte y permanecen para siempre. Rap que reivindica las emociones y la salud mental, con la serenidad de quien sabe encontrar la belleza en lo cotidiano. L\u00edrica brillante e inspirada para el siglo 21.<\/p>\n\n\n<div class=\"wp-block-image\">\n<figure class=\"aligncenter size-large\"><img loading=\"lazy\" decoding=\"async\" width=\"300\" height=\"200\" src=\"https:\/\/entrenotasyacordes.com\/wp-content\/uploads\/2026\/03\/img_0671-300x200.jpg\" class=\"wp-image-19947\" srcset=\"https:\/\/entrenotasyacordes.com\/wp-content\/uploads\/2026\/03\/img_0671-300x200.jpg 300w, https:\/\/entrenotasyacordes.com\/wp-content\/uploads\/2026\/03\/img_0671.jpg 600w\" sizes=\"auto, (max-width: 300px) 100vw, 300px\" \/><\/figure>\n<\/div>\n\n\n<p class=\"default\" id=\"isPasted\">En 2022 public\u00f3 su \u00e1lbum \u00abNudos\u00bb, acompa\u00f1ado de una exitosa gira de conciertos por salas y festivales de Espa\u00f1a, M\u00e9xico, Argentina, Colombia, Uruguay, Chile y Per\u00fa.<\/p>\n\n\n\n<p class=\"default\">A finales de 2023, puso el broche final al \u00e1lbum con un \u201cFIN DE GIRA\u201d con 3 \u00fanicos conciertos en Barcelona (Sala Apolo), Madrid (Sala La Riviera) y M\u00e9xico (Auditorio BB) con m\u00e1s de 6000 entradas vendidas.<\/p>\n\n\n\n<p class=\"default\">En 2024, lanza su siguiente disco titulado \u00abRocketman\u00bb, con colaboraci\u00f3n tan diversas como Emanero, Nanpa B\u00e1sico, SwitEme, Lefty SM, El Choj\u00edn, ZPU, Morodo, El Santo, Dante.<\/p>\n\n\n\n<p class=\"default\">Entre 2024 y principios de 2025, inicia la Gira Nacional \u00abRocketman Tour\u00bb con m\u00e1s de 17 conciertos por todo el pa\u00eds, as\u00ed como la Gira Internacional, la m\u00e1s extensa de su carrera, en donde recorrer\u00e1 M\u00e9xico, Argentina, Uruguay, Chile, Per\u00fa, Ecuador, Guatemala, Costa Rica, Colombia y EEUU. Durante ese a\u00f1o, combina la Gira con el lanzamiento de varios singles bajo el nombre \u201cEl r\u00edo de la vida\u201d.<\/p>\n","protected":false},"excerpt":{"rendered":"<p>3 DE OCTUBRE | NICETO CLUB AMBKOR, artista de Hip Hop Barcelon\u00e9s, afincado en Madrid,<\/p>\n","protected":false},"author":5,"featured_media":19946,"comment_status":"closed","ping_status":"","sticky":false,"template":"","format":"standard","meta":{"om_disable_all_campaigns":false,"_uf_show_specific_survey":0,"_uf_disable_surveys":false,"footnotes":""},"categories":[36],"tags":[],"class_list":["post-19948","post","type-post","status-publish","format-standard","has-post-thumbnail","hentry","category-conciertos"],"_links":{"self":[{"href":"https:\/\/entrenotasyacordes.com\/index.php?rest_route=\/wp\/v2\/posts\/19948","targetHints":{"allow":["GET"]}}],"collection":[{"href":"https:\/\/entrenotasyacordes.com\/index.php?rest_route=\/wp\/v2\/posts"}],"about":[{"href":"https:\/\/entrenotasyacordes.com\/index.php?rest_route=\/wp\/v2\/types\/post"}],"author":[{"embeddable":true,"href":"https:\/\/entrenotasyacordes.com\/index.php?rest_route=\/wp\/v2\/users\/5"}],"replies":[{"embeddable":true,"href":"https:\/\/entrenotasyacordes.com\/index.php?rest_route=%2Fwp%2Fv2%2Fcomments&post=19948"}],"version-history":[{"count":1,"href":"https:\/\/entrenotasyacordes.com\/index.php?rest_route=\/wp\/v2\/posts\/19948\/revisions"}],"predecessor-version":[{"id":19949,"href":"https:\/\/entrenotasyacordes.com\/index.php?rest_route=\/wp\/v2\/posts\/19948\/revisions\/19949"}],"wp:featuredmedia":[{"embeddable":true,"href":"https:\/\/entrenotasyacordes.com\/index.php?rest_route=\/wp\/v2\/media\/19946"}],"wp:attachment":[{"href":"https:\/\/entrenotasyacordes.com\/index.php?rest_route=%2Fwp%2Fv2%2Fmedia&parent=19948"}],"wp:term":[{"taxonomy":"category","embeddable":true,"href":"https:\/\/entrenotasyacordes.com\/index.php?rest_route=%2Fwp%2Fv2%2Fcategories&post=19948"},{"taxonomy":"post_tag","embeddable":true,"href":"https:\/\/entrenotasyacordes.com\/index.php?rest_route=%2Fwp%2Fv2%2Ftags&post=19948"}],"curies":[{"name":"wp","href":"https:\/\/api.w.org\/{rel}","templated":true}]}}