{"id":19952,"date":"2026-03-13T14:08:02","date_gmt":"2026-03-13T14:08:02","guid":{"rendered":"https:\/\/entrenotasyacordes.com\/?p=19952"},"modified":"2026-03-13T14:08:02","modified_gmt":"2026-03-13T14:08:02","slug":"jorge-drexler-presenta-taraca-su-esperado-nuevo-disco","status":"publish","type":"post","link":"https:\/\/entrenotasyacordes.com\/?p=19952","title":{"rendered":"JORGE DREXLER PRESENTA, \u201cTARAC\u00c1\u201d, SU ESPERADO NUEVO DISCO"},"content":{"rendered":"<div class=\"wp-block-image\">\n<figure class=\"aligncenter size-large\"><img loading=\"lazy\" decoding=\"async\" width=\"300\" height=\"300\" src=\"https:\/\/entrenotasyacordes.com\/wp-content\/uploads\/2026\/03\/img_0672-300x300.jpg\" class=\"wp-image-19950\" srcset=\"https:\/\/entrenotasyacordes.com\/wp-content\/uploads\/2026\/03\/img_0672-300x300.jpg 300w, https:\/\/entrenotasyacordes.com\/wp-content\/uploads\/2026\/03\/img_0672-150x150.jpg 150w, https:\/\/entrenotasyacordes.com\/wp-content\/uploads\/2026\/03\/img_0672-768x768.jpg 768w, https:\/\/entrenotasyacordes.com\/wp-content\/uploads\/2026\/03\/img_0672-50x50.jpg 50w, https:\/\/entrenotasyacordes.com\/wp-content\/uploads\/2026\/03\/img_0672.jpg 834w\" sizes=\"auto, (max-width: 300px) 100vw, 300px\" \/><\/figure>\n<\/div>\n\n\n<p class=\"c6\">El m\u00fasico, compositor y cantante uruguayo Jorge Drexler, una de las voces m\u00e1s influyentes de la m\u00fasica iberoamericana contempor\u00e1nea, presenta su nuevo trabajo discogr\u00e1fico, \u201cTARAC\u00c1\u201d, ya disponible.<\/p>\n\n\n\n<p class=\"c2\">&nbsp;Con m\u00e1s de tres d\u00e9cadas de trayectoria, Drexler ha construido una obra s\u00f3lida y singular dentro del panorama musical internacional. A lo largo de su carrera ha publicado quince discos de estudio y ha llevado su m\u00fasica a escenarios de todo el mundo, consolidando una propuesta art\u00edstica marcada por la curiosidad, la experimentaci\u00f3n y una profunda sensibilidad po\u00e9tica.<\/p>\n\n\n\n<p class=\"c2\">&nbsp;Su multi galardonada obra se caracteriza por ser un di\u00e1logo constante entre m\u00fasica, literatura y conocimiento, con letras que transitan con naturalidad entre la poes\u00eda y la ciencia. Apasionado de la palabra \u2014y de la d\u00e9cima\u2014 Drexler ha desarrollado un lenguaje propio que explora las emociones mientras busca tender puentes entre culturas y sociedades, apelando a la empat\u00eda y a los v\u00ednculos que nos conectan.<\/p>\n\n\n\n<p class=\"c2\">En este momento especialmente f\u00e9rtil de su carrera, el artista comparte hoy con el p\u00fablico \u201cTARAC\u00c1\u201d, un \u00e1lbum que propone un nuevo cap\u00edtulo en su trayectoria creativa.&nbsp;<a class=\"c5\" href=\"https:\/\/mkprensa.mailrelay-iv.es\/c\/w6jqk2\/e24unhuy\/krl0txfhg0s\">El disco se presenta como un trabajo de puentes: generacionales y geogr\u00e1ficos, estil\u00edsticos y temporales, concretos y simb\u00f3licos.<\/a>&nbsp;Uruguay, Puerto Rico y Espa\u00f1a son los v\u00e9rtices de esta triada.&nbsp;Con la clave del candombe uruguayo como hilo conductor y transversal, Drexler presenta once cortes bellos, sonoros, frondosos, con&nbsp;<a class=\"c5\" href=\"https:\/\/mkprensa.mailrelay-iv.es\/c\/w6jqk2\/e24unhuy\/n3xvcawve_s\">la letra<\/a>&nbsp;y el tambor&nbsp;como principales protagonistas en la mayor\u00eda de canciones.<br><br>\u201cTARAC\u00c1\u201d,&nbsp;<a class=\"c5\" href=\"https:\/\/mkprensa.mailrelay-iv.es\/c\/w6jqk2\/e24unhuy\/eci-8jyiiyg\">cuyo t\u00edtulo es una af\u00e9resis de \u201cestar ac\u00e1\u201d<\/a>&nbsp;-y un juego con el ritmo del tambor chico- funciona tambi\u00e9n como una comunidad musical, que invita a la mesa a la Rueda de Candombe, el artista Am\u00e9rico Young, la murga Falta y Resto, la rapera puertorrique\u00f1a Young Miko, el guitarrista Julio Cobeli y la cantaora de flamenco \u00c1ngeles Toledano. A trav\u00e9s de estas colaboraciones, el disco se convierte en un abanico de patrimonio musical que dialoga con distintos or\u00edgenes y miradas art\u00edsticas. Un pantone que completa la producci\u00f3n de Lucas Piedra Cueva, Mauro, Tadu V\u00e1zquez, Gabo Lugo, Facundo Balta y el propio Drexler. Mezclado por Carles \u201cCampi\u201d Camp\u00f3n y masterizado por Fred Kevorkian.<\/p>\n\n\n\n<p class=\"c6\">La creatividad audiovisual del disco ha sido un trabajo inteligente y afilado, am\u00e9n de colectivo. El arte y dise\u00f1o f\u00edsico del \u00e1lbum corre a cargo de Bandiz Studio (David Heofs y Sergio Polvorinos). Los directores Joana Colomar y Rodrigo M\u00e9ndez co dirigen los visuales (lyric videos) que sirven de soporte a cada canci\u00f3n -adem\u00e1s del videoclip del segundo adelanto, \u201c\u00bfQu\u00e9 ser\u00e1 que es?\u201d. El primer v\u00eddeo, \u201cToco madera\u201d, lo firmaba Mario Arenas sobre una idea de Jorge Drexler.<\/p>\n\n\n\n<p class=\"c2\">&nbsp;Este lanzamiento mundial llega acompa\u00f1ado de un impresionante showcase grabado en Montevideo, que presenta en directo alguna de las canciones de \u201cTARAC\u00c1\u201d. Una ventana al sonido vivo y presente de Uruguay, que, en apenas treinta minutos, abre el tesoro sonoro que es este disco.&nbsp;<\/p>\n\n\n\n<p class=\"c2\">&nbsp;Aqu\u00ed arranca el camino propio de \u201cTARAC\u00c1\u201d, tras la entrega del artista -que lleva escribiendo este \u00e1lbum media vida- ahora es del p\u00fablico y de todos aquellos que quieran cruzar los puentes que aqu\u00ed deja tendidos.<\/p>\n\n\n\n<p class=\"c2\">&nbsp;El nuevo \u00e1lbum de Jorge Drexler ya est\u00e1 disponible en todas las plataformas. La gira de presentaci\u00f3n ya tiene fechas confirmadas en Argentina, Chile, Brasil, Uruguay y Espa\u00f1a, con las entradas a la venta&nbsp;<a class=\"c5\" href=\"https:\/\/mkprensa.mailrelay-iv.es\/c\/w6jqk2\/e24unhuy\/vxeb7zv_zei\">aca<\/a><\/p>\n\n\n\n<p class=\"c6\">Pronto m\u00e1s ciudades se sumar\u00e1n a la lista.<\/p>\n\n\n<div class=\"wp-block-image\">\n<figure class=\"aligncenter size-large\"><img loading=\"lazy\" decoding=\"async\" width=\"240\" height=\"300\" src=\"https:\/\/entrenotasyacordes.com\/wp-content\/uploads\/2026\/03\/img_0673-240x300.jpg\" class=\"wp-image-19951\" srcset=\"https:\/\/entrenotasyacordes.com\/wp-content\/uploads\/2026\/03\/img_0673-240x300.jpg 240w, https:\/\/entrenotasyacordes.com\/wp-content\/uploads\/2026\/03\/img_0673.jpg 718w\" sizes=\"auto, (max-width: 240px) 100vw, 240px\" \/><\/figure>\n<\/div>","protected":false},"excerpt":{"rendered":"<p>El m\u00fasico, compositor y cantante uruguayo Jorge Drexler, una de las voces m\u00e1s influyentes de<\/p>\n","protected":false},"author":5,"featured_media":19950,"comment_status":"closed","ping_status":"","sticky":false,"template":"","format":"standard","meta":{"om_disable_all_campaigns":false,"_uf_show_specific_survey":0,"_uf_disable_surveys":false,"footnotes":""},"categories":[4],"tags":[],"class_list":["post-19952","post","type-post","status-publish","format-standard","has-post-thumbnail","hentry","category-musica"],"_links":{"self":[{"href":"https:\/\/entrenotasyacordes.com\/index.php?rest_route=\/wp\/v2\/posts\/19952","targetHints":{"allow":["GET"]}}],"collection":[{"href":"https:\/\/entrenotasyacordes.com\/index.php?rest_route=\/wp\/v2\/posts"}],"about":[{"href":"https:\/\/entrenotasyacordes.com\/index.php?rest_route=\/wp\/v2\/types\/post"}],"author":[{"embeddable":true,"href":"https:\/\/entrenotasyacordes.com\/index.php?rest_route=\/wp\/v2\/users\/5"}],"replies":[{"embeddable":true,"href":"https:\/\/entrenotasyacordes.com\/index.php?rest_route=%2Fwp%2Fv2%2Fcomments&post=19952"}],"version-history":[{"count":1,"href":"https:\/\/entrenotasyacordes.com\/index.php?rest_route=\/wp\/v2\/posts\/19952\/revisions"}],"predecessor-version":[{"id":19953,"href":"https:\/\/entrenotasyacordes.com\/index.php?rest_route=\/wp\/v2\/posts\/19952\/revisions\/19953"}],"wp:featuredmedia":[{"embeddable":true,"href":"https:\/\/entrenotasyacordes.com\/index.php?rest_route=\/wp\/v2\/media\/19950"}],"wp:attachment":[{"href":"https:\/\/entrenotasyacordes.com\/index.php?rest_route=%2Fwp%2Fv2%2Fmedia&parent=19952"}],"wp:term":[{"taxonomy":"category","embeddable":true,"href":"https:\/\/entrenotasyacordes.com\/index.php?rest_route=%2Fwp%2Fv2%2Fcategories&post=19952"},{"taxonomy":"post_tag","embeddable":true,"href":"https:\/\/entrenotasyacordes.com\/index.php?rest_route=%2Fwp%2Fv2%2Ftags&post=19952"}],"curies":[{"name":"wp","href":"https:\/\/api.w.org\/{rel}","templated":true}]}}