{"id":19959,"date":"2026-03-14T16:48:25","date_gmt":"2026-03-14T16:48:25","guid":{"rendered":"https:\/\/entrenotasyacordes.com\/?p=19959"},"modified":"2026-03-14T16:48:25","modified_gmt":"2026-03-14T16:48:25","slug":"los-gardelitos-por-primera-vez-en-el-hipodromo-la-plata","status":"publish","type":"post","link":"https:\/\/entrenotasyacordes.com\/?p=19959","title":{"rendered":"LOS GARDELITOS POR PRIMERA VEZ EN EL HIP\u00d3DROMO LA PLATA"},"content":{"rendered":"\n<figure class=\"wp-block-image size-large\"><img loading=\"lazy\" decoding=\"async\" width=\"1024\" height=\"1024\" src=\"https:\/\/entrenotasyacordes.com\/wp-content\/uploads\/2026\/03\/img_0684-1024x1024.jpg\" class=\"wp-image-19958\" srcset=\"https:\/\/entrenotasyacordes.com\/wp-content\/uploads\/2026\/03\/img_0684-1024x1024.jpg 1024w, https:\/\/entrenotasyacordes.com\/wp-content\/uploads\/2026\/03\/img_0684-300x300.jpg 300w, https:\/\/entrenotasyacordes.com\/wp-content\/uploads\/2026\/03\/img_0684-150x150.jpg 150w, https:\/\/entrenotasyacordes.com\/wp-content\/uploads\/2026\/03\/img_0684-768x768.jpg 768w, https:\/\/entrenotasyacordes.com\/wp-content\/uploads\/2026\/03\/img_0684-50x50.jpg 50w, https:\/\/entrenotasyacordes.com\/wp-content\/uploads\/2026\/03\/img_0684.jpg 1080w\" sizes=\"auto, (max-width: 1024px) 100vw, 1024px\" \/><\/figure>\n\n\n\n<p>Luego de su convocante presentaci\u00f3n en el Club Alem\u00e1n de Villa Ballester,&nbsp;<strong>Los Gardelitos<\/strong>&nbsp;vuelven a&nbsp;<strong>La Plata<\/strong>&nbsp;para presentarse por<strong>&nbsp;primera vez en el Hip\u00f3dromo<\/strong>&nbsp;de la ciudad.&nbsp;<\/p>\n\n\n\n<p>La banda integrada por Eli Su\u00e1rez (voz y guitarra), Jorge Rossi (bajo), Toto Ciccone (bater\u00eda) y la invitada Mar\u00eda Rosa (coros y ac\u00fastica) viene presentando en vivo su nueva canci\u00f3n de rocanrol El Sue\u00f1o de Los Locos (Letra y M\u00fasica: Eli Su\u00e1rez).<\/p>\n\n\n\n<p>El ansiado show est\u00e1 previsto para el&nbsp;&nbsp;<strong>viernes 1\u00b0 de mayo<\/strong>, 21hs.<\/p>\n\n\n\n<p><strong>Entradas a la venta por sistema&nbsp;<a href=\"https:\/\/livepass.com.ar\/events\/los-gardelitos-en-el-hipodromo-de-la-plata?utm_source=perfit&amp;utm_medium=email\" rel=\"noreferrer noopener\" target=\"_blank\">Livepass<\/a>&nbsp;y boleteria del Teatro \u00d3pera La Plata.<\/strong><\/p>\n\n\n\n<p><strong>Comprando tarjetas del Banco Provincia tenes 4 cuotas sin inter\u00e9s.<\/strong>&nbsp;<\/p>\n","protected":false},"excerpt":{"rendered":"<p>Luego de su convocante presentaci\u00f3n en el Club Alem\u00e1n de Villa Ballester,&nbsp;Los Gardelitos&nbsp;vuelven a&nbsp;La Plata&nbsp;para<\/p>\n","protected":false},"author":5,"featured_media":19958,"comment_status":"closed","ping_status":"","sticky":false,"template":"","format":"standard","meta":{"om_disable_all_campaigns":false,"_uf_show_specific_survey":0,"_uf_disable_surveys":false,"footnotes":""},"categories":[36],"tags":[],"class_list":["post-19959","post","type-post","status-publish","format-standard","has-post-thumbnail","hentry","category-conciertos"],"_links":{"self":[{"href":"https:\/\/entrenotasyacordes.com\/index.php?rest_route=\/wp\/v2\/posts\/19959","targetHints":{"allow":["GET"]}}],"collection":[{"href":"https:\/\/entrenotasyacordes.com\/index.php?rest_route=\/wp\/v2\/posts"}],"about":[{"href":"https:\/\/entrenotasyacordes.com\/index.php?rest_route=\/wp\/v2\/types\/post"}],"author":[{"embeddable":true,"href":"https:\/\/entrenotasyacordes.com\/index.php?rest_route=\/wp\/v2\/users\/5"}],"replies":[{"embeddable":true,"href":"https:\/\/entrenotasyacordes.com\/index.php?rest_route=%2Fwp%2Fv2%2Fcomments&post=19959"}],"version-history":[{"count":1,"href":"https:\/\/entrenotasyacordes.com\/index.php?rest_route=\/wp\/v2\/posts\/19959\/revisions"}],"predecessor-version":[{"id":19960,"href":"https:\/\/entrenotasyacordes.com\/index.php?rest_route=\/wp\/v2\/posts\/19959\/revisions\/19960"}],"wp:featuredmedia":[{"embeddable":true,"href":"https:\/\/entrenotasyacordes.com\/index.php?rest_route=\/wp\/v2\/media\/19958"}],"wp:attachment":[{"href":"https:\/\/entrenotasyacordes.com\/index.php?rest_route=%2Fwp%2Fv2%2Fmedia&parent=19959"}],"wp:term":[{"taxonomy":"category","embeddable":true,"href":"https:\/\/entrenotasyacordes.com\/index.php?rest_route=%2Fwp%2Fv2%2Fcategories&post=19959"},{"taxonomy":"post_tag","embeddable":true,"href":"https:\/\/entrenotasyacordes.com\/index.php?rest_route=%2Fwp%2Fv2%2Ftags&post=19959"}],"curies":[{"name":"wp","href":"https:\/\/api.w.org\/{rel}","templated":true}]}}