{"id":19962,"date":"2026-03-14T16:55:37","date_gmt":"2026-03-14T16:55:37","guid":{"rendered":"https:\/\/entrenotasyacordes.com\/?p=19962"},"modified":"2026-03-14T16:55:37","modified_gmt":"2026-03-14T16:55:37","slug":"abhir-presenta-glasgow-primer-adelanto-de-su-nuevo-album-ultraswan","status":"publish","type":"post","link":"https:\/\/entrenotasyacordes.com\/?p=19962","title":{"rendered":"ABHIR PRESENTA \u201cGLASGOW\u201d, PRIMER ADELANTO DE SU NUEVO \u00c1LBUM ULTRASWAN"},"content":{"rendered":"<div class=\"wp-block-image\">\n<figure class=\"aligncenter size-large\"><img loading=\"lazy\" decoding=\"async\" width=\"1024\" height=\"1024\" src=\"https:\/\/entrenotasyacordes.com\/wp-content\/uploads\/2026\/03\/img_0685-1024x1024.jpg\" class=\"wp-image-19961\" srcset=\"https:\/\/entrenotasyacordes.com\/wp-content\/uploads\/2026\/03\/img_0685-1024x1024.jpg 1024w, https:\/\/entrenotasyacordes.com\/wp-content\/uploads\/2026\/03\/img_0685-300x300.jpg 300w, https:\/\/entrenotasyacordes.com\/wp-content\/uploads\/2026\/03\/img_0685-150x150.jpg 150w, https:\/\/entrenotasyacordes.com\/wp-content\/uploads\/2026\/03\/img_0685-768x768.jpg 768w, https:\/\/entrenotasyacordes.com\/wp-content\/uploads\/2026\/03\/img_0685-1536x1536.jpg 1536w, https:\/\/entrenotasyacordes.com\/wp-content\/uploads\/2026\/03\/img_0685-50x50.jpg 50w, https:\/\/entrenotasyacordes.com\/wp-content\/uploads\/2026\/03\/img_0685.jpg 2000w\" sizes=\"auto, (max-width: 1024px) 100vw, 1024px\" \/><\/figure>\n<\/div>\n\n\n<p><strong>ABHIR<\/strong>, uno de los proyectos m\u00e1s innovadores del panorama musical espa\u00f1ol, presenta&nbsp;<strong>\u201cGLASGOW\u201d<\/strong>, el primer single de su pr\u00f3ximo \u00e1lbum&nbsp;<strong>ULTRASWAN<\/strong>, que ver\u00e1 la luz el pr\u00f3ximo mes de mayo. Con este lanzamiento, el artista inaugura una nueva etapa creativa en la que sigue ampliando su universo sonoro y su identidad art\u00edstica.<\/p>\n\n\n\n<p>\u201c<strong>GLASGOW<\/strong>\u201d transmite una actitud segura y magn\u00e9tica, marcada por una mirada muy personal sobre el \u00e9xito y el camino propio. El tema juega con contrastes entre lo espiritual y lo material, entre la fe, la intuici\u00f3n y la confianza en uno mismo, construyendo un mensaje de determinaci\u00f3n y personalidad que refuerza el car\u00e1cter del artista. El universo de este nuevo proyecto se articula alrededor de la figura del&nbsp;<strong>cisne<\/strong>&nbsp;como s\u00edmbolo de transformaci\u00f3n y de una identidad m\u00e1s completa.&nbsp;<\/p>\n\n\n\n<p>En su \u00faltimo trabajo,&nbsp;<strong>\u201cBROWN BOY\u201d (2023)<\/strong>,&nbsp;<strong>ABHIR<\/strong>&nbsp;desarroll\u00f3 un universo en el que conviven esas distintas influencias y sensibilidades que definen su identidad musical: funde sonidos hind\u00faes y espa\u00f1oles con ritmos contempor\u00e1neos de m\u00fasica electr\u00f3nica y rap. La mezcla de estos mundos, en apariencia distantes, da forma a un proyecto personal y singular que lo ha convertido en una de las nuevas voces a seguir dentro del panorama musical espa\u00f1ol.<\/p>\n\n\n\n<p>Ahora, con&nbsp;<strong>\u201cGLASGOW\u201d<\/strong>,&nbsp;<strong>ABHIR<\/strong>&nbsp;abre el camino hacia&nbsp;<strong>ULTRASWAN<\/strong>, un nuevo proyecto con el que el artista contin\u00faa explorando nuevos sonidos y ampliando los l\u00edmites de su propuesta art\u00edstica. En paralelo, el m\u00fasico ha ido dejando peque\u00f1as pistas sobre esta nueva etapa a trav\u00e9s de su cuenta secundaria de Instagram,<a href=\"https:\/\/google.us17.list-manage.com\/track\/click?u=b69bdfe1667e370d556b0b38d&#038;id=25ffee4f01&#038;e=67fe2a20ab\">&nbsp;<strong>@ragercore<\/strong><\/a>, donde en los \u00faltimos meses ha compartido contenido que anticipa el imaginario del proyecto. Un espacio m\u00e1s directo y cercano con sus seguidores que ha funcionado como antesala del universo que ahora comienza a desplegarse con este nuevo cap\u00edtulo.<\/p>\n","protected":false},"excerpt":{"rendered":"<p>ABHIR, uno de los proyectos m\u00e1s innovadores del panorama musical espa\u00f1ol, presenta&nbsp;\u201cGLASGOW\u201d, el primer single<\/p>\n","protected":false},"author":5,"featured_media":19961,"comment_status":"closed","ping_status":"","sticky":false,"template":"","format":"standard","meta":{"om_disable_all_campaigns":false,"_uf_show_specific_survey":0,"_uf_disable_surveys":false,"footnotes":""},"categories":[4],"tags":[],"class_list":["post-19962","post","type-post","status-publish","format-standard","has-post-thumbnail","hentry","category-musica"],"_links":{"self":[{"href":"https:\/\/entrenotasyacordes.com\/index.php?rest_route=\/wp\/v2\/posts\/19962","targetHints":{"allow":["GET"]}}],"collection":[{"href":"https:\/\/entrenotasyacordes.com\/index.php?rest_route=\/wp\/v2\/posts"}],"about":[{"href":"https:\/\/entrenotasyacordes.com\/index.php?rest_route=\/wp\/v2\/types\/post"}],"author":[{"embeddable":true,"href":"https:\/\/entrenotasyacordes.com\/index.php?rest_route=\/wp\/v2\/users\/5"}],"replies":[{"embeddable":true,"href":"https:\/\/entrenotasyacordes.com\/index.php?rest_route=%2Fwp%2Fv2%2Fcomments&post=19962"}],"version-history":[{"count":1,"href":"https:\/\/entrenotasyacordes.com\/index.php?rest_route=\/wp\/v2\/posts\/19962\/revisions"}],"predecessor-version":[{"id":19963,"href":"https:\/\/entrenotasyacordes.com\/index.php?rest_route=\/wp\/v2\/posts\/19962\/revisions\/19963"}],"wp:featuredmedia":[{"embeddable":true,"href":"https:\/\/entrenotasyacordes.com\/index.php?rest_route=\/wp\/v2\/media\/19961"}],"wp:attachment":[{"href":"https:\/\/entrenotasyacordes.com\/index.php?rest_route=%2Fwp%2Fv2%2Fmedia&parent=19962"}],"wp:term":[{"taxonomy":"category","embeddable":true,"href":"https:\/\/entrenotasyacordes.com\/index.php?rest_route=%2Fwp%2Fv2%2Fcategories&post=19962"},{"taxonomy":"post_tag","embeddable":true,"href":"https:\/\/entrenotasyacordes.com\/index.php?rest_route=%2Fwp%2Fv2%2Ftags&post=19962"}],"curies":[{"name":"wp","href":"https:\/\/api.w.org\/{rel}","templated":true}]}}