{"id":19968,"date":"2026-03-14T17:32:52","date_gmt":"2026-03-14T17:32:52","guid":{"rendered":"https:\/\/entrenotasyacordes.com\/?p=19968"},"modified":"2026-03-14T17:32:52","modified_gmt":"2026-03-14T17:32:52","slug":"bm-estrena-de-pe-a-pa-junto-a-max-carra","status":"publish","type":"post","link":"https:\/\/entrenotasyacordes.com\/?p=19968","title":{"rendered":"BM ESTRENA \u201cDE PE A PA\u201d JUNTO A MAX CARRA"},"content":{"rendered":"\n<p class=\"p1\"><\/p>\n\n\n<div class=\"wp-block-image\">\n<figure class=\"aligncenter size-large\"><img loading=\"lazy\" decoding=\"async\" width=\"1024\" height=\"1024\" src=\"https:\/\/entrenotasyacordes.com\/wp-content\/uploads\/2026\/03\/de-pe-a-pa-portada-final-1024x1024.png\" class=\"wp-image-19967\" srcset=\"https:\/\/entrenotasyacordes.com\/wp-content\/uploads\/2026\/03\/de-pe-a-pa-portada-final-1024x1024.png 1024w, https:\/\/entrenotasyacordes.com\/wp-content\/uploads\/2026\/03\/de-pe-a-pa-portada-final-300x300.png 300w, https:\/\/entrenotasyacordes.com\/wp-content\/uploads\/2026\/03\/de-pe-a-pa-portada-final-150x150.png 150w, https:\/\/entrenotasyacordes.com\/wp-content\/uploads\/2026\/03\/de-pe-a-pa-portada-final-768x768.png 768w, https:\/\/entrenotasyacordes.com\/wp-content\/uploads\/2026\/03\/de-pe-a-pa-portada-final-1536x1536.png 1536w, https:\/\/entrenotasyacordes.com\/wp-content\/uploads\/2026\/03\/de-pe-a-pa-portada-final-50x50.png 50w, https:\/\/entrenotasyacordes.com\/wp-content\/uploads\/2026\/03\/de-pe-a-pa-portada-final.png 2000w\" sizes=\"auto, (max-width: 1024px) 100vw, 1024px\" \/><\/figure>\n<\/div>\n\n\n<p class=\"p1\">BM estrena \u201cDE PE A PA\u201d junto a Max Carra, una colaboraci\u00f3n que recupera su esencia que lo consolid\u00f3 como una de las figuras de la escena urbana argentina. Con una energ\u00eda directa, barrial y festiva, la canci\u00f3n recupera la esencia del g\u00e9nero que lo convirti\u00f3 en uno de los referentes musicales del momento.<\/p>\n\n\n\n<p class=\"p1\">\u201cDE PE A PA\u201d se muestra as\u00ed como una declaraci\u00f3n directa: un regreso a las bases, con la misma energ\u00eda que hizo vibrar a toda una generaci\u00f3n en las pistas y en la calle. El tema seconstruye sobre un beat urbano y la din\u00e1mica entre BM y Max Carra que aporta frescura, alternando fraseos r\u00edtmicos con momentos m\u00e1s mel\u00f3dicos que mantienen una energ\u00eda constante pensada para sonar fuerte tanto en autos como en clubes nocturnos. En esta colaboraci\u00f3n, ambos refuerzan ese esp\u00edritu festivo y callejero que caracteriza al g\u00e9nero<\/p>\n\n\n\n<p class=\"p1\">El lanzamiento llega acompa\u00f1ado por un videoclip ambientado en un camar\u00edn, recreando el espacio \u00edntimo que habitan los artistas antes o despu\u00e9s de un show. En ese entorno, BM recibe la visita de distintos m\u00fasicos invitados, generando una escena de encuentro entre colegas que fortalece el clima aut\u00e9ntico y cercano del universo nocturno que rodea a la canci\u00f3n.<\/p>\n\n\n\n<p class=\"p1\">Antes de su estreno oficial, el tema ya hab\u00eda despertado un fuerte inter\u00e9s entre sus seguidores: los adelantos publicados en redes sociales superaron las 1.5 millones visualizaciones en menos de una semana, anticipando un nuevo hit dentro del circuito urbano.<\/p>\n\n\n\n<p class=\"p1\">El estreno llega tras presentar \u201cVolando Sin Alas\u201d, su \u00e1lbum debut y el proyecto m\u00e1s \u00edntimo de su carrera, que alcanz\u00f3 1.5 millones reproducciones en plataformas digitales. A lo largo de nueve canciones, BM se abri\u00f3 por primera vez para narrar su historia personal, recorriendo distintas etapas de su vida. Como parte del estreno, el disco tuvo una proyecci\u00f3n especial en el cine de Chivilcoy, la ciudad donde naci\u00f3 y creci\u00f3, en un gesto simb\u00f3lico que conect\u00f3 este trabajo profundamente personal con la comunidad que acompa\u00f1\u00f3 sus primeros pasos.<\/p>\n\n\n\n<p><\/p>\n","protected":false},"excerpt":{"rendered":"<p>BM estrena \u201cDE PE A PA\u201d junto a Max Carra, una colaboraci\u00f3n que recupera su<\/p>\n","protected":false},"author":5,"featured_media":19967,"comment_status":"closed","ping_status":"","sticky":false,"template":"","format":"standard","meta":{"om_disable_all_campaigns":false,"_uf_show_specific_survey":0,"_uf_disable_surveys":false,"footnotes":""},"categories":[4],"tags":[],"class_list":["post-19968","post","type-post","status-publish","format-standard","has-post-thumbnail","hentry","category-musica"],"_links":{"self":[{"href":"https:\/\/entrenotasyacordes.com\/index.php?rest_route=\/wp\/v2\/posts\/19968","targetHints":{"allow":["GET"]}}],"collection":[{"href":"https:\/\/entrenotasyacordes.com\/index.php?rest_route=\/wp\/v2\/posts"}],"about":[{"href":"https:\/\/entrenotasyacordes.com\/index.php?rest_route=\/wp\/v2\/types\/post"}],"author":[{"embeddable":true,"href":"https:\/\/entrenotasyacordes.com\/index.php?rest_route=\/wp\/v2\/users\/5"}],"replies":[{"embeddable":true,"href":"https:\/\/entrenotasyacordes.com\/index.php?rest_route=%2Fwp%2Fv2%2Fcomments&post=19968"}],"version-history":[{"count":1,"href":"https:\/\/entrenotasyacordes.com\/index.php?rest_route=\/wp\/v2\/posts\/19968\/revisions"}],"predecessor-version":[{"id":19969,"href":"https:\/\/entrenotasyacordes.com\/index.php?rest_route=\/wp\/v2\/posts\/19968\/revisions\/19969"}],"wp:featuredmedia":[{"embeddable":true,"href":"https:\/\/entrenotasyacordes.com\/index.php?rest_route=\/wp\/v2\/media\/19967"}],"wp:attachment":[{"href":"https:\/\/entrenotasyacordes.com\/index.php?rest_route=%2Fwp%2Fv2%2Fmedia&parent=19968"}],"wp:term":[{"taxonomy":"category","embeddable":true,"href":"https:\/\/entrenotasyacordes.com\/index.php?rest_route=%2Fwp%2Fv2%2Fcategories&post=19968"},{"taxonomy":"post_tag","embeddable":true,"href":"https:\/\/entrenotasyacordes.com\/index.php?rest_route=%2Fwp%2Fv2%2Ftags&post=19968"}],"curies":[{"name":"wp","href":"https:\/\/api.w.org\/{rel}","templated":true}]}}