{"id":19971,"date":"2026-03-14T17:37:25","date_gmt":"2026-03-14T17:37:25","guid":{"rendered":"https:\/\/entrenotasyacordes.com\/?p=19971"},"modified":"2026-03-14T17:37:25","modified_gmt":"2026-03-14T17:37:25","slug":"balta-estrena-kiero-to-el-primer-adelanto-de-su-proximo-disco","status":"publish","type":"post","link":"https:\/\/entrenotasyacordes.com\/?p=19971","title":{"rendered":"BALTA ESTRENA \u201cKIERO TO!\u201d EL PRIMER ADELANTO DE SU PR\u00d3XIMO DISCO"},"content":{"rendered":"\n<p class=\"p1\">El artista uruguayo lanza un track que explora el deseo a trav\u00e9s de un sonido con tintes de James Brown, con una energ\u00eda muy potente y atrevida. \u201cKIERO TO!\u201d es el primer adelanto de su pr\u00f3ximo \u00e1lbum y es una apertura fuerte y al medio.<\/p>\n\n\n<div class=\"wp-block-image\">\n<figure class=\"aligncenter size-large\"><img loading=\"lazy\" decoding=\"async\" width=\"1024\" height=\"1024\" src=\"https:\/\/entrenotasyacordes.com\/wp-content\/uploads\/2026\/03\/portada_kiero-to_balta-1024x1024.jpg\" class=\"wp-image-19970\" srcset=\"https:\/\/entrenotasyacordes.com\/wp-content\/uploads\/2026\/03\/portada_kiero-to_balta-1024x1024.jpg 1024w, https:\/\/entrenotasyacordes.com\/wp-content\/uploads\/2026\/03\/portada_kiero-to_balta-300x300.jpg 300w, https:\/\/entrenotasyacordes.com\/wp-content\/uploads\/2026\/03\/portada_kiero-to_balta-150x150.jpg 150w, https:\/\/entrenotasyacordes.com\/wp-content\/uploads\/2026\/03\/portada_kiero-to_balta-768x768.jpg 768w, https:\/\/entrenotasyacordes.com\/wp-content\/uploads\/2026\/03\/portada_kiero-to_balta-1536x1536.jpg 1536w, https:\/\/entrenotasyacordes.com\/wp-content\/uploads\/2026\/03\/portada_kiero-to_balta-50x50.jpg 50w, https:\/\/entrenotasyacordes.com\/wp-content\/uploads\/2026\/03\/portada_kiero-to_balta.jpg 2000w\" sizes=\"auto, (max-width: 1024px) 100vw, 1024px\" \/><\/figure>\n<\/div>\n\n\n<p class=\"p1\">BALTA estrena \u201cKIERO TO!\u201d, el primer adelanto de su pr\u00f3ximo disco, un track que est\u00e1 ambientado en un universo musical con tintes James Brown pero con una instrumentaci\u00f3n y un sonido de esta \u00e9poca. La canci\u00f3n tiene una energ\u00eda histri\u00f3nica, como para darle play y empezar una rutina de ejercicios o arrancar el d\u00eda con mucha potencia. En un rapeo casi constante, el artista explora el deseo y el ego desde un personaje que busca obtener y nunca dejar ir. Se entrevera en el caos quecondiciona y altera la percepci\u00f3n del amor al punto de llegar a confundirlo con posesi\u00f3n y direccionar esa energ\u00eda hacia los objetos, no hacia las personas.<\/p>\n\n\n\n<p class=\"p1\">La m\u00fasica es una co-producci\u00f3n de BALTA y choko, Ramiro Caruso, y es una mezcla entre lo tradicional y lo nuevo. No vive en un universo \u00fanico, quiere vivir en todos, quiere todo y al mismo tiempo: rap, jazz, funk, trap, bater\u00edas, synths, bajos 808 y bajos el\u00e9ctricos. Todos estos elementos (y m\u00e1s) aparecen en \u201cKIERO TO!\u201d, un fest\u00edn de sonidos que deja a cualquier mel\u00f3mano escuchando la canci\u00f3n en loop.<\/p>\n\n\n\n<p class=\"p1\">Este single llega acompa\u00f1ado de un visualizer dirigido por Mat\u00edas Piedra Cueva y Santiago Banchero, de la productora PRADERA, que profundiza sobre la idea de quererlo todo y esta ambici\u00f3n desmedida desde el deseo m\u00e1s superficial. En el video lo vemos a BALTA sentarse en una mesa y recibir muchos platos de comida, casi sin parar, mientras que los observa sin probar ni siquiera un bocado para luego levantarse y dejar todo exactamente como se lo ofrecieron.<\/p>\n\n\n\n<p class=\"p1\">\u201cKIERO TO!\u201d es una apertura contundente de esta nueva etapa de BALTA y deja una sensaci\u00f3n muy tangible de que lo que se viene con este nuevo disco ser\u00e1 una exploraci\u00f3n profunda, elevada musicalmente y desde lugares completamente nuevos para el artista uruguayo.<\/p>\n","protected":false},"excerpt":{"rendered":"<p>El artista uruguayo lanza un track que explora el deseo a trav\u00e9s de un sonido<\/p>\n","protected":false},"author":5,"featured_media":19970,"comment_status":"closed","ping_status":"","sticky":false,"template":"","format":"standard","meta":{"om_disable_all_campaigns":false,"_uf_show_specific_survey":0,"_uf_disable_surveys":false,"footnotes":""},"categories":[4],"tags":[],"class_list":["post-19971","post","type-post","status-publish","format-standard","has-post-thumbnail","hentry","category-musica"],"_links":{"self":[{"href":"https:\/\/entrenotasyacordes.com\/index.php?rest_route=\/wp\/v2\/posts\/19971","targetHints":{"allow":["GET"]}}],"collection":[{"href":"https:\/\/entrenotasyacordes.com\/index.php?rest_route=\/wp\/v2\/posts"}],"about":[{"href":"https:\/\/entrenotasyacordes.com\/index.php?rest_route=\/wp\/v2\/types\/post"}],"author":[{"embeddable":true,"href":"https:\/\/entrenotasyacordes.com\/index.php?rest_route=\/wp\/v2\/users\/5"}],"replies":[{"embeddable":true,"href":"https:\/\/entrenotasyacordes.com\/index.php?rest_route=%2Fwp%2Fv2%2Fcomments&post=19971"}],"version-history":[{"count":1,"href":"https:\/\/entrenotasyacordes.com\/index.php?rest_route=\/wp\/v2\/posts\/19971\/revisions"}],"predecessor-version":[{"id":19972,"href":"https:\/\/entrenotasyacordes.com\/index.php?rest_route=\/wp\/v2\/posts\/19971\/revisions\/19972"}],"wp:featuredmedia":[{"embeddable":true,"href":"https:\/\/entrenotasyacordes.com\/index.php?rest_route=\/wp\/v2\/media\/19970"}],"wp:attachment":[{"href":"https:\/\/entrenotasyacordes.com\/index.php?rest_route=%2Fwp%2Fv2%2Fmedia&parent=19971"}],"wp:term":[{"taxonomy":"category","embeddable":true,"href":"https:\/\/entrenotasyacordes.com\/index.php?rest_route=%2Fwp%2Fv2%2Fcategories&post=19971"},{"taxonomy":"post_tag","embeddable":true,"href":"https:\/\/entrenotasyacordes.com\/index.php?rest_route=%2Fwp%2Fv2%2Ftags&post=19971"}],"curies":[{"name":"wp","href":"https:\/\/api.w.org\/{rel}","templated":true}]}}