{"id":19975,"date":"2026-03-14T17:43:59","date_gmt":"2026-03-14T17:43:59","guid":{"rendered":"https:\/\/entrenotasyacordes.com\/?p=19975"},"modified":"2026-03-14T17:43:59","modified_gmt":"2026-03-14T17:43:59","slug":"pedro-capo-estrena-una-produccion-especial-en-vivo-desde-el-coliseo-de-puerto-rico","status":"publish","type":"post","link":"https:\/\/entrenotasyacordes.com\/?p=19975","title":{"rendered":"Pedro Cap\u00f3 estrena una producci\u00f3n especial \u201cEN VIVO desde el Coliseo de Puerto Rico"},"content":{"rendered":"<div class=\"wp-block-image\">\n<figure class=\"aligncenter size-large\"><img loading=\"lazy\" decoding=\"async\" width=\"300\" height=\"300\" src=\"https:\/\/entrenotasyacordes.com\/wp-content\/uploads\/2026\/03\/img_0689-300x300.jpg\" class=\"wp-image-19973\" srcset=\"https:\/\/entrenotasyacordes.com\/wp-content\/uploads\/2026\/03\/img_0689-300x300.jpg 300w, https:\/\/entrenotasyacordes.com\/wp-content\/uploads\/2026\/03\/img_0689-150x150.jpg 150w, https:\/\/entrenotasyacordes.com\/wp-content\/uploads\/2026\/03\/img_0689-50x50.jpg 50w, https:\/\/entrenotasyacordes.com\/wp-content\/uploads\/2026\/03\/img_0689.jpg 600w\" sizes=\"auto, (max-width: 300px) 100vw, 300px\" \/><\/figure>\n<\/div>\n\n\n<p id=\"isPasted\">El multi-premiado cantautor puertorrique\u00f1o&nbsp;<strong>Pedro Cap\u00f3<\/strong>&nbsp;presenta oficialmente su nueva producci\u00f3n discogr\u00e1fica&nbsp;<strong><em>\u201cPedro Cap\u00f3 EN VIVO desde el Coliseo de Puerto Rico\u201d<\/em><\/strong>, ya disponible desde hoy en todas las plataformas digitales.&nbsp;<\/p>\n\n\n\n<p>Grabado hace un a\u00f1o, durante su concierto el8 de febrero de 2025, en el emblem\u00e1tico escenario del Coliseo de Puerto Rico Jos\u00e9 Miguel Agrelot en SanJuan, el \u00e1lbum captura la energ\u00eda, la emoci\u00f3n y la conexi\u00f3n \u00fanica que se vivi\u00f3 durante una noche inolvidable en el principal espacio de espect\u00e1culos de la isla. La producci\u00f3n documenta uno de los conciertos m\u00e1s especiales en la carrera del artista, en el que celebr\u00f3 junto a miles de fan\u00e1ticos su m\u00fasica, su trayectoria y su profundo v\u00ednculo con su patria,&nbsp;<\/p>\n\n\n\n<p><em>\u00abPuerto Rico. Hoy celebro algo muy especial para m\u00ed.\u201cEn vivo desde el Coliseo de PR\u201d ya est\u00e1 afuera. Este disco captura una noche que voy a guardar en el coraz\u00f3n por siempre. Cantar en el Coliseo de Puerto Rico, en mi tierra, frente a mi gente&#8230; en un lugar tan ic\u00f3nico para nuestra m\u00fasica y nuestra cultura, fue simplemente m\u00e1gico e inolvidable. Gracias a cada persona que estuvo all\u00ed, a los que han caminado conmigo desde el principio y a los que siguen llegando a esta familia musical. Este proyecto es de ustedes tambi\u00e9n. Ojal\u00e1 que al escucharlo sientan aunque sea un poquito de la energ\u00eda, la emoci\u00f3n y el amor que vivimos esa noche\u00bb<\/em>.<\/p>\n\n\n<div class=\"wp-block-image\">\n<figure class=\"aligncenter size-large\"><img loading=\"lazy\" decoding=\"async\" width=\"300\" height=\"225\" src=\"https:\/\/entrenotasyacordes.com\/wp-content\/uploads\/2026\/03\/img_0690-300x225.jpg\" class=\"wp-image-19974\" srcset=\"https:\/\/entrenotasyacordes.com\/wp-content\/uploads\/2026\/03\/img_0690-300x225.jpg 300w, https:\/\/entrenotasyacordes.com\/wp-content\/uploads\/2026\/03\/img_0690.jpg 600w\" sizes=\"auto, (max-width: 300px) 100vw, 300px\" \/><\/figure>\n<\/div>\n\n\n<p id=\"isPasted\">La producci\u00f3n re\u00fane 41 interpretaciones completamente en vivo, ofreciendo al p\u00fablico la oportunidad de revivir los momentos m\u00e1s memorables de la velada, desde sus grandes \u00e9xitos hasta interpretaciones cargadas de emoci\u00f3n que reflejan la esencia de su propuesta musical y su caracter\u00edstico estilo. La noche cont\u00f3 adem\u00e1s con la participaci\u00f3n de invitados especiales que enriquecieron la experiencia del espect\u00e1culo, incluyendo al legendario cantante Danny Rivera, el reconocido artista Farruko y el Tr\u00edo Nuevo Son, quienes acompa\u00f1aron a Cap\u00f3 en distintos momentos del concierto, aportando matices \u00fanicos a esta celebraci\u00f3n musical.<\/p>\n\n\n\n<p>A lo largo del \u00e1lbum, el cantautor recorre distintas etapas de su carrera, interpretando canciones que han conectado con su p\u00fablico y consolidado su lugar como una de las voces m\u00e1s queridas y vers\u00e1tiles de la m\u00fasica latina contempor\u00e1nea.<\/p>\n\n\n\n<p>Con esta producci\u00f3n en vivo y su actual gira, Pedro Cap\u00f3 contin\u00faa celebrando su m\u00fasica junto a su p\u00fablico, reafirmando su posici\u00f3n como una de las voces m\u00e1s destacadas de la m\u00fasica latina contempor\u00e1nea. \u201cPedro Cap\u00f3 EN VIVO desde el Coliseo de Puerto Rico\u201d ya est\u00e1 disponible en todas las plataformas digitales.<\/p>\n","protected":false},"excerpt":{"rendered":"<p>El multi-premiado cantautor puertorrique\u00f1o&nbsp;Pedro Cap\u00f3&nbsp;presenta oficialmente su nueva producci\u00f3n discogr\u00e1fica&nbsp;\u201cPedro Cap\u00f3 EN VIVO desde el<\/p>\n","protected":false},"author":5,"featured_media":19973,"comment_status":"closed","ping_status":"","sticky":false,"template":"","format":"standard","meta":{"om_disable_all_campaigns":false,"_uf_show_specific_survey":0,"_uf_disable_surveys":false,"footnotes":""},"categories":[4],"tags":[],"class_list":["post-19975","post","type-post","status-publish","format-standard","has-post-thumbnail","hentry","category-musica"],"_links":{"self":[{"href":"https:\/\/entrenotasyacordes.com\/index.php?rest_route=\/wp\/v2\/posts\/19975","targetHints":{"allow":["GET"]}}],"collection":[{"href":"https:\/\/entrenotasyacordes.com\/index.php?rest_route=\/wp\/v2\/posts"}],"about":[{"href":"https:\/\/entrenotasyacordes.com\/index.php?rest_route=\/wp\/v2\/types\/post"}],"author":[{"embeddable":true,"href":"https:\/\/entrenotasyacordes.com\/index.php?rest_route=\/wp\/v2\/users\/5"}],"replies":[{"embeddable":true,"href":"https:\/\/entrenotasyacordes.com\/index.php?rest_route=%2Fwp%2Fv2%2Fcomments&post=19975"}],"version-history":[{"count":1,"href":"https:\/\/entrenotasyacordes.com\/index.php?rest_route=\/wp\/v2\/posts\/19975\/revisions"}],"predecessor-version":[{"id":19976,"href":"https:\/\/entrenotasyacordes.com\/index.php?rest_route=\/wp\/v2\/posts\/19975\/revisions\/19976"}],"wp:featuredmedia":[{"embeddable":true,"href":"https:\/\/entrenotasyacordes.com\/index.php?rest_route=\/wp\/v2\/media\/19973"}],"wp:attachment":[{"href":"https:\/\/entrenotasyacordes.com\/index.php?rest_route=%2Fwp%2Fv2%2Fmedia&parent=19975"}],"wp:term":[{"taxonomy":"category","embeddable":true,"href":"https:\/\/entrenotasyacordes.com\/index.php?rest_route=%2Fwp%2Fv2%2Fcategories&post=19975"},{"taxonomy":"post_tag","embeddable":true,"href":"https:\/\/entrenotasyacordes.com\/index.php?rest_route=%2Fwp%2Fv2%2Ftags&post=19975"}],"curies":[{"name":"wp","href":"https:\/\/api.w.org\/{rel}","templated":true}]}}