{"id":19991,"date":"2026-03-16T18:47:07","date_gmt":"2026-03-16T18:47:07","guid":{"rendered":"https:\/\/entrenotasyacordes.com\/?p=19991"},"modified":"2026-03-16T18:47:07","modified_gmt":"2026-03-16T18:47:07","slug":"ozuna-presenta-una-aventura-un-sencillo-de-regueton-que-retoma-el-sonido-de-sus-inicios","status":"publish","type":"post","link":"https:\/\/entrenotasyacordes.com\/?p=19991","title":{"rendered":"Ozuna presenta \u201cUna Aventura\u201d un sencillo de reguet\u00f3n que retoma el sonido de sus inicios"},"content":{"rendered":"<div class=\"wp-block-image\">\n<figure class=\"aligncenter size-large\"><img loading=\"lazy\" decoding=\"async\" width=\"248\" height=\"300\" src=\"https:\/\/entrenotasyacordes.com\/wp-content\/uploads\/2026\/03\/portada-una-aventura-248x300.png\" class=\"wp-image-19990\" srcset=\"https:\/\/entrenotasyacordes.com\/wp-content\/uploads\/2026\/03\/portada-una-aventura-248x300.png 248w, https:\/\/entrenotasyacordes.com\/wp-content\/uploads\/2026\/03\/portada-una-aventura.png 377w\" sizes=\"auto, (max-width: 248px) 100vw, 248px\" \/><\/figure>\n<\/div>\n\n\n<p>La superestrella global Ozuna presenta su nuevo sencillo \u201cUna Aventura ya esta disponible en todas las plataformas digitales.<\/p>\n\n\n\n<p>Previo a su lanzamiento, el tema gener\u00f3 conversaci\u00f3n en redes sociales luego de que el artista comparti\u00f3 un adelanto con sus seguidores, lo que provoc\u00f3 m\u00faltiples opiniones sobre el regreso de la superestrella a su sonido original. El fragmento se difundi\u00f3 r\u00e1pidamente entre su audiencia y acumul\u00f3 miles de reacciones y comentarios en distintas plataformas.<\/p>\n\n\n\n<p>Una Aventura compuesta por Ozuna, Henry Calder\u00f3n y Johan Jos\u00e9 Francisco, es una propuesta de reguet\u00f3n que retoma elementos asociados al sonido con el que el int\u00e9rprete se dio a conocer en la escena urbana a mediados de la d\u00e9cada pasada, una etapa que marc\u00f3 el inicio de su proyecci\u00f3n internacional dentro del g\u00e9nero.<\/p>\n\n\n\n<p>Con este estreno, Ozuna suma un nuevo sencillo en solitario tras el lanzamiento en diciembre de su primer \u00e1lbum colaborativo, Stendhal, junto al artista colombiano Be\u00e9le.<\/p>\n","protected":false},"excerpt":{"rendered":"<p>La superestrella global Ozuna presenta su nuevo sencillo \u201cUna Aventura ya esta disponible en todas<\/p>\n","protected":false},"author":5,"featured_media":19990,"comment_status":"closed","ping_status":"","sticky":false,"template":"","format":"standard","meta":{"om_disable_all_campaigns":false,"_uf_show_specific_survey":0,"_uf_disable_surveys":false,"footnotes":""},"categories":[4],"tags":[],"class_list":["post-19991","post","type-post","status-publish","format-standard","has-post-thumbnail","hentry","category-musica"],"_links":{"self":[{"href":"https:\/\/entrenotasyacordes.com\/index.php?rest_route=\/wp\/v2\/posts\/19991","targetHints":{"allow":["GET"]}}],"collection":[{"href":"https:\/\/entrenotasyacordes.com\/index.php?rest_route=\/wp\/v2\/posts"}],"about":[{"href":"https:\/\/entrenotasyacordes.com\/index.php?rest_route=\/wp\/v2\/types\/post"}],"author":[{"embeddable":true,"href":"https:\/\/entrenotasyacordes.com\/index.php?rest_route=\/wp\/v2\/users\/5"}],"replies":[{"embeddable":true,"href":"https:\/\/entrenotasyacordes.com\/index.php?rest_route=%2Fwp%2Fv2%2Fcomments&post=19991"}],"version-history":[{"count":1,"href":"https:\/\/entrenotasyacordes.com\/index.php?rest_route=\/wp\/v2\/posts\/19991\/revisions"}],"predecessor-version":[{"id":19992,"href":"https:\/\/entrenotasyacordes.com\/index.php?rest_route=\/wp\/v2\/posts\/19991\/revisions\/19992"}],"wp:featuredmedia":[{"embeddable":true,"href":"https:\/\/entrenotasyacordes.com\/index.php?rest_route=\/wp\/v2\/media\/19990"}],"wp:attachment":[{"href":"https:\/\/entrenotasyacordes.com\/index.php?rest_route=%2Fwp%2Fv2%2Fmedia&parent=19991"}],"wp:term":[{"taxonomy":"category","embeddable":true,"href":"https:\/\/entrenotasyacordes.com\/index.php?rest_route=%2Fwp%2Fv2%2Fcategories&post=19991"},{"taxonomy":"post_tag","embeddable":true,"href":"https:\/\/entrenotasyacordes.com\/index.php?rest_route=%2Fwp%2Fv2%2Ftags&post=19991"}],"curies":[{"name":"wp","href":"https:\/\/api.w.org\/{rel}","templated":true}]}}