{"id":19995,"date":"2026-03-16T19:18:50","date_gmt":"2026-03-16T19:18:50","guid":{"rendered":"https:\/\/entrenotasyacordes.com\/?p=19995"},"modified":"2026-03-16T19:18:50","modified_gmt":"2026-03-16T19:18:50","slug":"komo-yamarte-lanza-su-disco-pop-pesado","status":"publish","type":"post","link":"https:\/\/entrenotasyacordes.com\/?p=19995","title":{"rendered":"KOMO YAMARTE LANZA SU DISCO \u2018POP PESADO\u2019"},"content":{"rendered":"<div class=\"wp-block-image\">\n<figure class=\"aligncenter size-large\"><img loading=\"lazy\" decoding=\"async\" width=\"1024\" height=\"1024\" src=\"https:\/\/entrenotasyacordes.com\/wp-content\/uploads\/2026\/03\/img_0730-1024x1024.png\" class=\"wp-image-19993\" srcset=\"https:\/\/entrenotasyacordes.com\/wp-content\/uploads\/2026\/03\/img_0730-1024x1024.png 1024w, https:\/\/entrenotasyacordes.com\/wp-content\/uploads\/2026\/03\/img_0730-300x300.png 300w, https:\/\/entrenotasyacordes.com\/wp-content\/uploads\/2026\/03\/img_0730-150x150.png 150w, https:\/\/entrenotasyacordes.com\/wp-content\/uploads\/2026\/03\/img_0730-768x768.png 768w, https:\/\/entrenotasyacordes.com\/wp-content\/uploads\/2026\/03\/img_0730-50x50.png 50w, https:\/\/entrenotasyacordes.com\/wp-content\/uploads\/2026\/03\/img_0730.png 1500w\" sizes=\"auto, (max-width: 1024px) 100vw, 1024px\" \/><\/figure>\n<\/div>\n\n\n<p class=\"has-text-align-center\"><strong>MANIFIESTO DE UN NUEVO G\u00c9NERO<\/strong><\/p>\n\n\n\n<p>Hay etiquetas que quedan chicas y hay otras que se inventan para poder explicar lo inexplicable: eso hizo&nbsp;<strong>KOMO YAMARTE<\/strong>&nbsp;lanzando su esperado&nbsp;<strong>nuevo \u00e1lbum<\/strong>, nada menos que&nbsp;<strong>bajo el nombre de \u201cPOP PESADO\u201d<\/strong>, una pieza clave en su historia, once manifiestos que sintetizan la identidad de un proyecto nacido en 2019 para romper las estructuras cl\u00e1sicas del rock-pop argentino.<\/p>\n\n\n\n<p class=\"MsoNormal\">Tras seis a\u00f1os de evoluci\u00f3n en la escena nacional, editar dos EPs, una serie de singles y recorrer el circuito obligado de Buenos Aires; la banda integrada por&nbsp;<strong>Mat\u00edas Leanza Montes<\/strong>,&nbsp;<strong>Eduardo Palange<\/strong>&nbsp;y&nbsp;<strong>Nicol\u00e1s Paladino<\/strong>&nbsp;presenta este arsenal de canciones que consolidan su sonido visceral y disruptivo. Se trata de&nbsp;<strong>un LP producido \u00edntegramente de forma independiente<\/strong>, gestado en&nbsp;<em>Espacio V Casa Estudio<\/em>, su \u2018laboratorio\u2019 de Zona Oeste donde Komo Yamarte se inici\u00f3, grab\u00f3 sus primeras maquetas y ensaya semanalmente.<\/p>\n\n\n\n<p class=\"MsoNormal\"><strong>POP PESADO<\/strong>&nbsp;propone un recorrido por las diferentes facetas de este nuevo subg\u00e9nero, abre&nbsp;<strong>\u2018As\u00ed es como se termin\u00f3\u2019<\/strong>, un himno de liberaci\u00f3n con reminiscencias&nbsp;<em>synth-wave<\/em>&nbsp;y luz de atardecer, el track n\u00famero uno juega con el concepto del eterno retorno: el \u00e1lbum empieza decretando un final, la paradoja misma del estribillo&nbsp;<em>nada, nada no dijo nada<\/em>, aunque el disco a\u00fan tenga tanto por decir.<\/p>\n\n\n\n<p class=\"MsoNormal\">Pero el coraz\u00f3n del disco late con su&nbsp;<strong>corte principal \u2018Es Crudo\u2019<\/strong>, una canci\u00f3n \u00e1spera y l\u00edricamente arriesgada, donde Komo Yamarte apuesta a una est\u00e9tica poco convencional. El tema lleg\u00f3 acompa\u00f1ado de un<strong>&nbsp;<u><a href=\"https:\/\/youtu.be\/tBE_R5jBqRY?si=5MldRIQwGj1JUVRu\" target=\"_blank\" rel=\"noreferrer noopener\">videoclip<\/a><\/u>&nbsp;<\/strong>como pieza audiovisual fundamental, dirigido por&nbsp;<strong>Juan Thiago Lanza Montes (en su cuarta superproducci\u00f3n con la banda)<\/strong>. Invadido de tonos rojos y oscuros, el video completa una experiencia sensorial dise\u00f1ada para viajar por la ruta del Pop Pesado y tambi\u00e9n reflexionar.<\/p>\n\n\n\n<p class=\"MsoNormal\">Otro punto de inflexi\u00f3n es el tema&nbsp;<strong><u><a href=\"https:\/\/open.spotify.com\/intl-es\/album\/0PFroEXWHEU3I9EeDN0EIm?si=cacgZe1pTmKW7iETOGA4jw\" target=\"_blank\" rel=\"noreferrer noopener\">\u2018Tu P\u00e1nico\u2019<\/a><\/u><\/strong>, una balada densa y&nbsp;<em>deforme,<\/em>&nbsp;que cuenta con la participaci\u00f3n especial del ic\u00f3nico<strong>&nbsp;guitarrista metalero Chowy Fern\u00e1ndez<\/strong>&nbsp; -miembro de la banda \u2018Barro\u2019 (del cantante Ca7riel) y de \u2018La Esfinge\u2019. El n\u00famero cinco del disco evade la m\u00e9trica pop solo por un rato y Chowy es gran art\u00edfice de&nbsp;<em>ese<\/em>&nbsp;<em>cl\u00edmax<\/em>, aportando un solo esot\u00e9rico que lo eleva a un terreno hipn\u00f3tico, sellando la naturaleza experimental de la banda.<\/p>\n\n\n\n<p class=\"MsoNormal\">El cierre llega con&nbsp;<strong>\u201cManipulaci\u00f3n\u201d<\/strong>, la canci\u00f3n que termina de darle sentido a todo, un descargo contra el control externo y las presiones. Apoyado en una bater\u00eda que se adue\u00f1a de la base, el track funciona como la declaraci\u00f3n final de la banda: en definitiva&nbsp;<em>no son ellos, no soy yo, \u00a1Somos todos!<\/em><\/p>\n\n\n\n<p class=\"MsoNormal\">En tiempos de inmediatez, POP PESADO llega para darle una bofetada de rev\u00e9s a lo ef\u00edmero. Es un disco para quienes pretenden m\u00e1s, compilando sensaciones que huyan de lo transitorio, una invitaci\u00f3n a detenerse y sentir cada relieve, matiz y textura de lo que es real.&nbsp;<strong>Es, en esencia, la confirmaci\u00f3n de que KOMO YAMARTE no vino a encajar en la escena, sino a crear una nueva.<\/strong><\/p>\n\n\n\n<p class=\"MsoNormal\"><strong>ALBUM TRACKLIST:<\/strong><\/p>\n\n\n\n<p class=\"MsoNormal\">1. As\u00ed es como se termin\u00f3<strong><\/strong><\/p>\n\n\n\n<p class=\"MsoNormal\">2. Muy f\u00e1cil olvidar<strong><\/strong><\/p>\n\n\n\n<p class=\"MsoNormal\">3.<strong>&nbsp;<\/strong>Es crudo<strong><\/strong><\/p>\n\n\n\n<p class=\"MsoNormal\">4. Cosas por sentado<strong><\/strong><\/p>\n\n\n\n<p class=\"MsoNormal\">5.<strong>&nbsp;<\/strong>Tu p\u00e1nico [feat. Chowy Fern\u00e1ndez]<strong><\/strong><\/p>\n\n\n\n<p class=\"MsoNormal\">6.<strong>&nbsp;<\/strong>No puede fallar<strong><\/strong><\/p>\n\n\n\n<p class=\"MsoNormal\">7. Quiere a mi pap\u00e1<strong><\/strong><\/p>\n\n\n\n<p class=\"MsoNormal\">8. Trat\u00e9 de despertarte<strong><\/strong><\/p>\n\n\n\n<p class=\"MsoNormal\">9. Que se apague todo<strong><\/strong><\/p>\n\n\n\n<p class=\"MsoNormal\">10.<strong>&nbsp;<\/strong>Sue\u00f1an verte<strong><\/strong><\/p>\n\n\n\n<p class=\"MsoNormal\">11. Manipulaci\u00f3n<\/p>\n\n\n<div class=\"wp-block-image\">\n<figure class=\"aligncenter size-large\"><img loading=\"lazy\" decoding=\"async\" width=\"300\" height=\"200\" src=\"https:\/\/entrenotasyacordes.com\/wp-content\/uploads\/2026\/03\/img_0731-300x200.jpg\" class=\"wp-image-19994\" srcset=\"https:\/\/entrenotasyacordes.com\/wp-content\/uploads\/2026\/03\/img_0731-300x200.jpg 300w, https:\/\/entrenotasyacordes.com\/wp-content\/uploads\/2026\/03\/img_0731-768x512.jpg 768w, https:\/\/entrenotasyacordes.com\/wp-content\/uploads\/2026\/03\/img_0731.jpg 912w\" sizes=\"auto, (max-width: 300px) 100vw, 300px\" \/><\/figure>\n<\/div>\n\n\n<p class=\"MsoNormal\"><strong>Matias&nbsp;<a>Leanza Montes&nbsp;<\/a><\/strong>en voz y bajo,&nbsp;<strong>Eduardo Palange&nbsp;<\/strong>en guitarra y coros y&nbsp;<strong>Nicolas Paladino&nbsp;<\/strong>en bater\u00eda, formaron&nbsp;<strong><em>Komo Yamarte&nbsp;<\/em><\/strong>un 27 de agosto de 2019 en la zona Oeste de la Pcia de Buenos Aires. El nombre de la banda proviene de una pregunta que mut\u00f3 de \u00bfC\u00f3mo llamarte? a \u201cKomo Yamarte\u201d,&nbsp;<strong>para darle un car\u00e1cter conceptual e ir\u00f3nico a la falta de certezas&nbsp;<\/strong>cuando de hacer arte se trata, y mucho m\u00e1s cuando busca ser llevado a un nivel profesional.&nbsp;<\/p>\n\n\n\n<p class=\"MsoNormal\"><strong>Sin ataduras hacen uso libre del formato canci\u00f3n, dando vuelo creativo a todo tipo de estructuras simples o complejas.&nbsp;<\/strong>Con fuertes influencias de los mayores referentes de la m\u00fasica nacional e internacional, como Gustavo Cerati, Muse, Luis Alberto Spinetta, Mutemath y Justice entre otros&nbsp;<\/p>\n\n\n\n<p class=\"MsoNormal\">En su corto pero intenso historial editaron dos EPs&nbsp;<em>\u201cTercera Persona\u201d&nbsp;<\/em>(2021) y&nbsp;<em>\u201cPara no espantarte\u201d&nbsp;<\/em>(2022). Pero la consagraci\u00f3n sonora y visual llegar\u00eda con los ulteriores cortes y videoclips&nbsp;<strong><a href=\"https:\/\/youtu.be\/brR037WKF7E?si=iH3DaIoqzXmLuWh3\" target=\"_blank\" rel=\"noreferrer noopener\">\u00abTan Quemados\u00bb<\/a><\/strong>,<strong>&nbsp;<a href=\"https:\/\/youtu.be\/EKP0psrkWcg?si=VR_9k8FPop4e1K0W\" target=\"_blank\" rel=\"noreferrer noopener\">\u201cBla\u201d<\/a>&nbsp;<\/strong>y&nbsp;<strong><a href=\"https:\/\/youtu.be\/9d_RX_YHV7c?si=Sd-6aiX_xsfPlnmm\" target=\"_blank\" rel=\"noreferrer noopener\">\u201cQuiz\u00e1s tal vez\u201d<\/a>&nbsp;<\/strong>(2023\/2024); elevando el nivel profesional de la banda. Videos conceptuales y de alta calidad de producci\u00f3n&nbsp;cabe destacar el trabajo art\u00edstico del joven equipo de Direcci\u00f3n y Producci\u00f3n de todos los clips de la banda, encabezado por Thiago Leanza Montes, Pio Mart\u00ednez y Agustina Amenta.<\/p>\n\n\n\n<p class=\"MsoNormal\">El 2025 fue un a\u00f1o bisagra para la banda, coronando un crecimiento excepcional con un&nbsp;<strong>show pre lanzamiento<\/strong>&nbsp;de&nbsp;<em>Pop Pesado<\/em>&nbsp;y&nbsp;<strong>llenando nada menos que Strummer<\/strong>, un valor agregado por todo lo que este lugar representa.<\/p>\n","protected":false},"excerpt":{"rendered":"<p>MANIFIESTO DE UN NUEVO G\u00c9NERO Hay etiquetas que quedan chicas y hay otras que se<\/p>\n","protected":false},"author":5,"featured_media":19993,"comment_status":"closed","ping_status":"","sticky":false,"template":"","format":"standard","meta":{"om_disable_all_campaigns":false,"_uf_show_specific_survey":0,"_uf_disable_surveys":false,"footnotes":""},"categories":[4],"tags":[],"class_list":["post-19995","post","type-post","status-publish","format-standard","has-post-thumbnail","hentry","category-musica"],"_links":{"self":[{"href":"https:\/\/entrenotasyacordes.com\/index.php?rest_route=\/wp\/v2\/posts\/19995","targetHints":{"allow":["GET"]}}],"collection":[{"href":"https:\/\/entrenotasyacordes.com\/index.php?rest_route=\/wp\/v2\/posts"}],"about":[{"href":"https:\/\/entrenotasyacordes.com\/index.php?rest_route=\/wp\/v2\/types\/post"}],"author":[{"embeddable":true,"href":"https:\/\/entrenotasyacordes.com\/index.php?rest_route=\/wp\/v2\/users\/5"}],"replies":[{"embeddable":true,"href":"https:\/\/entrenotasyacordes.com\/index.php?rest_route=%2Fwp%2Fv2%2Fcomments&post=19995"}],"version-history":[{"count":1,"href":"https:\/\/entrenotasyacordes.com\/index.php?rest_route=\/wp\/v2\/posts\/19995\/revisions"}],"predecessor-version":[{"id":19996,"href":"https:\/\/entrenotasyacordes.com\/index.php?rest_route=\/wp\/v2\/posts\/19995\/revisions\/19996"}],"wp:featuredmedia":[{"embeddable":true,"href":"https:\/\/entrenotasyacordes.com\/index.php?rest_route=\/wp\/v2\/media\/19993"}],"wp:attachment":[{"href":"https:\/\/entrenotasyacordes.com\/index.php?rest_route=%2Fwp%2Fv2%2Fmedia&parent=19995"}],"wp:term":[{"taxonomy":"category","embeddable":true,"href":"https:\/\/entrenotasyacordes.com\/index.php?rest_route=%2Fwp%2Fv2%2Fcategories&post=19995"},{"taxonomy":"post_tag","embeddable":true,"href":"https:\/\/entrenotasyacordes.com\/index.php?rest_route=%2Fwp%2Fv2%2Ftags&post=19995"}],"curies":[{"name":"wp","href":"https:\/\/api.w.org\/{rel}","templated":true}]}}