{"id":19999,"date":"2026-03-16T19:24:00","date_gmt":"2026-03-16T19:24:00","guid":{"rendered":"https:\/\/entrenotasyacordes.com\/?p=19999"},"modified":"2026-03-16T19:24:00","modified_gmt":"2026-03-16T19:24:00","slug":"a-dos-meses-de-su-presentacion-en-argentina-martin-garrix-presenta-catharina-ultimos-tickets-disponibles-16-de-mayo-movistar-arena","status":"publish","type":"post","link":"https:\/\/entrenotasyacordes.com\/?p=19999","title":{"rendered":"A dos meses de su presentaci\u00f3n en Argentina, MARTIN GARRIX presenta CATHARINA &#8211; \u00daltimos tickets disponibles. 16 de mayo &#8211; Movistar Arena"},"content":{"rendered":"\n<p>Antes de su llegada a la Argentina, Martin Garrix presenta Catharina, su nuevo lanzamiento que ya supera las 1.5 millones de reproducciones a tan solo 48 horas de su estreno.<\/p>\n\n\n\n<p>A dos meses de su esperado show en Buenos Aires, quedan los \u00faltimos tickets disponibles para ser parte del espect\u00e1culo con el que el destacado DJ y productor holand\u00e9s desembarcar\u00e1 en el pa\u00eds en el marco de la gira americana m\u00e1s grande y ambiciosa de su carrera, un tour que recorrer\u00e1 los principales escenarios del continente con una producci\u00f3n de escala internacional.<\/p>\n\n\n\n<p class=\"has-text-align-center\"><strong>\u00daltimos tickets disponibles \u00fanicamente en&nbsp;<br><a href=\"https:\/\/www.movistararena.com.ar?utm_source=perfit&#038;utm_medium=email\" target=\"_blank\" rel=\"noreferrer noopener\">www.movistararena.com.ar<\/a><\/strong><\/p>\n\n\n<div class=\"wp-block-image\">\n<figure class=\"aligncenter size-large\"><img loading=\"lazy\" decoding=\"async\" width=\"1024\" height=\"1024\" src=\"https:\/\/entrenotasyacordes.com\/wp-content\/uploads\/2026\/03\/img_0735-1024x1024.png\" class=\"wp-image-19997\" srcset=\"https:\/\/entrenotasyacordes.com\/wp-content\/uploads\/2026\/03\/img_0735-1024x1024.png 1024w, https:\/\/entrenotasyacordes.com\/wp-content\/uploads\/2026\/03\/img_0735-300x300.png 300w, https:\/\/entrenotasyacordes.com\/wp-content\/uploads\/2026\/03\/img_0735-150x150.png 150w, https:\/\/entrenotasyacordes.com\/wp-content\/uploads\/2026\/03\/img_0735-768x768.png 768w, https:\/\/entrenotasyacordes.com\/wp-content\/uploads\/2026\/03\/img_0735-1536x1536.png 1536w, https:\/\/entrenotasyacordes.com\/wp-content\/uploads\/2026\/03\/img_0735-50x50.png 50w, https:\/\/entrenotasyacordes.com\/wp-content\/uploads\/2026\/03\/img_0735.png 2000w\" sizes=\"auto, (max-width: 1024px) 100vw, 1024px\" \/><\/figure>\n<\/div>\n\n\n<p>El DJ y productor holand\u00e9s&nbsp;<strong>Martin Garrix<\/strong>, multiplatino y l\u00edder global de la m\u00fasica electr\u00f3nica, acaba de lanzar su nuevo sencillo&nbsp;<strong>Catharina<\/strong>, que ya&nbsp;<strong>supera 1.5 millones de reproducciones<\/strong>&nbsp;a tan solo&nbsp;<strong>48 horas de su estreno<\/strong>, confirmando una vez m\u00e1s el enorme impacto del artista en la escena internacional.<\/p>\n\n\n\n<p>El track, editado a trav\u00e9s de STMPD RCRDS y TH3RD BRAIN, muestra una faceta m\u00e1s \u00edntima del productor: se trata de un tema de chill house que&nbsp;<strong>Garrix<\/strong>&nbsp;no solo escribi\u00f3 y produjo, sino que adem\u00e1s marca la&nbsp;<strong>primera vez que canta en solitario en una de sus canciones.<\/strong><\/p>\n\n\n\n<p>El videoclip oficial fue filmado entre Madeira, Portugal y \u00c1msterdam, combinando impactantes paisajes con im\u00e1genes nost\u00e1lgicas de la infancia del artista que retratan su crecimiento y el inicio de su amor por la m\u00fasica.<\/p>\n\n\n\n<p>Este lanzamiento llega en un momento clave de su carrera, ya que el artista se prepara para embarcarse en su gira&nbsp;<strong>Martin Garrix Americas Tour<\/strong>, la m\u00e1s grande y ambiciosa de su trayectoria en el continente. El tour recorrer\u00e1 m\u00faltiples ciudades de Am\u00e9rica del Norte y del Sur, comenzando el 1\u00b0 de mayo en Dallas, Texas, con una producci\u00f3n en vivo de alto impacto que ya es marca registrada del DJ.<\/p>\n\n\n\n<p>En este marco,&nbsp;<strong>Martin Garrix<\/strong>&nbsp;llegar\u00e1 a&nbsp;<strong>Buenos Aires<\/strong>&nbsp;para realizar su \u00fanico show en Argentina el pr\u00f3ximo&nbsp;<strong>16 de mayo en el Movistar Arena<\/strong>, en una noche que promete una experiencia audiovisual de nivel internacional, producida por&nbsp;<strong>Fenix Entertainment<\/strong>.&nbsp;<\/p>\n\n\n\n<p>Quedan las&nbsp;<strong>\u00faltimas entradas disponibles<\/strong>&nbsp;para vivir uno de los shows de m\u00fasica electr\u00f3nica m\u00e1s esperados del a\u00f1o. Los tickets se encuentran a la venta \u00fanicamente a trav\u00e9s de<strong>&nbsp;<a href=\"http:\/\/www.movistararena.com.ar\/?utm_source=perfit&#038;utm_medium=email\" target=\"_blank\" rel=\"noreferrer noopener\">http:\/\/www.movistararena.com.ar\/<\/a>.<\/strong><\/p>\n\n\n\n<p>Con una puesta de \u00faltima generaci\u00f3n, nueva m\u00fasica y la energ\u00eda que lo convirti\u00f3 en uno de los DJs m\u00e1s importantes del mundo, el paso de Martin Garrix por Argentina ser\u00e1 uno de los grandes eventos musicales de 2026.<\/p>\n\n\n<div class=\"wp-block-image\">\n<figure class=\"aligncenter size-large\"><img loading=\"lazy\" decoding=\"async\" width=\"770\" height=\"1024\" src=\"https:\/\/entrenotasyacordes.com\/wp-content\/uploads\/2026\/03\/img_0736-770x1024.jpg\" class=\"wp-image-19998\" srcset=\"https:\/\/entrenotasyacordes.com\/wp-content\/uploads\/2026\/03\/img_0736-770x1024.jpg 770w, https:\/\/entrenotasyacordes.com\/wp-content\/uploads\/2026\/03\/img_0736-226x300.jpg 226w, https:\/\/entrenotasyacordes.com\/wp-content\/uploads\/2026\/03\/img_0736-768x1021.jpg 768w, https:\/\/entrenotasyacordes.com\/wp-content\/uploads\/2026\/03\/img_0736.jpg 913w\" sizes=\"auto, (max-width: 770px) 100vw, 770px\" \/><\/figure>\n<\/div>\n\n\n<p><strong>\u201cMARTIN GARRIX AMERICAS TOUR\u201d DATES:<\/strong><br \/>Fri, May 1, 26 &#8211; Dallas, TX, USA, The Pavilion at Toyota Music Factory&nbsp;<br \/>Sat, May 9, 26 &#8211; George, WA, USA, The Gorge Amphitheatre<br \/>Fri, May 15, 26 &#8211; Santiago, Chile, Movistar Arena<br \/><strong>Sat, May 16, 26 &#8211; Buenos Aires, Argentina, Movistar Arena&nbsp;<\/strong><\/p>\n\n\n\n<p>Fri, May 22, 26 &#8211; Minneapolis, MN, USA, The Armory&nbsp;<br \/>Sat, May 23, 26 &#8211; Minneapolis, MN, USA, The Armory<br \/>Fri, May 29, 26 &#8211; Toronto, ON, Canada, RBC Amphitheatre&nbsp;<br \/>Fri, Jun 5, 26 &#8211; Washington, DC, USA, The Anthem<br \/>Fri, Jun 12, 26 &#8211; New York, NY, USA, Barclays Center&nbsp;<br \/>Thu, Jun 18, 26 &#8211; Boston, MA, USA, Agganis Arena<br \/>Thu, Jun 25, 26 &#8211; Chicago, IL, USA, Huntington Bank Pavilion at Northerly Island Fri, Oct 16, 26 &#8211; Mexico City, Mexico, Palacio de los Deportes<br \/>Fri, Nov 13, 26 &#8211; Guatemala City, Guatemala, Explanada 5&nbsp;<br \/>Fri, Nov 27, 26 &#8211; San Jose, Costa Rica, Parque Viva<br \/>Sat, Nov 28, 26 &#8211; Cuenca, Ecuador, Estadio Alejandro Serrano Aguilar&nbsp;<br \/>Fri, Dec 4, 26 &#8211; Bogota, Colombia, Movistar Arena<br \/>Sat, Dec 5, 26 &#8211; Medellin, Colombia, TBD VENUE<\/p>\n","protected":false},"excerpt":{"rendered":"<p>Antes de su llegada a la Argentina, Martin Garrix presenta Catharina, su nuevo lanzamiento que<\/p>\n","protected":false},"author":5,"featured_media":19998,"comment_status":"closed","ping_status":"","sticky":false,"template":"","format":"standard","meta":{"om_disable_all_campaigns":false,"_uf_show_specific_survey":0,"_uf_disable_surveys":false,"footnotes":""},"categories":[34],"tags":[],"class_list":["post-19999","post","type-post","status-publish","format-standard","has-post-thumbnail","hentry","category-ultimas-noticias"],"_links":{"self":[{"href":"https:\/\/entrenotasyacordes.com\/index.php?rest_route=\/wp\/v2\/posts\/19999","targetHints":{"allow":["GET"]}}],"collection":[{"href":"https:\/\/entrenotasyacordes.com\/index.php?rest_route=\/wp\/v2\/posts"}],"about":[{"href":"https:\/\/entrenotasyacordes.com\/index.php?rest_route=\/wp\/v2\/types\/post"}],"author":[{"embeddable":true,"href":"https:\/\/entrenotasyacordes.com\/index.php?rest_route=\/wp\/v2\/users\/5"}],"replies":[{"embeddable":true,"href":"https:\/\/entrenotasyacordes.com\/index.php?rest_route=%2Fwp%2Fv2%2Fcomments&post=19999"}],"version-history":[{"count":1,"href":"https:\/\/entrenotasyacordes.com\/index.php?rest_route=\/wp\/v2\/posts\/19999\/revisions"}],"predecessor-version":[{"id":20000,"href":"https:\/\/entrenotasyacordes.com\/index.php?rest_route=\/wp\/v2\/posts\/19999\/revisions\/20000"}],"wp:featuredmedia":[{"embeddable":true,"href":"https:\/\/entrenotasyacordes.com\/index.php?rest_route=\/wp\/v2\/media\/19998"}],"wp:attachment":[{"href":"https:\/\/entrenotasyacordes.com\/index.php?rest_route=%2Fwp%2Fv2%2Fmedia&parent=19999"}],"wp:term":[{"taxonomy":"category","embeddable":true,"href":"https:\/\/entrenotasyacordes.com\/index.php?rest_route=%2Fwp%2Fv2%2Fcategories&post=19999"},{"taxonomy":"post_tag","embeddable":true,"href":"https:\/\/entrenotasyacordes.com\/index.php?rest_route=%2Fwp%2Fv2%2Ftags&post=19999"}],"curies":[{"name":"wp","href":"https:\/\/api.w.org\/{rel}","templated":true}]}}