{"id":20024,"date":"2026-03-30T05:58:42","date_gmt":"2026-03-30T05:58:42","guid":{"rendered":"https:\/\/entrenotasyacordes.com\/?p=20024"},"modified":"2026-03-30T05:58:42","modified_gmt":"2026-03-30T05:58:42","slug":"santi-celli-presenta-antisocial-junto-a-ale-sergi","status":"publish","type":"post","link":"https:\/\/entrenotasyacordes.com\/?p=20024","title":{"rendered":"SANTI CELLI presenta \u201cANTISOCIAL\u201d junto a ALE SERGI"},"content":{"rendered":"<div class=\"wp-block-image\">\n<figure class=\"aligncenter size-large\"><img loading=\"lazy\" decoding=\"async\" width=\"1024\" height=\"683\" src=\"https:\/\/entrenotasyacordes.com\/wp-content\/uploads\/2026\/03\/antisocial-8-1024x683.jpg\" class=\"wp-image-20023\" srcset=\"https:\/\/entrenotasyacordes.com\/wp-content\/uploads\/2026\/03\/antisocial-8-1024x683.jpg 1024w, https:\/\/entrenotasyacordes.com\/wp-content\/uploads\/2026\/03\/antisocial-8-300x200.jpg 300w, https:\/\/entrenotasyacordes.com\/wp-content\/uploads\/2026\/03\/antisocial-8-768x512.jpg 768w, https:\/\/entrenotasyacordes.com\/wp-content\/uploads\/2026\/03\/antisocial-8-1536x1025.jpg 1536w, https:\/\/entrenotasyacordes.com\/wp-content\/uploads\/2026\/03\/antisocial-8.jpg 2000w\" sizes=\"auto, (max-width: 1024px) 100vw, 1024px\" \/><\/figure>\n<\/div>\n\n\n<p>Santi Celli vuelve con nueva m\u00fasica y nada m\u00e1s ni nada menos que con la compa\u00f1\u00eda de Ale Sergi, en lo que es el primer corte del pr\u00f3ximo \u00e1lbum de Santi que promete ver la luz muy pronto.&nbsp;<\/p>\n\n\n\n<p>\u201cANTISOCIAL\u201d es el nuevo single de Santi Celli. Una canci\u00f3n que hace foco sobre la ansiedad social pero desde una perspectiva despreocupada y divertida.<\/p>\n\n\n\n<p>Es el primer y \u00fanico adelanto de \u201cTRANQUILO\u201d, el pr\u00f3ximo disco de Celli, un trabajo que lleva dos a\u00f1os de silencio calculado y que propone canciones que priorizan la honestidad emocional por sobre la pose.<\/p>\n\n\n\n<figure class=\"wp-block-embed\"><div class=\"wp-block-embed__wrapper\">\n<div class=\"epyt-video-wrapper\"><iframe loading=\"lazy\"  id=\"_ytid_22719\"  width=\"640\" height=\"360\"  data-origwidth=\"640\" data-origheight=\"360\" src=\"https:\/\/www.youtube.com\/embed\/QoNNoNItEqA?enablejsapi=1&#038;autoplay=0&#038;cc_load_policy=0&#038;cc_lang_pref=&#038;iv_load_policy=1&#038;loop=0&#038;rel=1&#038;fs=1&#038;playsinline=0&#038;autohide=2&#038;theme=dark&#038;color=white&#038;controls=1&#038;\" class=\"__youtube_prefs__  epyt-is-override  no-lazyload\" data-vol=\"50\"  title=\"YouTube player\"  allow=\"fullscreen; accelerometer; autoplay; clipboard-write; encrypted-media; gyroscope; picture-in-picture; web-share\" referrerpolicy=\"strict-origin-when-cross-origin\" allowfullscreen data-no-lazy=\"1\" data-skipgform_ajax_framebjll=\"\"><\/iframe><\/div>\n<\/div><\/figure>\n\n\n\n<p><strong>ACERCA DE SANTI CELLI<\/strong><\/p>\n\n\n\n<p>Santiago Celli es compositor y productor. Naci\u00f3 en la ciudad de C\u00f3rdoba y vive en Buenos Aires desde 2019 (a partir de su paso por el aclamado d\u00fao Salvapantallas)<\/p>\n\n\n\n<p>El 30 de abril del 2020 edit\u00f3 su disco debut \u201cReset\u201d, que fue nominado a los Premios Gardel en la terna \u201cMejor \u00e1lbum canci\u00f3n de autor\u201d, y lo posicion\u00f3 como un compositor destacado de la nueva generaci\u00f3n. En noviembre del 2021 edit\u00f3 su segundo \u00e1lbum \u00abatte. Celli\u00bb.&nbsp;<\/p>\n\n\n\n<p>En octubre de 2023 lanz\u00f3 su tercer \u00e1lbum \u201c3D\u201d con una gran repercusi\u00f3n y nominaci\u00f3n a los Premios Gardel.&nbsp;<\/p>\n\n\n\n<p>El 2026 es el a\u00f1o de desembarco de su esperado 4to \u00e1lbum, del que muy pronto tendremos novedades.&nbsp;<\/p>\n","protected":false},"excerpt":{"rendered":"<p>Santi Celli vuelve con nueva m\u00fasica y nada m\u00e1s ni nada menos que con la<\/p>\n","protected":false},"author":5,"featured_media":20023,"comment_status":"closed","ping_status":"","sticky":false,"template":"","format":"standard","meta":{"om_disable_all_campaigns":false,"_uf_show_specific_survey":0,"_uf_disable_surveys":false,"footnotes":""},"categories":[4],"tags":[],"class_list":["post-20024","post","type-post","status-publish","format-standard","has-post-thumbnail","hentry","category-musica"],"_links":{"self":[{"href":"https:\/\/entrenotasyacordes.com\/index.php?rest_route=\/wp\/v2\/posts\/20024","targetHints":{"allow":["GET"]}}],"collection":[{"href":"https:\/\/entrenotasyacordes.com\/index.php?rest_route=\/wp\/v2\/posts"}],"about":[{"href":"https:\/\/entrenotasyacordes.com\/index.php?rest_route=\/wp\/v2\/types\/post"}],"author":[{"embeddable":true,"href":"https:\/\/entrenotasyacordes.com\/index.php?rest_route=\/wp\/v2\/users\/5"}],"replies":[{"embeddable":true,"href":"https:\/\/entrenotasyacordes.com\/index.php?rest_route=%2Fwp%2Fv2%2Fcomments&post=20024"}],"version-history":[{"count":1,"href":"https:\/\/entrenotasyacordes.com\/index.php?rest_route=\/wp\/v2\/posts\/20024\/revisions"}],"predecessor-version":[{"id":20025,"href":"https:\/\/entrenotasyacordes.com\/index.php?rest_route=\/wp\/v2\/posts\/20024\/revisions\/20025"}],"wp:featuredmedia":[{"embeddable":true,"href":"https:\/\/entrenotasyacordes.com\/index.php?rest_route=\/wp\/v2\/media\/20023"}],"wp:attachment":[{"href":"https:\/\/entrenotasyacordes.com\/index.php?rest_route=%2Fwp%2Fv2%2Fmedia&parent=20024"}],"wp:term":[{"taxonomy":"category","embeddable":true,"href":"https:\/\/entrenotasyacordes.com\/index.php?rest_route=%2Fwp%2Fv2%2Fcategories&post=20024"},{"taxonomy":"post_tag","embeddable":true,"href":"https:\/\/entrenotasyacordes.com\/index.php?rest_route=%2Fwp%2Fv2%2Ftags&post=20024"}],"curies":[{"name":"wp","href":"https:\/\/api.w.org\/{rel}","templated":true}]}}