{"id":20213,"date":"2026-04-26T18:13:29","date_gmt":"2026-04-26T18:13:29","guid":{"rendered":"https:\/\/entrenotasyacordes.com\/?p=20213"},"modified":"2026-04-26T18:13:29","modified_gmt":"2026-04-26T18:13:29","slug":"qlokura-arraso-en-el-movistar-arena-con-otro-sold-out-y-calienta-motores-para-su-decimo","status":"publish","type":"post","link":"https:\/\/entrenotasyacordes.com\/?p=20213","title":{"rendered":"Q\u2019LOKURA&nbsp;ARRAS\u00d3 EN EL MOVISTAR ARENA CON OTRO SOLD OUT Y CALIENTA MOTORES PARA SU D\u00c9CIMO"},"content":{"rendered":"<div class=\"wp-block-image\">\n<figure class=\"aligncenter size-large\"><img loading=\"lazy\" decoding=\"async\" width=\"1024\" height=\"576\" src=\"https:\/\/entrenotasyacordes.com\/wp-content\/uploads\/2026\/04\/baf303e6-082a-437b-96ae-8c058d30dbd1-1024x576.jpg\" class=\"wp-image-20209\" srcset=\"https:\/\/entrenotasyacordes.com\/wp-content\/uploads\/2026\/04\/baf303e6-082a-437b-96ae-8c058d30dbd1-1024x576.jpg 1024w, https:\/\/entrenotasyacordes.com\/wp-content\/uploads\/2026\/04\/baf303e6-082a-437b-96ae-8c058d30dbd1-300x169.jpg 300w, https:\/\/entrenotasyacordes.com\/wp-content\/uploads\/2026\/04\/baf303e6-082a-437b-96ae-8c058d30dbd1-768x432.jpg 768w, https:\/\/entrenotasyacordes.com\/wp-content\/uploads\/2026\/04\/baf303e6-082a-437b-96ae-8c058d30dbd1-1536x864.jpg 1536w, https:\/\/entrenotasyacordes.com\/wp-content\/uploads\/2026\/04\/baf303e6-082a-437b-96ae-8c058d30dbd1.jpg 1600w\" sizes=\"auto, (max-width: 1024px) 100vw, 1024px\" \/><\/figure>\n<\/div>\n\n\n<p>Q\u2019Lokura volvi\u00f3 a hacer del Movistar Arena su territorio natural. Con entradas completamente agotadas y m\u00e1s de tres horas de show, el d\u00fao cordob\u00e9s ofreci\u00f3 una noche intensa, din\u00e1mica y emocional, reafirmando su lugar como uno de los fen\u00f3menos m\u00e1s convocantes del cuarteto actual y dejando todo listo para lo que ser\u00e1 su d\u00e9cimo Movistar Arena el 17 de junio, ya instalado como un hito dentro de su carrera.<\/p>\n\n\n\n<p>Desde el arranque, poco despu\u00e9s de las 21, Nicol\u00e1s Sattler y Facundo \u201cEl Chino\u201d Herrera marcaron el pulso de un espect\u00e1culo sin pausas, sostenido en bloques enganchados, cambios de ritmo constantes y una interacci\u00f3n permanente con el p\u00fablico.<\/p>\n\n\n<div class=\"wp-block-image\">\n<figure class=\"aligncenter size-large\"><img loading=\"lazy\" decoding=\"async\" width=\"1024\" height=\"576\" src=\"https:\/\/entrenotasyacordes.com\/wp-content\/uploads\/2026\/04\/6287a452-2c49-4595-ade2-b93310e495e3-1024x576.jpg\" class=\"wp-image-20210\" srcset=\"https:\/\/entrenotasyacordes.com\/wp-content\/uploads\/2026\/04\/6287a452-2c49-4595-ade2-b93310e495e3-1024x576.jpg 1024w, https:\/\/entrenotasyacordes.com\/wp-content\/uploads\/2026\/04\/6287a452-2c49-4595-ade2-b93310e495e3-300x169.jpg 300w, https:\/\/entrenotasyacordes.com\/wp-content\/uploads\/2026\/04\/6287a452-2c49-4595-ade2-b93310e495e3-768x432.jpg 768w, https:\/\/entrenotasyacordes.com\/wp-content\/uploads\/2026\/04\/6287a452-2c49-4595-ade2-b93310e495e3-1536x864.jpg 1536w, https:\/\/entrenotasyacordes.com\/wp-content\/uploads\/2026\/04\/6287a452-2c49-4595-ade2-b93310e495e3.jpg 1600w\" sizes=\"auto, (max-width: 1024px) 100vw, 1024px\" \/><figcaption class=\"wp-element-caption\">PH. Pancho Podderes @podderes<\/figcaption><\/figure>\n<\/div>\n\n\n<h1 class=\"wp-block-heading\">UN RECORRIDO MUSICAL SIN RESPIRO<\/h1>\n\n\n\n<p>El setlist fue amplio, potente y pensado para no perder intensidad en ning\u00fan tramo. Temas como \u201cMil noches\u201d, \u201cUn siglo sin ti\u201d, \u201cQu\u00e9 hacer para verte\u201d, \u201cTe pido de rodillas\u201d, \u201cDime t\u00fa\u201d, \u201cTattoo\u201d, \u201cA un mil\u00edmetro\u201d, \u201cBailando bachata\u201d y \u201cYo no te merezco\u201d se fueron encadenando en una l\u00f3gica de fiesta permanente, con momentos rom\u00e1nticos, pasajes m\u00e1s introspectivos y picos de euforia bien marcados.<\/p>\n\n\n\n<p>Las cl\u00e1sicas \u201csessions\u201d, los enganchados y las reinterpretaciones confirmaron una f\u00f3rmula que Q\u2019Lokura domina: sostener la energ\u00eda sin cortar el clima, generando una experiencia continua que convierte al recital en un verdadero ritual colectivo.<\/p>\n\n\n\n<h1 class=\"wp-block-heading\">INVITADOS Y MOMENTOS QUE MARCARON LA NOCHE<\/h1>\n\n\n<div class=\"wp-block-image\">\n<figure class=\"aligncenter size-large\"><img loading=\"lazy\" decoding=\"async\" width=\"576\" height=\"1024\" src=\"https:\/\/entrenotasyacordes.com\/wp-content\/uploads\/2026\/04\/q-lokura_-19-576x1024.jpg\" class=\"wp-image-20211\" srcset=\"https:\/\/entrenotasyacordes.com\/wp-content\/uploads\/2026\/04\/q-lokura_-19-576x1024.jpg 576w, https:\/\/entrenotasyacordes.com\/wp-content\/uploads\/2026\/04\/q-lokura_-19-169x300.jpg 169w, https:\/\/entrenotasyacordes.com\/wp-content\/uploads\/2026\/04\/q-lokura_-19-768x1365.jpg 768w, https:\/\/entrenotasyacordes.com\/wp-content\/uploads\/2026\/04\/q-lokura_-19-864x1536.jpg 864w, https:\/\/entrenotasyacordes.com\/wp-content\/uploads\/2026\/04\/q-lokura_-19-1024x1820.jpg 1024w, https:\/\/entrenotasyacordes.com\/wp-content\/uploads\/2026\/04\/q-lokura_-19.jpg 1125w\" sizes=\"auto, (max-width: 576px) 100vw, 576px\" \/><figcaption class=\"wp-element-caption\">PH. Pancho Podderes @podderes<\/figcaption><\/figure>\n<\/div>\n\n\n<p>Los invitados aportaron matices y escenas memorables. El primero en aparecer fue&nbsp;<strong>Thian<\/strong>, quien se sum\u00f3 junto a Nico en \u201cMe perd\u00ed\u201d, abriendo la puerta a una serie de colaboraciones que ir\u00edan elevando la temperatura.<\/p>\n\n\n\n<p>Luego lleg\u00f3 uno de los momentos m\u00e1s emotivos de la noche con&nbsp;<strong>Dalila,<\/strong>&nbsp;quien interpret\u00f3 \u201cDej\u00e9moslo as\u00ed\u201d en una versi\u00f3n cargada de sentimiento que termin\u00f3 con la artista visiblemente conmovida, quebr\u00e1ndose en llanto sobre el escenario ante la ovaci\u00f3n del p\u00fablico.<\/p>\n\n\n\n<p>La emoci\u00f3n volvi\u00f3 a escalar con la participaci\u00f3n de&nbsp;<strong>Nahuel Pennisi<\/strong>&nbsp;, protagonista junto a Nico de una versi\u00f3n profundamente intensa de \u201cUniverso paralelo\u201d, que gener\u00f3 uno de los climas m\u00e1s sobrecogedores del show.<\/p>\n\n\n\n<p>Uno de los momentos m\u00e1s sorpresivos lleg\u00f3 con&nbsp;<strong>El Bahiano<\/strong>, que reversion\u00f3 tres de sus cl\u00e1sicos en clave cuarteto: \u201cSin cadenas\u201d, \u201cPupilas lejanas\u201d y \u201cNada que perder\u201d, logrando una fusi\u00f3n efectiva entre el ADN reggae y el pulso caracter\u00edstico del g\u00e9nero cordob\u00e9s.&nbsp;<\/p>\n\n\n\n<p>M\u00e1s adelante,&nbsp;<strong>Coti&nbsp;<\/strong>aport\u00f3 su repertorio con \u201cNada de esto fue un error\u201d y \u201cAntes de ver el sol\u201d, en un cruce que conect\u00f3 generaciones y estilos, logrando una respuesta inmediata del p\u00fablico.<\/p>\n\n\n\n<p>Tambi\u00e9n tuvo su espacio<strong>&nbsp;Christian Herrera<\/strong>, sumando ra\u00edz folkl\u00f3rica a una noche que se permiti\u00f3 cruzar estilos sin perder identidad.<\/p>\n\n\n<div class=\"wp-block-image\">\n<figure class=\"aligncenter size-large\"><img loading=\"lazy\" decoding=\"async\" width=\"576\" height=\"1024\" src=\"https:\/\/entrenotasyacordes.com\/wp-content\/uploads\/2026\/04\/q-lokura_-31-576x1024.jpg\" class=\"wp-image-20212\" srcset=\"https:\/\/entrenotasyacordes.com\/wp-content\/uploads\/2026\/04\/q-lokura_-31-576x1024.jpg 576w, https:\/\/entrenotasyacordes.com\/wp-content\/uploads\/2026\/04\/q-lokura_-31-169x300.jpg 169w, https:\/\/entrenotasyacordes.com\/wp-content\/uploads\/2026\/04\/q-lokura_-31-768x1365.jpg 768w, https:\/\/entrenotasyacordes.com\/wp-content\/uploads\/2026\/04\/q-lokura_-31-864x1536.jpg 864w, https:\/\/entrenotasyacordes.com\/wp-content\/uploads\/2026\/04\/q-lokura_-31-1024x1820.jpg 1024w, https:\/\/entrenotasyacordes.com\/wp-content\/uploads\/2026\/04\/q-lokura_-31.jpg 1125w\" sizes=\"auto, (max-width: 576px) 100vw, 576px\" \/><\/figure>\n<\/div>\n\n\n<h1 class=\"wp-block-heading\">UN PRESENTE CONSOLIDADO Y UN HITO EN EL HORIZONTE<\/h1>\n\n\n\n<p>Este nuevo Movistar Arena sold out es parte de una seguidilla de presentaciones que confirman el crecimiento sostenido del d\u00fao. Con una conexi\u00f3n cada vez m\u00e1s s\u00f3lida con su p\u00fablico y una propuesta esc\u00e9nica en constante evoluci\u00f3n.<\/p>\n\n\n\n<p>En ese contexto, todas las miradas ya est\u00e1n puestas en el pr\u00f3ximo gran paso: el d\u00e9cimo Movistar Arena, previsto para el 17 de junio. En la cultura popular argentina, la \u201cd\u00e9cima\u201d no es un n\u00famero m\u00e1s. Tiene un peso simb\u00f3lico ligado a la consagraci\u00f3n, a los hitos que marcan un antes y un despu\u00e9s. Y Q\u2019Lokura llega a esa instancia en su mejor momento.<\/p>\n\n\n\n<p>La expectativa es alta: una puesta renovada, invitados especiales y un recorrido pensado para condensar todo el camino que los llev\u00f3 hasta ac\u00e1. M\u00e1s que un recital, el d\u00e9cimo Movistar Arena se perfila como una celebraci\u00f3n de identidad, pertenencia y crecimiento.<\/p>\n\n\n\n<p>Lo que ocurri\u00f3 en esta \u00faltima presentaci\u00f3n no solo confirm\u00f3 el presente del d\u00fao, sino que funcion\u00f3 como antesala de ese momento clave. Q\u2019Lokura no solo llena estadios: construye una experiencia que el p\u00fablico siente propia y que, en cada nueva fecha, eleva la vara un poco m\u00e1s.<\/p>\n\n\n\n<p>Entradas disponibles en&nbsp;<a target=\"_blank\" href=\"https:\/\/www.movistararena.com.ar\/shows?utm_source=perfit&amp;utm_medium=email\" rel=\"noreferrer noopener\">www.movistararena.com.ar<\/a>&nbsp;&nbsp;<\/p>\n","protected":false},"excerpt":{"rendered":"<p>Q\u2019Lokura volvi\u00f3 a hacer del Movistar Arena su territorio natural. Con entradas completamente agotadas y<\/p>\n","protected":false},"author":5,"featured_media":20209,"comment_status":"closed","ping_status":"","sticky":false,"template":"","format":"standard","meta":{"om_disable_all_campaigns":false,"_uf_show_specific_survey":0,"_uf_disable_surveys":false,"footnotes":""},"categories":[34],"tags":[],"class_list":["post-20213","post","type-post","status-publish","format-standard","has-post-thumbnail","hentry","category-ultimas-noticias"],"_links":{"self":[{"href":"https:\/\/entrenotasyacordes.com\/index.php?rest_route=\/wp\/v2\/posts\/20213","targetHints":{"allow":["GET"]}}],"collection":[{"href":"https:\/\/entrenotasyacordes.com\/index.php?rest_route=\/wp\/v2\/posts"}],"about":[{"href":"https:\/\/entrenotasyacordes.com\/index.php?rest_route=\/wp\/v2\/types\/post"}],"author":[{"embeddable":true,"href":"https:\/\/entrenotasyacordes.com\/index.php?rest_route=\/wp\/v2\/users\/5"}],"replies":[{"embeddable":true,"href":"https:\/\/entrenotasyacordes.com\/index.php?rest_route=%2Fwp%2Fv2%2Fcomments&post=20213"}],"version-history":[{"count":1,"href":"https:\/\/entrenotasyacordes.com\/index.php?rest_route=\/wp\/v2\/posts\/20213\/revisions"}],"predecessor-version":[{"id":20214,"href":"https:\/\/entrenotasyacordes.com\/index.php?rest_route=\/wp\/v2\/posts\/20213\/revisions\/20214"}],"wp:featuredmedia":[{"embeddable":true,"href":"https:\/\/entrenotasyacordes.com\/index.php?rest_route=\/wp\/v2\/media\/20209"}],"wp:attachment":[{"href":"https:\/\/entrenotasyacordes.com\/index.php?rest_route=%2Fwp%2Fv2%2Fmedia&parent=20213"}],"wp:term":[{"taxonomy":"category","embeddable":true,"href":"https:\/\/entrenotasyacordes.com\/index.php?rest_route=%2Fwp%2Fv2%2Fcategories&post=20213"},{"taxonomy":"post_tag","embeddable":true,"href":"https:\/\/entrenotasyacordes.com\/index.php?rest_route=%2Fwp%2Fv2%2Ftags&post=20213"}],"curies":[{"name":"wp","href":"https:\/\/api.w.org\/{rel}","templated":true}]}}