{"id":20216,"date":"2026-04-26T18:16:19","date_gmt":"2026-04-26T18:16:19","guid":{"rendered":"https:\/\/entrenotasyacordes.com\/?p=20216"},"modified":"2026-04-26T18:16:19","modified_gmt":"2026-04-26T18:16:19","slug":"alejandro-lerner-todo-lo-que-tenes-que-saber-sobre-su-show-el-26-de-abril-en-el-gran-rex","status":"publish","type":"post","link":"https:\/\/entrenotasyacordes.com\/?p=20216","title":{"rendered":"ALEJANDRO LERNER &#8211; Todo lo que ten\u00e9s que saber sobre su show el 26 de abril en el Gran Rex"},"content":{"rendered":"<div class=\"wp-block-image\">\n<figure class=\"aligncenter size-large\"><img loading=\"lazy\" decoding=\"async\" width=\"1024\" height=\"576\" src=\"https:\/\/entrenotasyacordes.com\/wp-content\/uploads\/2026\/04\/dsc1086-1024x576.jpg\" class=\"wp-image-20215\" srcset=\"https:\/\/entrenotasyacordes.com\/wp-content\/uploads\/2026\/04\/dsc1086-1024x576.jpg 1024w, https:\/\/entrenotasyacordes.com\/wp-content\/uploads\/2026\/04\/dsc1086-300x169.jpg 300w, https:\/\/entrenotasyacordes.com\/wp-content\/uploads\/2026\/04\/dsc1086-768x432.jpg 768w, https:\/\/entrenotasyacordes.com\/wp-content\/uploads\/2026\/04\/dsc1086-1536x864.jpg 1536w, https:\/\/entrenotasyacordes.com\/wp-content\/uploads\/2026\/04\/dsc1086.jpg 2000w\" sizes=\"auto, (max-width: 1024px) 100vw, 1024px\" \/><\/figure>\n<\/div>\n\n\n<p>El domingo 26 de abril las puertas se abrir\u00e1n a las 19 horas. Desde la producci\u00f3n, se recomienda llegar con tiempo ya que el inicio del show ser\u00e1 puntual a las 20 hs. En la previa, el opening estar\u00e1 a cargo de Sof\u00eda Vitola \u201cPOTRA\u201d, a las 19:30 hs.<\/p>\n\n\n\n<p>Quienes asistan deber\u00e1n tener en cuenta toda la informaci\u00f3n adjunta y brindada a trav\u00e9s de las redes oficiales del artista.<\/p>\n\n\n\n<p>Esa noche, no faltar\u00e1n los cl\u00e1sicos de siempre, que se convirtieron en himnos de la m\u00fasica de habla hispana,&nbsp; y que le valieron a Lerner reconocimientos como el Latin Grammy a la Excelencia Musical 2024 y ser declarado Personalidad Em\u00e9rita de la Cultura Nacional. \u00daltimas entradas a la venta por <a href=\"http:\/\/tuentrada.com\">Tuentrada.com<\/a><\/p>\n\n\n\n<p>Recientemente Alejandro confirm\u00f3 que se encuentra en pleno proceso de grabaci\u00f3n de un nuevo \u00e1lbum de estudio, y present\u00f3 su primer corte, \u201cDejame Volver\u201d.<\/p>\n\n\n\n<p>Acompa\u00f1ado por un video realmente impactante, \u201cDejame Volver\u201d revela una sonoridad rockera, que permite vislumbrar lo que ser\u00e1 este nuevo \u00e1lbum.&nbsp;<\/p>\n\n\n\n<p>Si bien en los \u00faltimos a\u00f1os Alejandro fue presentando distintos singles y colaboraciones, este nuevo trabajo marca la vuelta del artista al&nbsp; estudio despu\u00e9s de 1 d\u00e9cada.&nbsp;<\/p>\n\n\n\n<p>Sobre qu\u00e9 podemos esperar de su nuevo material, Alejandro coment\u00f3 \u201cEstoy muy entusiasmado con todo el proceso de este nuevo trabajo, disfrutando mucho, y creo que se van a sorprender\u201d.&nbsp;<\/p>\n\n\n\n<p>Dejame volver ya se encuentra disponible en todas las plataformas <a href=\"https:\/\/orcd.co\/dejamevolver\">digitales<\/a>.<\/p>\n\n\n\n<figure class=\"wp-block-embed\"><div class=\"wp-block-embed__wrapper\">\n<div class=\"epyt-video-wrapper\"><iframe loading=\"lazy\"  id=\"_ytid_18322\"  width=\"640\" height=\"360\"  data-origwidth=\"640\" data-origheight=\"360\" src=\"https:\/\/www.youtube.com\/embed\/9USs8c4bHRM?enablejsapi=1&#038;autoplay=0&#038;cc_load_policy=0&#038;cc_lang_pref=&#038;iv_load_policy=1&#038;loop=0&#038;rel=1&#038;fs=1&#038;playsinline=0&#038;autohide=2&#038;theme=dark&#038;color=white&#038;controls=1&#038;\" class=\"__youtube_prefs__  epyt-is-override  no-lazyload\" data-vol=\"50\"  title=\"YouTube player\"  allow=\"fullscreen; accelerometer; autoplay; clipboard-write; encrypted-media; gyroscope; picture-in-picture; web-share\" referrerpolicy=\"strict-origin-when-cross-origin\" allowfullscreen data-no-lazy=\"1\" data-skipgform_ajax_framebjll=\"\"><\/iframe><\/div>\n<\/div><\/figure>\n","protected":false},"excerpt":{"rendered":"<p>El domingo 26 de abril las puertas se abrir\u00e1n a las 19 horas. Desde la<\/p>\n","protected":false},"author":5,"featured_media":20215,"comment_status":"closed","ping_status":"","sticky":false,"template":"","format":"standard","meta":{"om_disable_all_campaigns":false,"_uf_show_specific_survey":0,"_uf_disable_surveys":false,"footnotes":""},"categories":[36,34],"tags":[],"class_list":["post-20216","post","type-post","status-publish","format-standard","has-post-thumbnail","hentry","category-conciertos","category-ultimas-noticias"],"_links":{"self":[{"href":"https:\/\/entrenotasyacordes.com\/index.php?rest_route=\/wp\/v2\/posts\/20216","targetHints":{"allow":["GET"]}}],"collection":[{"href":"https:\/\/entrenotasyacordes.com\/index.php?rest_route=\/wp\/v2\/posts"}],"about":[{"href":"https:\/\/entrenotasyacordes.com\/index.php?rest_route=\/wp\/v2\/types\/post"}],"author":[{"embeddable":true,"href":"https:\/\/entrenotasyacordes.com\/index.php?rest_route=\/wp\/v2\/users\/5"}],"replies":[{"embeddable":true,"href":"https:\/\/entrenotasyacordes.com\/index.php?rest_route=%2Fwp%2Fv2%2Fcomments&post=20216"}],"version-history":[{"count":1,"href":"https:\/\/entrenotasyacordes.com\/index.php?rest_route=\/wp\/v2\/posts\/20216\/revisions"}],"predecessor-version":[{"id":20217,"href":"https:\/\/entrenotasyacordes.com\/index.php?rest_route=\/wp\/v2\/posts\/20216\/revisions\/20217"}],"wp:featuredmedia":[{"embeddable":true,"href":"https:\/\/entrenotasyacordes.com\/index.php?rest_route=\/wp\/v2\/media\/20215"}],"wp:attachment":[{"href":"https:\/\/entrenotasyacordes.com\/index.php?rest_route=%2Fwp%2Fv2%2Fmedia&parent=20216"}],"wp:term":[{"taxonomy":"category","embeddable":true,"href":"https:\/\/entrenotasyacordes.com\/index.php?rest_route=%2Fwp%2Fv2%2Fcategories&post=20216"},{"taxonomy":"post_tag","embeddable":true,"href":"https:\/\/entrenotasyacordes.com\/index.php?rest_route=%2Fwp%2Fv2%2Ftags&post=20216"}],"curies":[{"name":"wp","href":"https:\/\/api.w.org\/{rel}","templated":true}]}}