{"id":20221,"date":"2026-04-27T14:20:32","date_gmt":"2026-04-27T14:20:32","guid":{"rendered":"https:\/\/entrenotasyacordes.com\/?p=20221"},"modified":"2026-04-27T14:20:32","modified_gmt":"2026-04-27T14:20:32","slug":"teresa-parodi-prepara-su-regreso-a-buenos-aires-y-el-inicio-de-la-gira-que-presentara-hasta-que-amanezca-su-nuevo-disco","status":"publish","type":"post","link":"https:\/\/entrenotasyacordes.com\/?p=20221","title":{"rendered":"TERESA PARODI PREPARA SU REGRESO A BUENOS AIRES Y EL INICIO DE LA GIRA QUE PRESENTAR\u00c1 \u201cHASTA QUE AMANEZCA\u201d, SU NUEVO DISCO"},"content":{"rendered":"<div class=\"wp-block-image\">\n<figure class=\"aligncenter size-large\"><img loading=\"lazy\" decoding=\"async\" width=\"819\" height=\"1024\" src=\"https:\/\/entrenotasyacordes.com\/wp-content\/uploads\/2026\/04\/3c4a3fd9-a8a1-4f50-85b2-ad8f4a5e87c5-819x1024.jpg\" class=\"wp-image-20220\" srcset=\"https:\/\/entrenotasyacordes.com\/wp-content\/uploads\/2026\/04\/3c4a3fd9-a8a1-4f50-85b2-ad8f4a5e87c5-819x1024.jpg 819w, https:\/\/entrenotasyacordes.com\/wp-content\/uploads\/2026\/04\/3c4a3fd9-a8a1-4f50-85b2-ad8f4a5e87c5-240x300.jpg 240w, https:\/\/entrenotasyacordes.com\/wp-content\/uploads\/2026\/04\/3c4a3fd9-a8a1-4f50-85b2-ad8f4a5e87c5-768x960.jpg 768w, https:\/\/entrenotasyacordes.com\/wp-content\/uploads\/2026\/04\/3c4a3fd9-a8a1-4f50-85b2-ad8f4a5e87c5-1229x1536.jpg 1229w, https:\/\/entrenotasyacordes.com\/wp-content\/uploads\/2026\/04\/3c4a3fd9-a8a1-4f50-85b2-ad8f4a5e87c5-1024x1280.jpg 1024w, https:\/\/entrenotasyacordes.com\/wp-content\/uploads\/2026\/04\/3c4a3fd9-a8a1-4f50-85b2-ad8f4a5e87c5.jpg 1280w\" sizes=\"auto, (max-width: 819px) 100vw, 819px\" \/><\/figure>\n<\/div>\n\n\n<p class=\"has-text-align-center\"><strong>JUEVES 21 DE MAYO<\/strong><br>Presentaci\u00f3n oficial &#8211; La Trastienda<\/p>\n\n\n\n<p class=\"has-text-align-center\"><a href=\"https:\/\/www.passline.com\/eventos-ficha-dvm\/teresa-parodi-hasta-que-amanezca?utm_source=perfit&#038;utm_medium=email\" target=\"_blank\" rel=\"noreferrer noopener\">ENTRADAS A LA VENTA EN LA TRASTIENDA O PASSLINE<\/a><\/p>\n\n\n\n<p>Luego de adelantar los primeros detalles de \u201cHasta que amanezca\u201d, su pr\u00f3ximo trabajo discogr\u00e1fico,&nbsp;<strong>Teresa Parodi confirma una de las fechas m\u00e1s esperadas: el jueves 21 de mayo se presentar\u00e1 en La Trastienda<\/strong>, en el marco de una gira que la llevar\u00e1 por distintos puntos del pa\u00eds.<\/p>\n\n\n\n<p>El nuevo \u00e1lbum, que ver\u00e1 la luz a mediados de mayo, propone una continuidad en la b\u00fasqueda art\u00edstica de Parodi, combinando ra\u00edz folkl\u00f3rica con nuevas sonoridades y cruces generacionales.<\/p>\n\n\n\n<p>Las canciones dialogan con la realidad contempor\u00e1nea y con las historias cotidianas, en una obra que reafirma su mirada sensible y comprometida.<\/p>\n\n\n<div class=\"wp-block-image\">\n<figure class=\"aligncenter size-large\"><img loading=\"lazy\" decoding=\"async\" width=\"683\" height=\"1024\" src=\"https:\/\/entrenotasyacordes.com\/wp-content\/uploads\/2026\/04\/img_2415-683x1024.jpg\" class=\"wp-image-20218\" srcset=\"https:\/\/entrenotasyacordes.com\/wp-content\/uploads\/2026\/04\/img_2415-683x1024.jpg 683w, https:\/\/entrenotasyacordes.com\/wp-content\/uploads\/2026\/04\/img_2415-200x300.jpg 200w, https:\/\/entrenotasyacordes.com\/wp-content\/uploads\/2026\/04\/img_2415-768x1152.jpg 768w, https:\/\/entrenotasyacordes.com\/wp-content\/uploads\/2026\/04\/img_2415-1024x1536.jpg 1024w, https:\/\/entrenotasyacordes.com\/wp-content\/uploads\/2026\/04\/img_2415.jpg 1200w\" sizes=\"auto, (max-width: 683px) 100vw, 683px\" \/><figcaption class=\"wp-element-caption\">ph. Arnedo &#8211; Dusserre<\/figcaption><\/figure>\n<\/div>\n\n\n<p>El show en La Trastienda ser\u00e1 una oportunidad especial para escuchar en vivo este nuevo repertorio, junto con un recorrido por las obras m\u00e1s emblem\u00e1ticas de su carrera, aquellas que forman parte del cancionero popular argentino.<\/p>\n\n\n\n<p>Sobre el escenario, Parodi construye un clima \u00edntimo y potente, donde cada canci\u00f3n cobra una dimensi\u00f3n \u00fanica en el encuentro con el p\u00fablico.<\/p>\n\n\n<div class=\"wp-block-image\">\n<figure class=\"aligncenter size-large\"><img loading=\"lazy\" decoding=\"async\" width=\"768\" height=\"1024\" src=\"https:\/\/entrenotasyacordes.com\/wp-content\/uploads\/2026\/04\/img_2414-768x1024.jpg\" class=\"wp-image-20219\" srcset=\"https:\/\/entrenotasyacordes.com\/wp-content\/uploads\/2026\/04\/img_2414-768x1024.jpg 768w, https:\/\/entrenotasyacordes.com\/wp-content\/uploads\/2026\/04\/img_2414-225x300.jpg 225w, https:\/\/entrenotasyacordes.com\/wp-content\/uploads\/2026\/04\/img_2414-1024x1365.jpg 1024w, https:\/\/entrenotasyacordes.com\/wp-content\/uploads\/2026\/04\/img_2414.jpg 1080w\" sizes=\"auto, (max-width: 768px) 100vw, 768px\" \/><\/figure>\n<\/div>\n\n\n<p class=\"has-text-align-center\"><strong>FECHAS DE LA GIRA CONFIRMADAS<\/strong><br>\u25cf &nbsp; &nbsp;30 de abril \u2013 Rosario &#8211; Refi Comunidad<br>\u25cf &nbsp; &nbsp;1\u00b0 de mayo \u2013 Sierras Chicas &#8211; Las Martas Bar<br>\u25cf &nbsp; &nbsp;2 de mayo \u2013 C\u00f3rdoba &#8211; Teatro Comedia<br>\u25cf &nbsp; &nbsp;3 de mayo \u2013 Bell Ville &#8211; Teatro Coliseo<\/p>\n\n\n\n<p>Con esta serie de conciertos, Teresa Parodi vuelve a los escenarios de todo el pa\u00eds para compartir sus nuevas canciones y reencontrarse con su p\u00fablico, en un recorrido que celebra tanto su presente creativo como una trayectoria fundamental dentro de la m\u00fasica argentina.<\/p>\n\n\n\n<p><strong>Las entradas para el show del 21 de mayo en La Trastienda estar\u00e1n disponibles en el sitio web de La Trastienda y en Passline.<\/strong><\/p>\n\n\n\n<h4 class=\"wp-block-heading\">M\u00c1S DETALLES DEL \u00c1LBUM QUE SE VIENE<\/h4>\n\n\n\n<p><strong>\u201cMe veo en vos\u201d<\/strong>&nbsp;forma parte de Hasta que amanezca, el nuevo disco de Teresa Parodi que ver\u00e1 la luz a mediados de mayo.<br \/>El single se inscribe en una b\u00fasqueda art\u00edstica que Teresa Parodi sostiene disco a disco desde hace a\u00f1os, abierta a nuevos sonidos y cruces generacionales, sin perder la ra\u00edz y la identidad que definen su obra.<\/p>\n\n\n\n<p><strong>\u201cMe veo en vos\u201d<\/strong>&nbsp;se destaca por la fusi\u00f3n de lenguajes musicales que articula la tradici\u00f3n de la murga con el ritmo urbano del rap, poniendo en relaci\u00f3n la historia popular con la experiencia contempor\u00e1nea de la ciudad.<\/p>\n\n\n\n<p>Para dar forma a ese cruce,&nbsp;<strong>Teresa Parodi<\/strong>convoc\u00f3 a la murga&nbsp;<strong>montevideana Do\u00f1a Bastarda<\/strong>&nbsp;, reconocida por visibilizar la realidad de personas en situaci\u00f3n de calle, (murga Bicampeona de los Carnavales 2025 y 2026), y a la joven&nbsp;<strong>rapera Shitstem (Juana Passeri)<\/strong>, una voz joven y disruptiva de la escena actual cuyo decir personal e intenso ampl\u00eda el registro de la canci\u00f3n.<\/p>\n\n\n\n<figure class=\"wp-block-embed\"><div class=\"wp-block-embed__wrapper\">\n<div class=\"epyt-video-wrapper\"><iframe loading=\"lazy\"  id=\"_ytid_56679\"  width=\"640\" height=\"360\"  data-origwidth=\"640\" data-origheight=\"360\" src=\"https:\/\/www.youtube.com\/embed\/7nGwIBhG22E?enablejsapi=1&#038;autoplay=0&#038;cc_load_policy=0&#038;cc_lang_pref=&#038;iv_load_policy=1&#038;loop=0&#038;rel=1&#038;fs=1&#038;playsinline=0&#038;autohide=2&#038;theme=dark&#038;color=white&#038;controls=1&#038;\" class=\"__youtube_prefs__  epyt-is-override  no-lazyload\" data-vol=\"50\"  title=\"YouTube player\"  allow=\"fullscreen; accelerometer; autoplay; clipboard-write; encrypted-media; gyroscope; picture-in-picture; web-share\" referrerpolicy=\"strict-origin-when-cross-origin\" allowfullscreen data-no-lazy=\"1\" data-skipgform_ajax_framebjll=\"\"><\/iframe><\/div>\n<\/div><\/figure>\n\n\n\n<p>Compositora fundamental del cancionero nacional, Parodi ha construido a lo largo de su trayectoria una obra profundamente ligada a las historias del pueblo. Canciones como \u201cPedro Canoero\u201d, \u201cApurate Jos\u00e9\u201d, \u201cEl otro pa\u00eds\u201d, \u201cEsa musiquita\u201d o \u201cCeledonia Batista\u201d forman parte de una memoria viva que sigue resonando en nuevas generaciones.<\/p>\n\n\n\n<p>Con&nbsp;<em>\u201cHasta que amanezca\u201d<\/em>, contin\u00faa ese camino con una mirada sensible y comprometida, explorando nuevas sonoridades sin perder la esencia que define su identidad art\u00edstica. La presentaci\u00f3n oficial del disco marcar\u00e1 adem\u00e1s el inicio de una serie de conciertos especiales en distintas ciudades del pa\u00eds, donde el p\u00fablico podr\u00e1 encontrarse con estas nuevas canciones y con los cl\u00e1sicos que atraviesan la historia de la m\u00fasica argentina.<\/p>\n","protected":false},"excerpt":{"rendered":"<p>JUEVES 21 DE MAYOPresentaci\u00f3n oficial &#8211; La Trastienda ENTRADAS A LA VENTA EN LA TRASTIENDA<\/p>\n","protected":false},"author":5,"featured_media":20220,"comment_status":"closed","ping_status":"","sticky":false,"template":"","format":"standard","meta":{"om_disable_all_campaigns":false,"_uf_show_specific_survey":0,"_uf_disable_surveys":false,"footnotes":""},"categories":[36],"tags":[],"class_list":["post-20221","post","type-post","status-publish","format-standard","has-post-thumbnail","hentry","category-conciertos"],"_links":{"self":[{"href":"https:\/\/entrenotasyacordes.com\/index.php?rest_route=\/wp\/v2\/posts\/20221","targetHints":{"allow":["GET"]}}],"collection":[{"href":"https:\/\/entrenotasyacordes.com\/index.php?rest_route=\/wp\/v2\/posts"}],"about":[{"href":"https:\/\/entrenotasyacordes.com\/index.php?rest_route=\/wp\/v2\/types\/post"}],"author":[{"embeddable":true,"href":"https:\/\/entrenotasyacordes.com\/index.php?rest_route=\/wp\/v2\/users\/5"}],"replies":[{"embeddable":true,"href":"https:\/\/entrenotasyacordes.com\/index.php?rest_route=%2Fwp%2Fv2%2Fcomments&post=20221"}],"version-history":[{"count":1,"href":"https:\/\/entrenotasyacordes.com\/index.php?rest_route=\/wp\/v2\/posts\/20221\/revisions"}],"predecessor-version":[{"id":20222,"href":"https:\/\/entrenotasyacordes.com\/index.php?rest_route=\/wp\/v2\/posts\/20221\/revisions\/20222"}],"wp:featuredmedia":[{"embeddable":true,"href":"https:\/\/entrenotasyacordes.com\/index.php?rest_route=\/wp\/v2\/media\/20220"}],"wp:attachment":[{"href":"https:\/\/entrenotasyacordes.com\/index.php?rest_route=%2Fwp%2Fv2%2Fmedia&parent=20221"}],"wp:term":[{"taxonomy":"category","embeddable":true,"href":"https:\/\/entrenotasyacordes.com\/index.php?rest_route=%2Fwp%2Fv2%2Fcategories&post=20221"},{"taxonomy":"post_tag","embeddable":true,"href":"https:\/\/entrenotasyacordes.com\/index.php?rest_route=%2Fwp%2Fv2%2Ftags&post=20221"}],"curies":[{"name":"wp","href":"https:\/\/api.w.org\/{rel}","templated":true}]}}