{"id":20225,"date":"2026-04-29T15:01:35","date_gmt":"2026-04-29T15:01:35","guid":{"rendered":"https:\/\/entrenotasyacordes.com\/?p=20225"},"modified":"2026-04-29T15:01:35","modified_gmt":"2026-04-29T15:01:35","slug":"fito-paez-anuncia-su-gira-argentina-2026-en-el-marco-del-sale-el-sol-tour","status":"publish","type":"post","link":"https:\/\/entrenotasyacordes.com\/?p=20225","title":{"rendered":"FITO PAEZ ANUNCIA SU GIRA ARGENTINA 2026 EN EL MARCO DEL SALE EL SOL TOUR"},"content":{"rendered":"\n<p>OCTUBRE Y NOVIEMBRE GIRA ARGENTINA 2026<\/p>\n\n\n<div class=\"wp-block-image\">\n<figure class=\"aligncenter size-large\"><img loading=\"lazy\" decoding=\"async\" width=\"768\" height=\"1024\" src=\"https:\/\/entrenotasyacordes.com\/wp-content\/uploads\/2026\/04\/7e747ebb-2bdc-4f43-abf5-58cdc8e29e1a-768x1024.jpg\" class=\"wp-image-20223\" srcset=\"https:\/\/entrenotasyacordes.com\/wp-content\/uploads\/2026\/04\/7e747ebb-2bdc-4f43-abf5-58cdc8e29e1a-768x1024.jpg 768w, https:\/\/entrenotasyacordes.com\/wp-content\/uploads\/2026\/04\/7e747ebb-2bdc-4f43-abf5-58cdc8e29e1a-225x300.jpg 225w, https:\/\/entrenotasyacordes.com\/wp-content\/uploads\/2026\/04\/7e747ebb-2bdc-4f43-abf5-58cdc8e29e1a-1152x1536.jpg 1152w, https:\/\/entrenotasyacordes.com\/wp-content\/uploads\/2026\/04\/7e747ebb-2bdc-4f43-abf5-58cdc8e29e1a-1024x1365.jpg 1024w, https:\/\/entrenotasyacordes.com\/wp-content\/uploads\/2026\/04\/7e747ebb-2bdc-4f43-abf5-58cdc8e29e1a.jpg 1200w\" sizes=\"auto, (max-width: 768px) 100vw, 768px\" \/><\/figure>\n<\/div>\n\n\n<p>\ud83d\udcb3 Preventa: desde el martes 28 de abril a las 12 h.<\/p>\n\n\n\n<p>\ud83d\udcb3 Venta general: desde el mi\u00e9rcoles 29 a las 12 h.<\/p>\n\n\n\n<p><a href=\"http:\/\/fitopaezoficial.com\">Consegu\u00ed tus entradas en fitopaezoficial.com<\/a><\/p>\n\n\n\n<p>Fito Paez abre un nuevo cap\u00edtulo en su recorrido art\u00edstico y anuncia las primeras fechas de su esperada gira por el pa\u00eds, en el marco del Sale el Sol Tour 2026, el proyecto que marca el inicio de una etapa completamente renovada en su carrera.<\/p>\n\n\n\n<p>El tour propone un espect\u00e1culo concebido desde cero, con versiones in\u00e9ditas de sus grandes canciones y una selecci\u00f3n de temas pensada con la precisi\u00f3n artesanal que distingue a P\u00e1ez. Cada arreglo, cada sonido y cada detalle esc\u00e9nico fueron elegidos con la minuciosidad de quien conoce profundamente su propio universo.<\/p>\n\n\n\n<p>Sale el Sol Tour 2026 es, al mismo tiempo, un viaje por las canciones m\u00e1s emblem\u00e1ticas de su repertorio y una nueva lectura de ellas. Fito las revisita, las reinterpreta y las resignifica, ofreciendo un concierto que late con la energ\u00eda de su presente y la emoci\u00f3n de toda una vida dedicada a la m\u00fasica.<\/p>\n\n\n\n<p>Las presentaciones recientes en el Movistar Arena dejaron entrever el pulso de esta nueva etapa: un show intenso y emotivo, con un repertorio que cruza distintas \u00e9pocas de su obra y una puesta, a cargo de Sergio Lacroix, que potencia cada momento sin perder la esencia.<\/p>\n\n\n\n<p>Algo similar ocurri\u00f3 en Neuqu\u00e9n y Mendoza los d\u00edas 15 y 17 de abril, respectivamente, en el par de shows que ofici\u00f3 de ceremonia inaugural para esta gira federal y rutera que prepara Fito.<\/p>\n\n\n\n<p>Sin adelantar demasiado, lo que sucede en escena confirma que se trata de una experiencia pensada en cada detalle, donde la conexi\u00f3n con el p\u00fablico vuelve a ocupar un lugar central.<\/p>\n\n\n\n<p>En ese marco, la gira argentina asume tambi\u00e9n un prop\u00f3sito profundamente federal: llevar esta nueva propuesta a distintos puntos del pa\u00eds, reforzando el v\u00ednculo hist\u00f3rico de Fito con su audiencia m\u00e1s all\u00e1 de Buenos Aires. Cada ciudad se vuelve as\u00ed parte de una misma narrativa, donde las canciones funcionan como punto de encuentro y celebraci\u00f3n colectiva.<\/p>\n\n\n\n<p>Tras una serie de funciones consagratorias en la capital, y con los recientes shows en Mendoza y Neuqu\u00e9n como antesala de lo que se viene, el regreso a las rutas argentinas promete justamente eso: un reencuentro amplio, diverso y cercano, donde la m\u00fasica, la poes\u00eda y la emoci\u00f3n vuelven a desplegarse en todo el territorio.<\/p>\n\n\n\n<p>M\u00e1s que una gira, esta etapa del rosarino es una declaraci\u00f3n art\u00edstica: una invitaci\u00f3n a ver a Fito Paez como nunca antes, en un momento de plenitud creativa y b\u00fasqueda constante.<\/p>\n\n\n<div class=\"wp-block-image\">\n<figure class=\"aligncenter size-large\"><img loading=\"lazy\" decoding=\"async\" width=\"1024\" height=\"683\" src=\"https:\/\/entrenotasyacordes.com\/wp-content\/uploads\/2026\/04\/4e32c63d-dc54-45be-a49b-f7dd747f383f-1024x683.jpg\" class=\"wp-image-20224\" srcset=\"https:\/\/entrenotasyacordes.com\/wp-content\/uploads\/2026\/04\/4e32c63d-dc54-45be-a49b-f7dd747f383f-1024x683.jpg 1024w, https:\/\/entrenotasyacordes.com\/wp-content\/uploads\/2026\/04\/4e32c63d-dc54-45be-a49b-f7dd747f383f-300x200.jpg 300w, https:\/\/entrenotasyacordes.com\/wp-content\/uploads\/2026\/04\/4e32c63d-dc54-45be-a49b-f7dd747f383f-768x512.jpg 768w, https:\/\/entrenotasyacordes.com\/wp-content\/uploads\/2026\/04\/4e32c63d-dc54-45be-a49b-f7dd747f383f-1536x1025.jpg 1536w, https:\/\/entrenotasyacordes.com\/wp-content\/uploads\/2026\/04\/4e32c63d-dc54-45be-a49b-f7dd747f383f.jpg 2000w\" sizes=\"auto, (max-width: 1024px) 100vw, 1024px\" \/><figcaption class=\"wp-element-caption\">PH. GUIDO ADLER<\/figcaption><\/figure>\n<\/div>\n\n\n<p class=\"has-text-align-center\"><strong>PR\u00d3XIMAS FECHAS:<\/strong><\/p>\n\n\n\n<p><strong>MAYO<\/strong><\/p>\n\n\n\n<p>&nbsp;15\/05 \u2013 Antel Arena, Montevideo, Uruguay &nbsp;\u00daLTIMAS ENTRADAS&nbsp;&nbsp;<\/p>\n\n\n\n<p>&nbsp;20\/05 \u2013 Movistar Arena, Buenos Aires &nbsp;\u00daLTIMAS ENTRADAS&nbsp;<\/p>\n\n\n\n<p><strong>JUNIO<\/strong><\/p>\n\n\n\n<p>&nbsp;05\/06 \u2013 Arena Ca\u00f1averalejo, Cali, Colombia<\/p>\n\n\n\n<p>&nbsp;06\/06 \u2013 Plaza de Toros, Manizales, Colombia<\/p>\n\n\n\n<p>&nbsp;09\/06 \u2013 La Macarena, Medell\u00edn, Colombia<\/p>\n\n\n\n<p>&nbsp;12\/06 \u2013 Movistar Arena, Bogot\u00e1, Colombia<\/p>\n\n\n\n<p><strong>OCTUBRE<\/strong><\/p>\n\n\n\n<p>&nbsp;01\/10 \u2013 Predio FISA, Bah\u00eda Blanca<\/p>\n\n\n\n<p>03\/10 \u2013 Polideportivo, Mar del Plata<\/p>\n\n\n\n<p>09\/10 \u2013 Estadio Delmi,&nbsp; Salta<\/p>\n\n\n\n<p>11\/10 \u2013 Club C. CBA, Tucum\u00e1n<\/p>\n\n\n\n<p>&nbsp;16\/10 \u2013 Plaza de la M\u00fasica, C\u00f3rdoba<\/p>\n\n\n\n<p>&nbsp;31\/10 \u2013 Paly\u00f3n Estadio \u00danico, La Plata<\/p>\n\n\n\n<p><strong>NOVIEMBRE<\/strong><\/p>\n\n\n\n<p>&nbsp;05\/11 \u2013 Polideportivo Santa Mar\u00eda, Posadas<\/p>\n\n\n\n<p>07\/11 \u2013 Anfiteatro Cocomarola, Corrientes<\/p>\n\n\n\n<p>&nbsp;28\/11 \u2013 Estaci\u00f3n Belgrano, Santa Fe<\/p>\n","protected":false},"excerpt":{"rendered":"<p>OCTUBRE Y NOVIEMBRE GIRA ARGENTINA 2026 \ud83d\udcb3 Preventa: desde el martes 28 de abril a<\/p>\n","protected":false},"author":5,"featured_media":20223,"comment_status":"closed","ping_status":"","sticky":false,"template":"","format":"standard","meta":{"om_disable_all_campaigns":false,"_uf_show_specific_survey":0,"_uf_disable_surveys":false,"footnotes":""},"categories":[36],"tags":[],"class_list":["post-20225","post","type-post","status-publish","format-standard","has-post-thumbnail","hentry","category-conciertos"],"_links":{"self":[{"href":"https:\/\/entrenotasyacordes.com\/index.php?rest_route=\/wp\/v2\/posts\/20225","targetHints":{"allow":["GET"]}}],"collection":[{"href":"https:\/\/entrenotasyacordes.com\/index.php?rest_route=\/wp\/v2\/posts"}],"about":[{"href":"https:\/\/entrenotasyacordes.com\/index.php?rest_route=\/wp\/v2\/types\/post"}],"author":[{"embeddable":true,"href":"https:\/\/entrenotasyacordes.com\/index.php?rest_route=\/wp\/v2\/users\/5"}],"replies":[{"embeddable":true,"href":"https:\/\/entrenotasyacordes.com\/index.php?rest_route=%2Fwp%2Fv2%2Fcomments&post=20225"}],"version-history":[{"count":1,"href":"https:\/\/entrenotasyacordes.com\/index.php?rest_route=\/wp\/v2\/posts\/20225\/revisions"}],"predecessor-version":[{"id":20226,"href":"https:\/\/entrenotasyacordes.com\/index.php?rest_route=\/wp\/v2\/posts\/20225\/revisions\/20226"}],"wp:featuredmedia":[{"embeddable":true,"href":"https:\/\/entrenotasyacordes.com\/index.php?rest_route=\/wp\/v2\/media\/20223"}],"wp:attachment":[{"href":"https:\/\/entrenotasyacordes.com\/index.php?rest_route=%2Fwp%2Fv2%2Fmedia&parent=20225"}],"wp:term":[{"taxonomy":"category","embeddable":true,"href":"https:\/\/entrenotasyacordes.com\/index.php?rest_route=%2Fwp%2Fv2%2Fcategories&post=20225"},{"taxonomy":"post_tag","embeddable":true,"href":"https:\/\/entrenotasyacordes.com\/index.php?rest_route=%2Fwp%2Fv2%2Ftags&post=20225"}],"curies":[{"name":"wp","href":"https:\/\/api.w.org\/{rel}","templated":true}]}}