{"id":20228,"date":"2026-04-29T15:04:09","date_gmt":"2026-04-29T15:04:09","guid":{"rendered":"https:\/\/entrenotasyacordes.com\/?p=20228"},"modified":"2026-04-29T15:04:09","modified_gmt":"2026-04-29T15:04:09","slug":"ed-sheeran-anuncia-su-esperado-show-en-buenos-aires-a-7-anos-de-su-ultima-visita","status":"publish","type":"post","link":"https:\/\/entrenotasyacordes.com\/?p=20228","title":{"rendered":"ED SHEERAN ANUNCIA SU ESPERADO SHOW EN BUENOS AIRES A 7 A\u00d1OS DE SU \u00daLTIMA VISITA"},"content":{"rendered":"\n<p class=\"MsoNormal\"><strong>FINNEAS confirmado como artista invitado internacional en el show de Ed Sheeran en Argentina<\/strong><\/p>\n\n\n\n<p class=\"MsoNormal\"><strong>29 DE NOVIEMBRE &#8211; ESTADIO HURAC\u00c1N<\/strong><\/p>\n\n\n<div class=\"wp-block-image\">\n<figure class=\"aligncenter size-large\"><img loading=\"lazy\" decoding=\"async\" width=\"240\" height=\"300\" src=\"https:\/\/entrenotasyacordes.com\/wp-content\/uploads\/2026\/04\/img_2480-240x300.png\" class=\"wp-image-20227\" srcset=\"https:\/\/entrenotasyacordes.com\/wp-content\/uploads\/2026\/04\/img_2480-240x300.png 240w, https:\/\/entrenotasyacordes.com\/wp-content\/uploads\/2026\/04\/img_2480.png 709w\" sizes=\"auto, (max-width: 240px) 100vw, 240px\" \/><\/figure>\n<\/div>\n\n\n<p class=\"MsoNormal\"><strong><u>ENTRADAS A LA VENTA: PREVENTA EXCLUSIVA CLIENTES BBVA<\/u><\/strong><\/p>\n\n\n\n<p class=\"MsoNormal\"><strong>PREVENTA EXCLUSIVA Y 6 CUOTAS SIN INTER\u00c9S PARA CLIENTES BBVA DISPONIBLE A PARTIR DEL 4 DE MAYO A LAS 12 HS.&nbsp;<\/strong><\/p>\n\n\n\n<p class=\"MsoNormal\"><strong>VENTA GENERAL DISPONIBLE A PARTIR DEL 5 DE MAYO &#8211; 12 HS, CLIENTES BBVA 6 CUOTAS SIN INTER\u00c9S.&nbsp;<\/strong><\/p>\n\n\n\n<p class=\"MsoNormal\"><strong>Ed Sheeran<\/strong>&nbsp;regresa a Buenos Aires a 7 a\u00f1os de su \u00faltima visita al pa\u00eds y anuncia su esperado show para el d\u00eda&nbsp;<strong>29 de noviembre<\/strong>&nbsp;en el&nbsp;<strong>Estadio Hurac\u00e1n<\/strong>&nbsp;como parte de su flamante&nbsp;<strong>\u201cLOOP Tour\u201d<\/strong>.<\/p>\n\n\n\n<p class=\"MsoNormal\">El \u201cLOOP Tour\u201d promete a los fans una experiencia en vivo renovada, con un dise\u00f1o de escenario y repertorio completamente nuevos, que incluyen canciones de su \u00e1lbum reci\u00e9n lanzado \u201cPlay\u201d , junto a los&nbsp;temas favoritos&nbsp;de sus fans.<\/p>\n\n\n\n<p class=\"MsoNormal\">&nbsp;\u201cPlay\u201d (editado en 2025 por el sello Warner) explora territorios musicales in\u00e9ditos mediante colaboraciones con productores y m\u00fasicos de todo el mundo. Inspir\u00e1ndose en parte en tradiciones musicales de India y Persia \u2014 y sus sorprendentes conexiones con los sonidos folk irlandeses con los que creci\u00f3 \u2014 Sheeran combina escalas, ritmos y melod\u00edas compartidas en un lenguaje musical sin fronteras que le da al \u00e1lbum un distintivo aire global.&nbsp;<\/p>\n\n\n\n<p class=\"MsoNormal\">Al mismo tiempo, Sheeran se mantiene fiel a la balada atemporal que lo convirti\u00f3 en uno de los cantautores m\u00e1s queridos del mundo. El resultado es una colecci\u00f3n que equilibra lo familiar y lo nuevo, ofreciendo un sonido audaz, fresco y orientado al pop.<\/p>\n\n\n\n<p class=\"MsoNormal\">&nbsp;Tras su lanzamiento, \u201cPlay\u201d arras\u00f3 y se posicion\u00f3 en los puestos n\u00famero 1 en todo el mundo, incluidos Australia, Austria, B\u00e9lgica, Irlanda, Alemania, Nueva Zelanda, Suiza y el Reino Unido. Sheeran lanz\u00f3 \u201cPlay \u2013 The Remixes EP\u201d, un proyecto de cuatro temas que&nbsp;reimaginacanciones seleccionadas de su \u00e1lbum mediante colaboraciones din\u00e1micas con algunos de los talentos m\u00e1s reconocidos del sur de Asia, como Hanumankind, Dhee, Santhosh Narayanan, Karan Aujla, Jonita y Arijit Singh.<\/p>\n\n\n\n<p class=\"MsoNormal\"><strong><u>LOOP TOUR &#8211; SUDAM\u00c9RICA:<\/u><\/strong><\/p>\n\n\n\n<p class=\"MsoNormal\"><strong>9\/5 | Estadio Quisqueya | Santo Domingo | Rep\u00fablica Dominicana<\/strong><\/p>\n\n\n\n<p class=\"MsoNormal\"><strong>13\/5 | Coliseo de Puerto Rico | San Juan | Puerto Rico<\/strong><\/p>\n\n\n\n<p class=\"MsoNormal\"><strong>16\/5 | Vive Claro | Bogot\u00e1 | Colombia<\/strong><\/p>\n\n\n\n<p class=\"MsoNormal\"><strong>20\/5 | Estadio Nacional | Lima | Per\u00fa<\/strong><\/p>\n\n\n\n<p class=\"MsoNormal\"><strong>23\/5 | Estadio Atahualpa | Quito | Ecuador<\/strong><\/p>\n\n\n\n<p class=\"MsoNormal\"><strong>27\/5 | Estadio Cementos Progreso | Ciudad de Guatemala | Guatemala<\/strong><\/p>\n\n\n\n<p class=\"MsoNormal\"><strong>30\/5 | Estadio Nacional | San Jos\u00e9 | Costa Rica<\/strong><\/p>\n\n\n\n<p class=\"MsoNormal\"><strong>21\/11 | Estadio Bicentenario | Santiago | Chile<\/strong><\/p>\n\n\n\n<p class=\"MsoNormal\"><strong>26\/11 | Estadio Nueva Olla | Asunci\u00f3n | Paraguay<\/strong><\/p>\n\n\n\n<p class=\"MsoNormal\"><strong>29\/11 | Estadio Hurac\u00e1n | Buenos Aires | Argentina<\/strong><\/p>\n\n\n\n<p class=\"MsoNormal\"><strong>5\/12 | Parque Allianz | San Pablo | Brasil<\/strong><\/p>\n","protected":false},"excerpt":{"rendered":"<p>FINNEAS confirmado como artista invitado internacional en el show de Ed Sheeran en Argentina 29<\/p>\n","protected":false},"author":5,"featured_media":20227,"comment_status":"closed","ping_status":"","sticky":false,"template":"","format":"standard","meta":{"om_disable_all_campaigns":false,"_uf_show_specific_survey":0,"_uf_disable_surveys":false,"footnotes":""},"categories":[36,34],"tags":[],"class_list":["post-20228","post","type-post","status-publish","format-standard","has-post-thumbnail","hentry","category-conciertos","category-ultimas-noticias"],"_links":{"self":[{"href":"https:\/\/entrenotasyacordes.com\/index.php?rest_route=\/wp\/v2\/posts\/20228","targetHints":{"allow":["GET"]}}],"collection":[{"href":"https:\/\/entrenotasyacordes.com\/index.php?rest_route=\/wp\/v2\/posts"}],"about":[{"href":"https:\/\/entrenotasyacordes.com\/index.php?rest_route=\/wp\/v2\/types\/post"}],"author":[{"embeddable":true,"href":"https:\/\/entrenotasyacordes.com\/index.php?rest_route=\/wp\/v2\/users\/5"}],"replies":[{"embeddable":true,"href":"https:\/\/entrenotasyacordes.com\/index.php?rest_route=%2Fwp%2Fv2%2Fcomments&post=20228"}],"version-history":[{"count":1,"href":"https:\/\/entrenotasyacordes.com\/index.php?rest_route=\/wp\/v2\/posts\/20228\/revisions"}],"predecessor-version":[{"id":20229,"href":"https:\/\/entrenotasyacordes.com\/index.php?rest_route=\/wp\/v2\/posts\/20228\/revisions\/20229"}],"wp:featuredmedia":[{"embeddable":true,"href":"https:\/\/entrenotasyacordes.com\/index.php?rest_route=\/wp\/v2\/media\/20227"}],"wp:attachment":[{"href":"https:\/\/entrenotasyacordes.com\/index.php?rest_route=%2Fwp%2Fv2%2Fmedia&parent=20228"}],"wp:term":[{"taxonomy":"category","embeddable":true,"href":"https:\/\/entrenotasyacordes.com\/index.php?rest_route=%2Fwp%2Fv2%2Fcategories&post=20228"},{"taxonomy":"post_tag","embeddable":true,"href":"https:\/\/entrenotasyacordes.com\/index.php?rest_route=%2Fwp%2Fv2%2Ftags&post=20228"}],"curies":[{"name":"wp","href":"https:\/\/api.w.org\/{rel}","templated":true}]}}