{"id":20236,"date":"2026-04-29T15:17:50","date_gmt":"2026-04-29T15:17:50","guid":{"rendered":"https:\/\/entrenotasyacordes.com\/?p=20236"},"modified":"2026-04-29T15:17:50","modified_gmt":"2026-04-29T15:17:50","slug":"jesse-joy-regresan-a-argentina","status":"publish","type":"post","link":"https:\/\/entrenotasyacordes.com\/?p=20236","title":{"rendered":"JESSE &amp; JOY REGRESAN A ARGENTINA"},"content":{"rendered":"\n<p>El d\u00fao mexicano ganador de seis Latin Grammy pasar\u00e1 por Buenos Aires, C\u00f3rdoba, Tucum\u00e1n, Bolivia, Per\u00fa, y Uruguay entre septiembre y noviembre de 2026.<\/p>\n\n\n\n<p class=\"has-text-align-center\"><strong>01 DE NOVIEMBRE | MOVISTAR ARENA | BUENOS AIRES<\/strong><\/p>\n\n\n\n<p class=\"has-text-align-center\"><strong>06 DE NOVIEMBRE&nbsp;|&nbsp;QUALITY ARENA | C\u00d3RDOBA<\/strong><\/p>\n\n\n\n<p class=\"has-text-align-center\"><strong>07 DE NOVIEMBRE | PALACIO DE LOS DEPORTES | TUCUMAN<\/strong><\/p>\n\n\n<div class=\"wp-block-image\">\n<figure class=\"aligncenter size-large\"><img loading=\"lazy\" decoding=\"async\" width=\"240\" height=\"300\" src=\"https:\/\/entrenotasyacordes.com\/wp-content\/uploads\/2026\/04\/img_2483-240x300.jpg\" class=\"wp-image-20234\" srcset=\"https:\/\/entrenotasyacordes.com\/wp-content\/uploads\/2026\/04\/img_2483-240x300.jpg 240w, https:\/\/entrenotasyacordes.com\/wp-content\/uploads\/2026\/04\/img_2483.jpg 600w\" sizes=\"auto, (max-width: 240px) 100vw, 240px\" \/><\/figure>\n<\/div>\n\n\n<p><strong><em>PREVENTA GALICIA PARA BUENOS AIRES Y TUCUM\u00c1N: LUNES 27 DE ABRIL 13HS<\/em><\/strong><\/p>\n\n\n\n<p><strong><em>VENTA GENERAL PARA BUENOS AIRES, TUCUM\u00c1N Y C\u00d3RDOBA: MARTES 28 DE ABRIL 13HS<\/em><\/strong><\/p>\n\n\n\n<p class=\"default\" id=\"isPasted\">Jesse &amp; Joy anunciaron las primeras fechas de su&nbsp;<strong>LATAM Tour<\/strong>, una gira que los llevar\u00e1 a cuatro pa\u00edses de Sudam\u00e9rica entre el&nbsp;<strong>25 de septiembre y el 7 de noviembre de 2026<\/strong>. El itinerario confirma paradas en La Paz, Cochabamba, Lima, Buenos Aires, Montevideo, C\u00f3rdoba y Tucum\u00e1n, con nuevas fechas regionales por anunciarse en las pr\u00f3ximas semanas.<\/p>\n\n\n\n<p class=\"default\">El regreso a la regi\u00f3n llega despu\u00e9s de un 2025 particularmente activo. En mayo, los hermanos Huerta publicaron&nbsp;<strong>\u201cLo que nos falt\u00f3 decir\u201d<\/strong>, su s\u00e9ptimo \u00e1lbum de estudio y primer material nuevo tras cinco a\u00f1os, producido por Jesse junto a Martin Terefe (Shawn Mendes, Jason Mraz, Train), grabado entre Londres, Nueva York, Los \u00c1ngeles, Bogot\u00e1 y Ciudad de M\u00e9xico, con colaboraciones de Carlos Vives, Banda MS, Elsa y Elmar, Ed\u00e9n Mu\u00f1oz y Poo Bear. En septiembre, HBO Max estren\u00f3&nbsp;<strong>\u201cJesse &amp; Joy: Lo que nunca dijimos\u201d<\/strong>, serie documental de cuatro episodios producida por Mandarina Contenidos. Ese mismo a\u00f1o, Joy Huerta fue nominada al Premio Tony como compositora del musical de Broadway&nbsp;<em>Real Women Have Curves<\/em>.<\/p>\n\n\n\n<p class=\"default\">Ese impulso se tradujo en una agenda de shows sostenida. Los hermanos acumulan m\u00e1s de veinte presentaciones sold out en el Auditorio Nacional de Ciudad de M\u00e9xico, y en Buenos Aires agotaron el Movistar Arena en menos de dos horas de preventa durante su paso por la ciudad. El LATAM Tour vuelve a ese mismo escenario porte\u00f1o y suma recintos de gran capacidad en el resto de las plazas confirmadas.<\/p>\n\n\n\n<p class=\"default\">Con m\u00e1s de&nbsp;<strong>15 millones de oyentes mensuales en Spotify<\/strong>, m\u00e1s de&nbsp;<strong>12 mil millones de reproducciones acumuladas en plataformas digitales<\/strong>, seis Latin Grammy \u2014incluido Mejor \u00c1lbum Vocal Pop Contempor\u00e1neo por&nbsp;<em>\u00bfCon qui\u00e9n se queda el perro?<\/em>&nbsp;(2012)\u2014 y un Grammy anglo en 2017 por&nbsp;<em>Un besito m\u00e1s<\/em>, los shows del LATAM Tour repasar\u00e1n el cancionero que Jesse y Joy construyeron desde su debut en 2006:&nbsp;<em>Espacio sideral<\/em>,&nbsp;<em>\u00a1Corre!<\/em>,&nbsp;<em>Dueles<\/em>,&nbsp;<em>La de la mala suerte<\/em>,&nbsp;<em>Ecos de amor<\/em>,&nbsp;<em>\u00bfCon qui\u00e9n se queda el perro?<\/em>&nbsp;y una selecci\u00f3n del \u00faltimo \u00e1lbum.<\/p>\n\n\n<div class=\"wp-block-image\">\n<figure class=\"aligncenter size-large\"><img loading=\"lazy\" decoding=\"async\" width=\"300\" height=\"200\" src=\"https:\/\/entrenotasyacordes.com\/wp-content\/uploads\/2026\/04\/img_2484-300x200.jpg\" class=\"wp-image-20235\" srcset=\"https:\/\/entrenotasyacordes.com\/wp-content\/uploads\/2026\/04\/img_2484-300x200.jpg 300w, https:\/\/entrenotasyacordes.com\/wp-content\/uploads\/2026\/04\/img_2484.jpg 600w\" sizes=\"auto, (max-width: 300px) 100vw, 300px\" \/><\/figure>\n<\/div>\n\n\n<p><strong>LATAM TOUR \u2014 FECHAS CONFIRMADAS<\/strong><\/p>\n\n\n\n<p>25\/09 \u00b7 La Paz, Bolivia \u2014 Teatro al Aire Libre<\/p>\n\n\n\n<p>26\/09 \u00b7 Cochabamba, Bolivia \u2014 Fexco Arena<\/p>\n\n\n\n<p>31\/10 \u00b7 Lima, Per\u00fa \u2014 Costa21<\/p>\n\n\n\n<p><strong>01\/11 \u00b7 Buenos Aires, Argentina \u2014 Movistar Arena<\/strong><\/p>\n\n\n\n<p>04\/11 \u00b7 Montevideo, Uruguay \u2014 Antel Arena<\/p>\n\n\n\n<p><strong>06\/11 \u00b7 C\u00f3rdoba, Argentina \u2014 Quality Arena<\/strong><\/p>\n\n\n\n<p><strong>07\/11 \u00b7 Tucum\u00e1n, Argentina \u2014 Palacio de los Deportes<\/strong><\/p>\n","protected":false},"excerpt":{"rendered":"<p>El d\u00fao mexicano ganador de seis Latin Grammy pasar\u00e1 por Buenos Aires, C\u00f3rdoba, Tucum\u00e1n, Bolivia,<\/p>\n","protected":false},"author":5,"featured_media":20234,"comment_status":"closed","ping_status":"","sticky":false,"template":"","format":"standard","meta":{"om_disable_all_campaigns":false,"_uf_show_specific_survey":0,"_uf_disable_surveys":false,"footnotes":""},"categories":[36],"tags":[],"class_list":["post-20236","post","type-post","status-publish","format-standard","has-post-thumbnail","hentry","category-conciertos"],"_links":{"self":[{"href":"https:\/\/entrenotasyacordes.com\/index.php?rest_route=\/wp\/v2\/posts\/20236","targetHints":{"allow":["GET"]}}],"collection":[{"href":"https:\/\/entrenotasyacordes.com\/index.php?rest_route=\/wp\/v2\/posts"}],"about":[{"href":"https:\/\/entrenotasyacordes.com\/index.php?rest_route=\/wp\/v2\/types\/post"}],"author":[{"embeddable":true,"href":"https:\/\/entrenotasyacordes.com\/index.php?rest_route=\/wp\/v2\/users\/5"}],"replies":[{"embeddable":true,"href":"https:\/\/entrenotasyacordes.com\/index.php?rest_route=%2Fwp%2Fv2%2Fcomments&post=20236"}],"version-history":[{"count":1,"href":"https:\/\/entrenotasyacordes.com\/index.php?rest_route=\/wp\/v2\/posts\/20236\/revisions"}],"predecessor-version":[{"id":20237,"href":"https:\/\/entrenotasyacordes.com\/index.php?rest_route=\/wp\/v2\/posts\/20236\/revisions\/20237"}],"wp:featuredmedia":[{"embeddable":true,"href":"https:\/\/entrenotasyacordes.com\/index.php?rest_route=\/wp\/v2\/media\/20234"}],"wp:attachment":[{"href":"https:\/\/entrenotasyacordes.com\/index.php?rest_route=%2Fwp%2Fv2%2Fmedia&parent=20236"}],"wp:term":[{"taxonomy":"category","embeddable":true,"href":"https:\/\/entrenotasyacordes.com\/index.php?rest_route=%2Fwp%2Fv2%2Fcategories&post=20236"},{"taxonomy":"post_tag","embeddable":true,"href":"https:\/\/entrenotasyacordes.com\/index.php?rest_route=%2Fwp%2Fv2%2Ftags&post=20236"}],"curies":[{"name":"wp","href":"https:\/\/api.w.org\/{rel}","templated":true}]}}