{"id":2421,"date":"2023-10-19T13:29:48","date_gmt":"2023-10-19T13:29:48","guid":{"rendered":"https:\/\/entrenotasyacordes.com\/?p=2421"},"modified":"2023-10-19T13:29:51","modified_gmt":"2023-10-19T13:29:51","slug":"vuelve-el-festival-c-pibe-especial-edicion-halloween","status":"publish","type":"post","link":"https:\/\/entrenotasyacordes.com\/?p=2421","title":{"rendered":"\u00a1VUELVE EL FESTIVAL C-PIBE! ESPECIAL EDICI\u00d3N HALLOWEEN"},"content":{"rendered":"\n<p class=\"has-black-color has-text-color\"><strong>DOMINGO 5 DE NOVIEMBRE, 16HS.\u00a0C &#8211;<\/strong>\u00a0<strong>Av. Corrientes 6271, CABA<\/strong><\/p>\n\n\n\n<div style=\"height:32px\" aria-hidden=\"true\" class=\"wp-block-spacer\"><\/div>\n\n\n\n<!--more-->\n\n\n\n<p class=\"has-black-color has-text-color\"><strong>\u00a1Disfraces + shows + maquillaje art\u00edstico + circo + tela + juegos + personajes monstruosos!<\/strong><\/p>\n\n\n\n<div style=\"height:22px\" aria-hidden=\"true\" class=\"wp-block-spacer\"><\/div>\n\n\n\n<div class=\"wp-block-buttons is-layout-flex wp-block-buttons-is-layout-flex\">\n<div class=\"wp-block-button is-style-outline is-style-outline--1\"><a class=\"wp-block-button__link has-black-color has-text-color wp-element-button\" href=\"https:\/\/www.passline.com\/eventos\/festival-c-pibe-210412\">ENTRADAS A LA VENTA<\/a><\/div>\n<\/div>\n\n\n\n<div style=\"height:22px\" aria-hidden=\"true\" class=\"wp-block-spacer\"><\/div>\n\n\n\n<figure class=\"wp-block-image size-full\"><img loading=\"lazy\" decoding=\"async\" width=\"660\" height=\"825\" src=\"https:\/\/entrenotasyacordes.com\/wp-content\/uploads\/2023\/10\/whatsapp-image-2023-10-17-at-11.53.05.jpeg\" alt=\"\" class=\"wp-image-2422\"\/><\/figure>\n\n\n\n<div style=\"height:22px\" aria-hidden=\"true\" class=\"wp-block-spacer\"><\/div>\n\n\n\n<p class=\"has-black-color has-text-color\">\u00a1Despu\u00e9s de la exitosa primera edici\u00f3n del Festival C Pibe especial \u00abHalloween\u00bb, se viene la segunda: la fiesta de disfraces m\u00e1s rockera de todos los tiempos! La cita ser\u00e1 el domingo 5 de noviembre a partir de las 16hs:<\/p>\n\n\n\n<div style=\"height:22px\" aria-hidden=\"true\" class=\"wp-block-spacer\"><\/div>\n\n\n\n<p class=\"has-black-color has-text-color\">&nbsp;&nbsp;\u00a1Regresa el festival para las infancias y familias con rock!<\/p>\n\n\n\n<div style=\"height:22px\" aria-hidden=\"true\" class=\"wp-block-spacer\"><\/div>\n\n\n\n<p class=\"has-black-color has-text-color\">Se trata del plan perfecto para disfrutar toda la tarde, tanto grandes como pibes de un d\u00eda \u00fanico con recitales, talleres, circo, tela, biblioteca, juegos, ricas comidas y todo en un solo lugar: C, el complejo cultural ubicado en Chacarita.<\/p>\n\n\n\n<div style=\"height:22px\" aria-hidden=\"true\" class=\"wp-block-spacer\"><\/div>\n\n\n\n<p class=\"has-black-color has-text-color\">En esta oportunidad nos encontramos para hacer pogo y saltar de la mano de Los Raviolis. Consagrados por el p\u00fablico y la industria como una de las bandas de rock para madres, padres e infancias m\u00e1s popular del pa\u00eds, se preparan para copar el C Pibe donde estar\u00e1n presentando su nuevo disco \u00abMalos Negocios\u00bb m\u00e1s los cl\u00e1sicos de siempre.<\/p>\n\n\n\n<div style=\"height:22px\" aria-hidden=\"true\" class=\"wp-block-spacer\"><\/div>\n\n\n\n<p class=\"has-black-color has-text-color\">Habr\u00e1 actividades para todos los gustos y edades: rinc\u00f3n de lectura con biblioteca infantil a cargo de Betygino, un sector de exploraci\u00f3n de bamb\u00fa creado por Suflaifla, maquillaje art\u00edstico por Grupo Alma, un espacio de arte creado por Pizzini, adem\u00e1s de manualidades y comidas ricas. Diversi\u00f3n asegurada para todas las generaciones.<\/p>\n\n\n\n<div style=\"height:22px\" aria-hidden=\"true\" class=\"wp-block-spacer\"><\/div>\n\n\n\n<p class=\"has-black-color has-text-color\">Un \u00e1mbito creado para divertir y estimular a trav\u00e9s de las distintas disciplinas del arte: m\u00fasica, juegos, acrobacias, pl\u00e1stica, literatura y construcci\u00f3n. Un lugar \u00fanico para saltar, bailar, intervenir y experimentar.<\/p>\n\n\n\n<div style=\"height:22px\" aria-hidden=\"true\" class=\"wp-block-spacer\"><\/div>\n\n\n\n<p class=\"has-black-color has-text-color\">Un Festival que lleg\u00f3 para quedarse , uno de los eventos m\u00e1s importantes del pa\u00eds pensados para la ni\u00f1ez.En esta ocasi\u00f3n especial el que quiera venir con disfraz puede hacerlo, ya que se trata de una celebraci\u00f3n especial: HALLOWEEN<\/p>\n\n\n\n<div style=\"height:22px\" aria-hidden=\"true\" class=\"wp-block-spacer\"><\/div>\n\n\n\n<figure class=\"wp-block-image size-full\"><img loading=\"lazy\" decoding=\"async\" width=\"660\" height=\"528\" src=\"https:\/\/entrenotasyacordes.com\/wp-content\/uploads\/2023\/10\/whatsapp-image-2023-10-17-at-11.53.05-1.jpeg\" alt=\"\" class=\"wp-image-2423\"\/><\/figure>\n","protected":false},"excerpt":{"rendered":"<p>DOMINGO 5 DE NOVIEMBRE, 16HS.\u00a0C &#8211;\u00a0Av. Corrientes 6271, CABA<\/p>\n","protected":false},"author":5,"featured_media":2424,"comment_status":"open","ping_status":"open","sticky":false,"template":"","format":"standard","meta":{"om_disable_all_campaigns":false,"_uf_show_specific_survey":0,"_uf_disable_surveys":false,"footnotes":""},"categories":[36],"tags":[],"class_list":["post-2421","post","type-post","status-publish","format-standard","has-post-thumbnail","hentry","category-conciertos"],"_links":{"self":[{"href":"https:\/\/entrenotasyacordes.com\/index.php?rest_route=\/wp\/v2\/posts\/2421","targetHints":{"allow":["GET"]}}],"collection":[{"href":"https:\/\/entrenotasyacordes.com\/index.php?rest_route=\/wp\/v2\/posts"}],"about":[{"href":"https:\/\/entrenotasyacordes.com\/index.php?rest_route=\/wp\/v2\/types\/post"}],"author":[{"embeddable":true,"href":"https:\/\/entrenotasyacordes.com\/index.php?rest_route=\/wp\/v2\/users\/5"}],"replies":[{"embeddable":true,"href":"https:\/\/entrenotasyacordes.com\/index.php?rest_route=%2Fwp%2Fv2%2Fcomments&post=2421"}],"version-history":[{"count":1,"href":"https:\/\/entrenotasyacordes.com\/index.php?rest_route=\/wp\/v2\/posts\/2421\/revisions"}],"predecessor-version":[{"id":2425,"href":"https:\/\/entrenotasyacordes.com\/index.php?rest_route=\/wp\/v2\/posts\/2421\/revisions\/2425"}],"wp:featuredmedia":[{"embeddable":true,"href":"https:\/\/entrenotasyacordes.com\/index.php?rest_route=\/wp\/v2\/media\/2424"}],"wp:attachment":[{"href":"https:\/\/entrenotasyacordes.com\/index.php?rest_route=%2Fwp%2Fv2%2Fmedia&parent=2421"}],"wp:term":[{"taxonomy":"category","embeddable":true,"href":"https:\/\/entrenotasyacordes.com\/index.php?rest_route=%2Fwp%2Fv2%2Fcategories&post=2421"},{"taxonomy":"post_tag","embeddable":true,"href":"https:\/\/entrenotasyacordes.com\/index.php?rest_route=%2Fwp%2Fv2%2Ftags&post=2421"}],"curies":[{"name":"wp","href":"https:\/\/api.w.org\/{rel}","templated":true}]}}