{"id":2428,"date":"2023-10-23T16:19:59","date_gmt":"2023-10-23T16:19:59","guid":{"rendered":"https:\/\/entrenotasyacordes.com\/?p=2428"},"modified":"2023-10-23T16:20:44","modified_gmt":"2023-10-23T16:20:44","slug":"un-23-de-octubre-como-hoy-pero-de-1951-nacia-carlos-alberto-garcia-mas-conocido-como-charly-garcia","status":"publish","type":"post","link":"https:\/\/entrenotasyacordes.com\/?p=2428","title":{"rendered":"Un 23 de octubre como hoy, pero de 1951 nacia Carlos Alberto Garc\u00eda, m\u00e1s conocido como \u00abCharly Garc\u00eda\u00bb."},"content":{"rendered":"\n<div style=\"height:42px\" aria-hidden=\"true\" class=\"wp-block-spacer\"><\/div>\n\n\n\n<!--more-->\n\n\n\n<div style=\"height:24px\" aria-hidden=\"true\" class=\"wp-block-spacer\"><\/div>\n\n\n\n<p class=\"has-black-color has-text-color\">Nombrado como el padre del rock nacional, su figura importante y vanguardista es aclamado multitudinariamente por su obra discogr\u00e1fica tanto en sus m\u00faltiples agrupaciones y como solista, por la complejidad compositiva de su m\u00fasica, abordando m\u00faltiples g\u00e9neros, desde el pop rock, funk rock, folk rock, rock progresivo, new wave, jazz, synth pop y rock sinf\u00f3nico, por su l\u00edrica transgresora y cr\u00edtica hacia la sociedad moderna argentina, en especial durante la dictadura militar, y por su personalidad rebelde y extravagante, que ha acarreado atenci\u00f3n notoria en los medios de comunicaci\u00f3n a lo largo de los a\u00f1os.<\/p>\n\n\n\n<div style=\"height:24px\" aria-hidden=\"true\" class=\"wp-block-spacer\"><\/div>\n\n\n\n<figure class=\"wp-block-embed is-type-video is-provider-youtube wp-block-embed-youtube wp-embed-aspect-4-3 wp-has-aspect-ratio\"><div class=\"wp-block-embed__wrapper\">\n<div class=\"epyt-video-wrapper\"><iframe loading=\"lazy\"  id=\"_ytid_21406\"  width=\"640\" height=\"360\"  data-origwidth=\"640\" data-origheight=\"360\" src=\"https:\/\/www.youtube.com\/embed\/VDEsZfpXWQs?enablejsapi=1&#038;autoplay=0&#038;cc_load_policy=0&#038;cc_lang_pref=&#038;iv_load_policy=1&#038;loop=0&#038;rel=1&#038;fs=1&#038;playsinline=0&#038;autohide=2&#038;theme=dark&#038;color=white&#038;controls=1&#038;\" class=\"__youtube_prefs__  epyt-is-override  no-lazyload\" data-vol=\"50\"  title=\"YouTube player\"  allow=\"fullscreen; accelerometer; autoplay; clipboard-write; encrypted-media; gyroscope; picture-in-picture; web-share\" referrerpolicy=\"strict-origin-when-cross-origin\" allowfullscreen data-no-lazy=\"1\" data-skipgform_ajax_framebjll=\"\"><\/iframe><\/div>\n<\/div><\/figure>\n\n\n\n<div style=\"height:24px\" aria-hidden=\"true\" class=\"wp-block-spacer\"><\/div>\n\n\n\n<p class=\"has-black-color has-text-color\">Siendo un adolescente, Garc\u00eda fund\u00f3 la banda de folk rock Sui Generis junto a su compa\u00f1ero de clase Nito Mestre durante los inicios de los a\u00f1os 70. Juntos, publicar\u00edan tres exitosos \u00e1lbumes de estudio, cuyas canciones se convertirian en himnos para generaciones de argentinos, separandose en 1975 con un concierto en el Luna Park. Garc\u00eda pasar\u00eda a formar parte de los supergrupos PorSuiGieco y La M\u00e1quina de Hacer P\u00e1jaros a mediados de los 70, con quienes publicar\u00edan \u00e1lbumes que serian claves para instaurar el rock progresivo en la escena musical latinoamericana. Luego de separarse de ambos proyectos, Garc\u00eda se embarc\u00f3 a Brasil, volviendo a Argentina poco despu\u00e9s para fundar el supergrupo Ser\u00fa Gir\u00e1n a fines de los 70, que se convertir\u00eda en una de las bandas m\u00e1s importantes de la historia de la m\u00fasica argentina por sus desafiantes canciones hacia la dictadura militar que acechaba al pa\u00eds en esa \u00e9poca. El grupo se disolver\u00eda en 1982, tras la publicaci\u00f3n de tres \u00e1lbumes de estudio y un \u00faltimo concierto en Obras Sanitarias.<\/p>\n\n\n\n<div style=\"height:24px\" aria-hidden=\"true\" class=\"wp-block-spacer\"><\/div>\n\n\n\n<figure class=\"wp-block-image size-full\"><img loading=\"lazy\" decoding=\"async\" width=\"1366\" height=\"768\" src=\"https:\/\/entrenotasyacordes.com\/wp-content\/uploads\/2023\/10\/205bca721172719462a4e1ef692283f7_L.webp\" alt=\"\" class=\"wp-image-2429\"\/><\/figure>\n\n\n\n<div style=\"height:24px\" aria-hidden=\"true\" class=\"wp-block-spacer\"><\/div>\n\n\n\n<p class=\"has-black-color has-text-color\">Luego de componer la banda sonora de la pel\u00edcula Pubis Angelical, y a la vez su propio disco, Yendo de la cama al living (1982), que fue un \u00e9xito en cr\u00edticas, Garc\u00eda se embarcar\u00eda en una prol\u00edfica carrera como solista, donde compondr\u00eda varias canciones generacionales de la m\u00fasica latina, a la par que buscar\u00eda expandir las barreras de la m\u00fasica pop. Su exitosa trilog\u00eda ser\u00eda completada por los discos de new wave Clics modernos (1983) y Piano bar (1984), catalogados entre los mejores \u00e1lbumes de la historia del rock argentino por la revista Rolling Stone. En los a\u00f1os posteriores trabajar\u00eda en los proyectos Tango y Tango 4 junto a Pedro Aznar, publicar\u00eda una segunda exitosa trilog\u00eda con Parte de la religi\u00f3n (1987), Como conseguir chicas (1989) y Filosof\u00eda barata y zapatos de goma (1990), y a su vez empezar\u00eda a protagonizar varios esc\u00e1ndalos medi\u00e1ticos por su actitud exorbitante y extravagente, a la par que sufrir\u00eda sus primeros accidentes de salud por su drogadicci\u00f3n creciente durante la d\u00e9cada de los 90. Durante fines de los 90 e inicios de los 2000, Garc\u00eda entr\u00f3 en su controversial y ca\u00f3tica era Say no More, en la que sus discos ser\u00edan pobremente recibidos por la cr\u00edtica y las ventas, pero sus conciertos eran un exito absoluto. A partir del lanzamiento de Rock and Roll YO (2003), Garc\u00eda se tomar\u00eda un largo hiato, teniendo apariciones esporadicas para rehabilitarse de sus problemas de adicci\u00f3n. Regresar\u00eda a la escena p\u00fablica con su \u00faltimo \u00e1lbum en vivo El concierto subacu\u00e1tico (2010), y pasar\u00eda a publicar los \u00e1lbumes Kill gil (2010) y Random (2017).<\/p>\n\n\n\n<div style=\"height:24px\" aria-hidden=\"true\" class=\"wp-block-spacer\"><\/div>\n\n\n\n<p class=\"has-black-color has-text-color\">Su canci\u00f3n \u00abRasgu\u00f1a las piedras\u00bb fue considerada en 2002 como la tercera mejor canci\u00f3n de todos los tiempos del rock argentino, y la 53a. del rock hispanoamericano. Las siguientes canciones de su autor\u00eda tambi\u00e9n han sido consideradas entre las 100 mejores del rock argentino: \u00abSeminare\u00bb, \u00abCanci\u00f3n para mi muerte\u00bb, \u00abDemoliendo hoteles\u00bb, \u00abLos dinosaurios\u00bb, \u00abYo no quiero volverme tan loco\u00bb, \u00abNo llores por mi, Argentina\u00bb, \u00abChipi chipi\u00bb y \u00abCerca de la revoluci\u00f3n\u00bb.<\/p>\n\n\n\n<div style=\"height:24px\" aria-hidden=\"true\" class=\"wp-block-spacer\"><\/div>\n\n\n\n<figure class=\"wp-block-image size-full\"><img loading=\"lazy\" decoding=\"async\" width=\"1200\" height=\"675\" src=\"https:\/\/entrenotasyacordes.com\/wp-content\/uploads\/2023\/10\/charly-garcia.webp\" alt=\"\" class=\"wp-image-2430\"\/><\/figure>\n\n\n\n<div style=\"height:24px\" aria-hidden=\"true\" class=\"wp-block-spacer\"><\/div>\n\n\n\n<p class=\"has-black-color has-text-color\">En 2009 recibi\u00f3 el premio Grammy a la Excelencia Musical. En 1985 obtuvo el Premio Konex de Platino, como mejor instrumentista de rock de Argentina en la d\u00e9cada de 1975-1984. Gan\u00f3 tres veces el Premio Gardel de Oro (2002, 2003 y 2018), el m\u00e1s importante del pa\u00eds en lo musical. En 2010 fue declarado Ciudadano Ilustre de la Ciudad Aut\u00f3noma de Buenos Aires por la Legislatura Porte\u00f1a, y en 2013 recibi\u00f3 el t\u00edtulo de Doctor Honoris Causa de la Universidad Nacional de General San Mart\u00edn.<\/p>\n\n\n\n<div style=\"height:24px\" aria-hidden=\"true\" class=\"wp-block-spacer\"><\/div>\n\n\n\n<p class=\"has-black-color has-text-color\">En octubre de 2021 Garc\u00eda cumpli\u00f3 70 a\u00f1os, raz\u00f3n por la cual se organizaron una serie de homenajes y recitales para conmemorarlo. La actividad principal se realiz\u00f3 en el Auditorio Nacional Centro Cultural Kirchner, bajo el nombre de \u00abCharly Cumple\u00bb.<\/p>\n\n\n\n<div style=\"height:24px\" aria-hidden=\"true\" class=\"wp-block-spacer\"><\/div>\n\n\n\n<p class=\"has-black-color has-text-color\">El espect\u00e1culo se extendi\u00f3 durante nueve horas y se realiz\u00f3 en cuatro bloques, con la presencia de decenas de int\u00e9rpretes que recorrieron la obra de Garc\u00eda. El primer bloque consisti\u00f3 en una obra sinf\u00f3nica orquestada a partir de sus principales temas. En el segundo bloque, m\u00fasicos de jazz, tango y folklore, reflejaron el impacto de Charly en estos g\u00e9neros musicales. En el tercer bloque, subi\u00f3 a escena el propio Charly Garc\u00eda, sin que fuera anunciado en el programa, con una banda conformada por m\u00fasicos que acompa\u00f1aron hist\u00f3ricamente a Charly (Fito P\u00e1ez, Zorrito Von Quintiero, Fernando Samalea, Rosario Ortega, Pablo Guyot, Alfredo Toth e Hilda Lizarazu.<\/p>\n\n\n\n<div style=\"height:24px\" aria-hidden=\"true\" class=\"wp-block-spacer\"><\/div>\n","protected":false},"excerpt":{"rendered":"","protected":false},"author":5,"featured_media":2431,"comment_status":"open","ping_status":"open","sticky":false,"template":"","format":"standard","meta":{"om_disable_all_campaigns":false,"_uf_show_specific_survey":0,"_uf_disable_surveys":false,"footnotes":""},"categories":[10],"tags":[],"class_list":["post-2428","post","type-post","status-publish","format-standard","has-post-thumbnail","hentry","category-videos"],"_links":{"self":[{"href":"https:\/\/entrenotasyacordes.com\/index.php?rest_route=\/wp\/v2\/posts\/2428","targetHints":{"allow":["GET"]}}],"collection":[{"href":"https:\/\/entrenotasyacordes.com\/index.php?rest_route=\/wp\/v2\/posts"}],"about":[{"href":"https:\/\/entrenotasyacordes.com\/index.php?rest_route=\/wp\/v2\/types\/post"}],"author":[{"embeddable":true,"href":"https:\/\/entrenotasyacordes.com\/index.php?rest_route=\/wp\/v2\/users\/5"}],"replies":[{"embeddable":true,"href":"https:\/\/entrenotasyacordes.com\/index.php?rest_route=%2Fwp%2Fv2%2Fcomments&post=2428"}],"version-history":[{"count":2,"href":"https:\/\/entrenotasyacordes.com\/index.php?rest_route=\/wp\/v2\/posts\/2428\/revisions"}],"predecessor-version":[{"id":2433,"href":"https:\/\/entrenotasyacordes.com\/index.php?rest_route=\/wp\/v2\/posts\/2428\/revisions\/2433"}],"wp:featuredmedia":[{"embeddable":true,"href":"https:\/\/entrenotasyacordes.com\/index.php?rest_route=\/wp\/v2\/media\/2431"}],"wp:attachment":[{"href":"https:\/\/entrenotasyacordes.com\/index.php?rest_route=%2Fwp%2Fv2%2Fmedia&parent=2428"}],"wp:term":[{"taxonomy":"category","embeddable":true,"href":"https:\/\/entrenotasyacordes.com\/index.php?rest_route=%2Fwp%2Fv2%2Fcategories&post=2428"},{"taxonomy":"post_tag","embeddable":true,"href":"https:\/\/entrenotasyacordes.com\/index.php?rest_route=%2Fwp%2Fv2%2Ftags&post=2428"}],"curies":[{"name":"wp","href":"https:\/\/api.w.org\/{rel}","templated":true}]}}