{"id":2434,"date":"2023-10-23T16:42:20","date_gmt":"2023-10-23T16:42:20","guid":{"rendered":"https:\/\/entrenotasyacordes.com\/?p=2434"},"modified":"2023-10-23T16:43:06","modified_gmt":"2023-10-23T16:43:06","slug":"miel-la-nueva-promesa-de-la-musica-electronica-presenta-su-segundo-album","status":"publish","type":"post","link":"https:\/\/entrenotasyacordes.com\/?p=2434","title":{"rendered":"MIEL: LA NUEVA PROMESA DE LA M\u00daSICA ELECTR\u00d3NICA PRESENTA SU SEGUNDO \u00c1LBUM"},"content":{"rendered":"\n<p class=\"has-black-color has-text-color\"><strong>DISPONIBLE  EN TODAS LAS PLATAFORMAS<\/strong><\/p>\n\n\n\n<div style=\"height:20px\" aria-hidden=\"true\" class=\"wp-block-spacer\"><\/div>\n\n\n\n<!--more-->\n\n\n\n<p class=\"has-black-color has-text-color\">El d\u00fao ecuatoriano\u00a0<strong>MIEL\u00a0<\/strong>presenta su\u00a0\u00e1lbum hom\u00f3nimo, segundo trabajo de larga duraci\u00f3n que\u00a0representa un momento crucial en la carrera del proyecto.\u00a0Este LP marca un hito significativo despu\u00e9s de un per\u00edodo de experimentaci\u00f3n profunda.\u00a0El mismo llega\u00a0tras el \u00e9xito de su disco debut,\u00a0<strong>\u00abED\u200b\u00c9\u200bN\u00bb<\/strong>, mostrando a los artistas transformados, m\u00e1s maduros y refinados que nunca.<\/p>\n\n\n\n<div style=\"height:32px\" aria-hidden=\"true\" class=\"wp-block-spacer\"><\/div>\n\n\n\n<figure class=\"wp-block-embed aligncenter is-type-rich is-provider-spotify wp-block-embed-spotify wp-embed-aspect-21-9 wp-has-aspect-ratio\"><div class=\"wp-block-embed__wrapper\">\n<iframe title=\"Spotify Embed: MIEL\" style=\"border-radius: 12px\" width=\"100%\" height=\"352\" frameborder=\"0\" allowfullscreen allow=\"autoplay; clipboard-write; encrypted-media; fullscreen; picture-in-picture\" loading=\"lazy\" src=\"https:\/\/open.spotify.com\/embed\/artist\/7KQCUauVB5CLGrJwq2JoVd?utm_source=oembed\"><\/iframe>\n<\/div><\/figure>\n\n\n\n<div style=\"height:32px\" aria-hidden=\"true\" class=\"wp-block-spacer\"><\/div>\n\n\n\n<p class=\"has-black-color has-text-color\">Este \u00e1lbum presenta una nueva corriente que han denominado&nbsp;<em>LatinTouch<\/em>, una fusi\u00f3n audaz de varios g\u00e9neros electr\u00f3nicos con elementos que evocan la rica tradici\u00f3n musical latinoamericana.&nbsp;A pesar de desafiar las estructuras convencionales,&nbsp;<strong>MIEL&nbsp;<\/strong>conserva cercan\u00eda con su audiencia y la potencia con sus caracter\u00edsticas.&nbsp;En definitiva, una experiencia \u00fanica.&nbsp;<\/p>\n\n\n\n<div style=\"height:32px\" aria-hidden=\"true\" class=\"wp-block-spacer\"><\/div>\n\n\n\n<p class=\"has-black-color has-text-color\">El d\u00fao present\u00f3 tres singles que sirvieron como la precuela de una historia apocal\u00edptica&nbsp;<em>&#8216;Imagina un planeta con Latinoam\u00e9rica en lo m\u00e1s alto, un cometa viajando en el espacio y una explosi\u00f3n catacl\u00edsmica provocada por su impacto&#8217;<\/em>.&nbsp;Con un total de 8 temas en el \u00e1lbum,&nbsp;<strong>\u00abMIEL\u00bb<\/strong>&nbsp;es una experiencia segura en diferentes niveles sensoriales que te sorprender\u00e1 desde el primer momento.<\/p>\n\n\n\n<div style=\"height:32px\" aria-hidden=\"true\" class=\"wp-block-spacer\"><\/div>\n\n\n\n<figure class=\"wp-block-image size-full\"><img loading=\"lazy\" decoding=\"async\" width=\"2272\" height=\"1597\" src=\"https:\/\/entrenotasyacordes.com\/wp-content\/uploads\/2023\/10\/4135e2d3-10cf-e4f7-f6a2-b16ab70ad588.jpg\" alt=\"\" class=\"wp-image-2435\"\/><\/figure>\n\n\n\n<div style=\"height:32px\" aria-hidden=\"true\" class=\"wp-block-spacer\"><\/div>\n\n\n\n<p class=\"has-black-color has-text-color\"><strong>M\u00e1s informaci\u00f3n sobre MIEL<\/strong><\/p>\n\n\n\n<div style=\"height:32px\" aria-hidden=\"true\" class=\"wp-block-spacer\"><\/div>\n\n\n\n<p class=\"has-black-color has-text-color\"><strong>MIEL,\u00a0<\/strong>d\u00fao interdisciplinario ecuatoriano que abandera el #LatinTouch. M\u00fasica electr\u00f3nica latinoamericana de la mano de Dami\u00e1n Segovia y Mart\u00edn Flies.\u00a0<strong>MIEL<\/strong>\u00a0es una propuesta fresca que fusiona y transforma el baile y la psicodelia en espacios envolventes y sensoriales.<\/p>\n\n\n\n<div style=\"height:32px\" aria-hidden=\"true\" class=\"wp-block-spacer\"><\/div>\n\n\n\n<p class=\"has-black-color has-text-color\">A lo largo de su trayectoria, el proyecto ha participado en escenarios tan destacados como Sonorama Ribera (Espa\u00f1a), Palmarosa Festival (Francia) y BIME Bogot\u00e1.&nbsp;Adem\u00e1s, han sido rese\u00f1ados por medios de renombre como Revista Marvin, IndieHoy y Gladys Palmera, entre otros.<\/p>\n\n\n\n<div style=\"height:32px\" aria-hidden=\"true\" class=\"wp-block-spacer\"><\/div>\n\n\n\n<figure class=\"wp-block-image size-full\"><img loading=\"lazy\" decoding=\"async\" width=\"7111\" height=\"7111\" src=\"https:\/\/entrenotasyacordes.com\/wp-content\/uploads\/2023\/10\/b885bad6-1234-2d7f-a9f5-2ff1b64119f4.jpg\" alt=\"\" class=\"wp-image-2436\"\/><\/figure>\n\n\n\n<div style=\"height:32px\" aria-hidden=\"true\" class=\"wp-block-spacer\"><\/div>\n\n\n\n<p class=\"has-black-color has-text-color\"><strong>La visi\u00f3n gr\u00e1fica de MIEL<\/strong><\/p>\n\n\n\n<div style=\"height:32px\" aria-hidden=\"true\" class=\"wp-block-spacer\"><\/div>\n\n\n\n<p class=\"has-black-color has-text-color\"><strong>MIEL<\/strong>\u00a0est\u00e1 desarrollando un mediometraje en colaboraci\u00f3n con el director Javier Andrade. El d\u00fao se encuentra profundizando en temas sociales mientras expande la narrativa de este intrigante universo. Desde sus inicios, este proyecto se ha nutrido de una narrativa art\u00edstica interdisciplinaria, al incluir el contenido digital y visual que acompa\u00f1a cada uno de sus lanzamientos. Esto incluye elementos como pintura, fotograf\u00eda, video, dise\u00f1o gr\u00e1fico, animaci\u00f3n y nuevas tecnolog\u00edas de creaci\u00f3n con inteligencia artificial.<\/p>\n\n\n\n<div style=\"height:32px\" aria-hidden=\"true\" class=\"wp-block-spacer\"><\/div>\n\n\n\n<p class=\"has-black-color has-text-color\">En&nbsp;vivo,&nbsp;<strong>MIEL&nbsp;<\/strong>ofrece una experiencia cautivadora con una potente propuesta visual en colaboraci\u00f3n con varios artistas. Sus reinterpretaciones sumergen a la audiencia en un trance energ\u00e9tico de baile y psicodelia que es absolutamente imperdible.<\/p>\n\n\n\n<div style=\"height:32px\" aria-hidden=\"true\" class=\"wp-block-spacer\"><\/div>\n","protected":false},"excerpt":{"rendered":"<p>DISPONIBLE EN TODAS LAS PLATAFORMAS<\/p>\n","protected":false},"author":5,"featured_media":2437,"comment_status":"open","ping_status":"open","sticky":false,"template":"","format":"standard","meta":{"om_disable_all_campaigns":false,"_uf_show_specific_survey":0,"_uf_disable_surveys":false,"footnotes":""},"categories":[4],"tags":[],"class_list":["post-2434","post","type-post","status-publish","format-standard","has-post-thumbnail","hentry","category-musica"],"_links":{"self":[{"href":"https:\/\/entrenotasyacordes.com\/index.php?rest_route=\/wp\/v2\/posts\/2434","targetHints":{"allow":["GET"]}}],"collection":[{"href":"https:\/\/entrenotasyacordes.com\/index.php?rest_route=\/wp\/v2\/posts"}],"about":[{"href":"https:\/\/entrenotasyacordes.com\/index.php?rest_route=\/wp\/v2\/types\/post"}],"author":[{"embeddable":true,"href":"https:\/\/entrenotasyacordes.com\/index.php?rest_route=\/wp\/v2\/users\/5"}],"replies":[{"embeddable":true,"href":"https:\/\/entrenotasyacordes.com\/index.php?rest_route=%2Fwp%2Fv2%2Fcomments&post=2434"}],"version-history":[{"count":2,"href":"https:\/\/entrenotasyacordes.com\/index.php?rest_route=\/wp\/v2\/posts\/2434\/revisions"}],"predecessor-version":[{"id":2439,"href":"https:\/\/entrenotasyacordes.com\/index.php?rest_route=\/wp\/v2\/posts\/2434\/revisions\/2439"}],"wp:featuredmedia":[{"embeddable":true,"href":"https:\/\/entrenotasyacordes.com\/index.php?rest_route=\/wp\/v2\/media\/2437"}],"wp:attachment":[{"href":"https:\/\/entrenotasyacordes.com\/index.php?rest_route=%2Fwp%2Fv2%2Fmedia&parent=2434"}],"wp:term":[{"taxonomy":"category","embeddable":true,"href":"https:\/\/entrenotasyacordes.com\/index.php?rest_route=%2Fwp%2Fv2%2Fcategories&post=2434"},{"taxonomy":"post_tag","embeddable":true,"href":"https:\/\/entrenotasyacordes.com\/index.php?rest_route=%2Fwp%2Fv2%2Ftags&post=2434"}],"curies":[{"name":"wp","href":"https:\/\/api.w.org\/{rel}","templated":true}]}}