{"id":2443,"date":"2023-10-23T17:45:42","date_gmt":"2023-10-23T17:45:42","guid":{"rendered":"https:\/\/entrenotasyacordes.com\/?p=2443"},"modified":"2023-10-23T17:45:45","modified_gmt":"2023-10-23T17:45:45","slug":"sabot-sigue-presentando-su-nuevo-disco-punto-debil","status":"publish","type":"post","link":"https:\/\/entrenotasyacordes.com\/?p=2443","title":{"rendered":"SABOT SIGUE PRESENTANDO SU NUEVO DISCO\u00a0 \u201cPUNTO D\u00c9BIL\u201d \u00a0"},"content":{"rendered":"\n<p class=\"has-black-color has-text-color\"><strong>Luego del estreno oficial de Punto D\u00e9bil con entradas agotadas en el Centro Cutural Richards, la banda oriunda del oeste sigue presentando su cuarto material de estudio en diferentes escenarios.<\/strong><\/p>\n\n\n\n<div style=\"height:25px\" aria-hidden=\"true\" class=\"wp-block-spacer\"><\/div>\n\n\n\n<!--more-->\n\n\n\n<p class=\"has-black-color has-text-color\">Punto D\u00e9bil es el sutil equilibrio entre los consensos y los conflictos que hay en todas las relaciones humanas. Es un di\u00e1logo compartido, un puente para pensarse con otros. Este trabajo, fruto del esfuerzo de m\u00e1s de dos a\u00f1os, marca una nueva identidad sonora para SABOT.<\/p>\n\n\n\n<div style=\"height:33px\" aria-hidden=\"true\" class=\"wp-block-spacer\"><\/div>\n\n\n\n<figure class=\"wp-block-embed is-type-rich is-provider-spotify wp-block-embed-spotify wp-embed-aspect-21-9 wp-has-aspect-ratio\"><div class=\"wp-block-embed__wrapper\">\n<iframe title=\"Spotify Embed: Punto D\u00e9bil\" style=\"border-radius: 12px\" width=\"100%\" height=\"352\" frameborder=\"0\" allowfullscreen allow=\"autoplay; clipboard-write; encrypted-media; fullscreen; picture-in-picture\" loading=\"lazy\" src=\"https:\/\/open.spotify.com\/embed\/album\/1JtQmuPTdbJtyf9wJXfbIs?si=TAhbQqGtQmqdHZaqtzhO8g&#038;nd=1&#038;utm_source=oembed\"><\/iframe>\n<\/div><\/figure>\n\n\n\n<div style=\"height:33px\" aria-hidden=\"true\" class=\"wp-block-spacer\"><\/div>\n\n\n\n<p class=\"has-black-color has-text-color\">SABOT es una banda nacida en 2013 en la zona oeste de Buenos Aires. Est\u00e1 conformada por Pablito Lito Myxomatosis (guitarra y voz), Leu Frais (guitarra y voz), Mati Jove (bajo y voz), y Jonny Don\u00e1 (bater\u00eda).<\/p>\n\n\n\n<div style=\"height:17px\" aria-hidden=\"true\" class=\"wp-block-spacer\"><\/div>\n\n\n\n<p class=\"has-black-color has-text-color\">Tienen tres materiales editados: Distop\u00eda Latente (2014), Desde el desconcierto metaf\u00edsico a la insatisfacci\u00f3n inmaterial (2017), y Non Tempus (2019).<\/p>\n\n\n\n<div style=\"height:17px\" aria-hidden=\"true\" class=\"wp-block-spacer\"><\/div>\n\n\n\n<p class=\"has-black-color has-text-color\">Realizaron su primera gira por la Patagonia en enero de 2020, y el mismo a\u00f1o lanzaron dos sencillos: Fusilarnos y No puedo bajar, adem\u00e1s de realizar un show conceptual v\u00eda streaming titulado SABOT HA MUERTO disponible en el canal de YouTube de la banda.<\/p>\n\n\n\n<div style=\"height:17px\" aria-hidden=\"true\" class=\"wp-block-spacer\"><\/div>\n\n\n\n<p class=\"has-black-color has-text-color\">En 2021, presentaron su nuevo sencillo Patio rojo y giraron nuevamente por la Patagonia y en 2022, fueron elegidos por el Festival Ciudad Emergente como banda representante del municipio de Tres de Febrero.<\/p>\n\n\n\n<div style=\"height:17px\" aria-hidden=\"true\" class=\"wp-block-spacer\"><\/div>\n\n\n\n<p class=\"has-black-color has-text-color\">Actualmente, SABOT se encuentra estrenando su cuarto album de estudio Punto D\u00e9bil.<\/p>\n\n\n\n<div style=\"height:17px\" aria-hidden=\"true\" class=\"wp-block-spacer\"><\/div>\n\n\n\n<p class=\"has-black-color has-text-color\">Este nuevo disco sabotiano, que cont\u00f3 con dos adelantos (\u00abC\u00e1psulas\u00bb y \u00abCu\u00e1ntos Cuentos\u00bb ft Nicolas Alfieri), viene a marcar un parteaguas en la discograf\u00eda de la banda, con un sonido renovado que mantiene la esencia rockera pero en una clave m\u00e1s moderna y hasta con dejos poperos. Fue grabado a inicios de 2023 en La Casona y DMB Estudio con la coproducci\u00f3n de Diego Boquete.<\/p>\n\n\n\n<div style=\"height:17px\" aria-hidden=\"true\" class=\"wp-block-spacer\"><\/div>\n\n\n\n<p class=\"has-black-color has-text-color\">Los 10 tracks de Punto D\u00e9bil llevan a descubrir un abanico que va desde canciones con poderosos estribillos y curiosos ritmos irregulares, hasta registros m\u00e1s crudos como un grub esquizofr\u00e9nico o un dub reggae que cuenta con aportes de seguidores de la banda que participaron de una consigna v\u00eda redes sociales.<\/p>\n\n\n\n<div style=\"height:17px\" aria-hidden=\"true\" class=\"wp-block-spacer\"><\/div>\n\n\n\n<p class=\"has-black-color has-text-color\">Adem\u00e1s, el disco est\u00e1 acompa\u00f1ado de un full album en YouTube realizado por Martin Eguibar que cuenta con un registro en clave cinematogr\u00e1fica de los integrantes, con epicentro en el centro cultural Mansi\u00f3n Tif\u00f3n, emblem\u00e1tico punto de encuentro del oeste y b\u00fanker de operaciones de SABOT.<\/p>\n\n\n\n<div style=\"height:17px\" aria-hidden=\"true\" class=\"wp-block-spacer\"><\/div>\n\n\n\n<p class=\"has-black-color has-text-color\">Punto d\u00e9bil fue estrenado oficialmente el s\u00e1bado 7 de octubre en el CC Richards y actualmente la banda sigue present\u00e1ndolo en diversos escenarios.<\/p>\n\n\n\n<div style=\"height:17px\" aria-hidden=\"true\" class=\"wp-block-spacer\"><\/div>\n\n\n\n<figure class=\"wp-block-image size-full\"><img loading=\"lazy\" decoding=\"async\" width=\"1080\" height=\"1080\" src=\"https:\/\/entrenotasyacordes.com\/wp-content\/uploads\/2023\/10\/97770520-68b4-e0a3-be7e-80da94025a33.png\" alt=\"\" class=\"wp-image-2445\"\/><\/figure>\n\n\n\n<div style=\"height:38px\" aria-hidden=\"true\" class=\"wp-block-spacer\"><\/div>\n","protected":false},"excerpt":{"rendered":"<p>Luego del estreno oficial de Punto D\u00e9bil con entradas agotadas en el Centro Cutural Richards,<\/p>\n","protected":false},"author":5,"featured_media":2446,"comment_status":"open","ping_status":"open","sticky":false,"template":"","format":"standard","meta":{"om_disable_all_campaigns":false,"_uf_show_specific_survey":0,"_uf_disable_surveys":false,"footnotes":""},"categories":[4],"tags":[],"class_list":["post-2443","post","type-post","status-publish","format-standard","has-post-thumbnail","hentry","category-musica"],"_links":{"self":[{"href":"https:\/\/entrenotasyacordes.com\/index.php?rest_route=\/wp\/v2\/posts\/2443","targetHints":{"allow":["GET"]}}],"collection":[{"href":"https:\/\/entrenotasyacordes.com\/index.php?rest_route=\/wp\/v2\/posts"}],"about":[{"href":"https:\/\/entrenotasyacordes.com\/index.php?rest_route=\/wp\/v2\/types\/post"}],"author":[{"embeddable":true,"href":"https:\/\/entrenotasyacordes.com\/index.php?rest_route=\/wp\/v2\/users\/5"}],"replies":[{"embeddable":true,"href":"https:\/\/entrenotasyacordes.com\/index.php?rest_route=%2Fwp%2Fv2%2Fcomments&post=2443"}],"version-history":[{"count":1,"href":"https:\/\/entrenotasyacordes.com\/index.php?rest_route=\/wp\/v2\/posts\/2443\/revisions"}],"predecessor-version":[{"id":2447,"href":"https:\/\/entrenotasyacordes.com\/index.php?rest_route=\/wp\/v2\/posts\/2443\/revisions\/2447"}],"wp:featuredmedia":[{"embeddable":true,"href":"https:\/\/entrenotasyacordes.com\/index.php?rest_route=\/wp\/v2\/media\/2446"}],"wp:attachment":[{"href":"https:\/\/entrenotasyacordes.com\/index.php?rest_route=%2Fwp%2Fv2%2Fmedia&parent=2443"}],"wp:term":[{"taxonomy":"category","embeddable":true,"href":"https:\/\/entrenotasyacordes.com\/index.php?rest_route=%2Fwp%2Fv2%2Fcategories&post=2443"},{"taxonomy":"post_tag","embeddable":true,"href":"https:\/\/entrenotasyacordes.com\/index.php?rest_route=%2Fwp%2Fv2%2Ftags&post=2443"}],"curies":[{"name":"wp","href":"https:\/\/api.w.org\/{rel}","templated":true}]}}