{"id":2448,"date":"2023-10-23T17:53:29","date_gmt":"2023-10-23T17:53:29","guid":{"rendered":"https:\/\/entrenotasyacordes.com\/?p=2448"},"modified":"2023-10-23T17:53:31","modified_gmt":"2023-10-23T17:53:31","slug":"cuenta-regresiva-para-los-shows-despedida-de-ska-p-en-argentina","status":"publish","type":"post","link":"https:\/\/entrenotasyacordes.com\/?p=2448","title":{"rendered":"CUENTA REGRESIVA PARA LOS SHOWS DESPEDIDA DE SKA-P EN ARGENTINA"},"content":{"rendered":"\n<p class=\"has-black-color has-text-color\">Luego del show brindado el pasado a\u00f1o en GEBA,\u00a0 SKA-P vuelve a nuestro pa\u00eds para presentarse el domingo 5 (entradas agotadas)\u00a0y el martes 7\u00a0de noviembre\u00a0en el Estadio Luna Park, estos\u00a0ser\u00e1n los\u00a0\u00faltimos shows de la banda en el pa\u00eds por tiempo indeterminado.<\/p>\n\n\n\n<div style=\"height:30px\" aria-hidden=\"true\" class=\"wp-block-spacer\"><\/div>\n\n\n\n<!--more-->\n\n\n\n<p class=\"has-text-align-left has-black-color has-text-color\"><strong>Domingo 5 de noviembre &#8211;<\/strong>&nbsp;<strong>L<\/strong><strong>ocalidades agotadas<\/strong><br><br><strong>Martes 7 de noviembre &#8211;&nbsp;<\/strong><strong>Entradas a la venta por sistema<\/strong><strong>&nbsp;<a href=\"https:\/\/www.ticketportal.com.ar\/evt\/default.php?p=50539F96C5E9D8287529DDFDDAD726A767B86BDFD1504539#!\/event\" target=\"_blank\" rel=\"noreferrer noopener\">TicketPortal<\/a><\/strong><br><br><strong>Venta presencial boleter\u00eda del Luna Park<\/strong><br>Lunes a viernes de 10:00 a 19:00 hs. S\u00e1bados de 12:00 a 19:00 hs.<br>D\u00edas domingo con funci\u00f3n el horario ser\u00e1 desde las 16:00 hs.<\/p>\n\n\n\n<p class=\"has-text-align-left has-black-color has-text-color\"><strong>Artista invitado:\u00a0Lucho al Attaque<\/strong><\/p>\n\n\n\n<div style=\"height:40px\" aria-hidden=\"true\" class=\"wp-block-spacer\"><\/div>\n\n\n\n<figure class=\"wp-block-image size-full\"><img loading=\"lazy\" decoding=\"async\" width=\"2048\" height=\"1365\" src=\"https:\/\/entrenotasyacordes.com\/wp-content\/uploads\/2023\/10\/7737a94b-aa2e-5bf4-f2d7-cfbbb366bcf0.jpg\" alt=\"\" class=\"wp-image-2449\"\/><\/figure>\n\n\n\n<div style=\"height:21px\" aria-hidden=\"true\" class=\"wp-block-spacer\"><\/div>\n\n\n\n<p class=\"has-black-color has-text-color\">El affaire de la banda vallecana y Argentina vuelven a entrar en combusti\u00f3n y Buenos Aires recibe a la&nbsp; banda de ska punk m\u00e1s aclamada por el p\u00fablico.<\/p>\n\n\n\n<div style=\"height:21px\" aria-hidden=\"true\" class=\"wp-block-spacer\"><\/div>\n\n\n\n<p class=\"has-black-color has-text-color\">Formados en 1994 y con 9 discos en su haber Ska- P regresa al pa\u00eds con un show en\u00e9rgico, divertido, vibrante, lleno de power , como ya nos tienen acostumbrados, para hacer delirar a todo su p\u00fablico<\/p>\n\n\n\n<div style=\"height:21px\" aria-hidden=\"true\" class=\"wp-block-spacer\"><\/div>\n\n\n\n<figure class=\"wp-block-image size-full\"><img loading=\"lazy\" decoding=\"async\" width=\"2048\" height=\"1365\" src=\"https:\/\/entrenotasyacordes.com\/wp-content\/uploads\/2023\/10\/a6170919-5a3c-ee43-67f9-41e0fa174958.jpg\" alt=\"\" class=\"wp-image-2450\"\/><\/figure>\n\n\n\n<div style=\"height:21px\" aria-hidden=\"true\" class=\"wp-block-spacer\"><\/div>\n\n\n\n<p class=\"has-black-color has-text-color\"><strong><u>Integrantes<\/u><\/strong><\/p>\n\n\n\n<p class=\"has-black-color has-text-color\">PulPul. Voz \/ Guitarra<br>&nbsp;Gary&nbsp;Trombon&nbsp;<br>Ivan Guevo Bater\u00eda<br>Joxemi Guitarra<br>Julio Bajo<br>Kogote. Teclados<br>Txikitin. Trompeta&nbsp;<br>Juan trompeta\/violin\/&nbsp;coro<\/p>\n","protected":false},"excerpt":{"rendered":"<p>Luego del show brindado el pasado a\u00f1o en GEBA,\u00a0 SKA-P vuelve a nuestro pa\u00eds para<\/p>\n","protected":false},"author":5,"featured_media":2451,"comment_status":"open","ping_status":"open","sticky":false,"template":"","format":"standard","meta":{"om_disable_all_campaigns":false,"_uf_show_specific_survey":0,"_uf_disable_surveys":false,"footnotes":""},"categories":[36],"tags":[],"class_list":["post-2448","post","type-post","status-publish","format-standard","has-post-thumbnail","hentry","category-conciertos"],"_links":{"self":[{"href":"https:\/\/entrenotasyacordes.com\/index.php?rest_route=\/wp\/v2\/posts\/2448","targetHints":{"allow":["GET"]}}],"collection":[{"href":"https:\/\/entrenotasyacordes.com\/index.php?rest_route=\/wp\/v2\/posts"}],"about":[{"href":"https:\/\/entrenotasyacordes.com\/index.php?rest_route=\/wp\/v2\/types\/post"}],"author":[{"embeddable":true,"href":"https:\/\/entrenotasyacordes.com\/index.php?rest_route=\/wp\/v2\/users\/5"}],"replies":[{"embeddable":true,"href":"https:\/\/entrenotasyacordes.com\/index.php?rest_route=%2Fwp%2Fv2%2Fcomments&post=2448"}],"version-history":[{"count":1,"href":"https:\/\/entrenotasyacordes.com\/index.php?rest_route=\/wp\/v2\/posts\/2448\/revisions"}],"predecessor-version":[{"id":2452,"href":"https:\/\/entrenotasyacordes.com\/index.php?rest_route=\/wp\/v2\/posts\/2448\/revisions\/2452"}],"wp:featuredmedia":[{"embeddable":true,"href":"https:\/\/entrenotasyacordes.com\/index.php?rest_route=\/wp\/v2\/media\/2451"}],"wp:attachment":[{"href":"https:\/\/entrenotasyacordes.com\/index.php?rest_route=%2Fwp%2Fv2%2Fmedia&parent=2448"}],"wp:term":[{"taxonomy":"category","embeddable":true,"href":"https:\/\/entrenotasyacordes.com\/index.php?rest_route=%2Fwp%2Fv2%2Fcategories&post=2448"},{"taxonomy":"post_tag","embeddable":true,"href":"https:\/\/entrenotasyacordes.com\/index.php?rest_route=%2Fwp%2Fv2%2Ftags&post=2448"}],"curies":[{"name":"wp","href":"https:\/\/api.w.org\/{rel}","templated":true}]}}