{"id":2460,"date":"2023-10-23T18:07:24","date_gmt":"2023-10-23T18:07:24","guid":{"rendered":"https:\/\/entrenotasyacordes.com\/?p=2460"},"modified":"2023-10-23T18:07:28","modified_gmt":"2023-10-23T18:07:28","slug":"con-el-single-volver-a-empezar-ft-duki-asan-presenta-bellas-artes-malas-vidas-su-nuevo-trabajo-discografico","status":"publish","type":"post","link":"https:\/\/entrenotasyacordes.com\/?p=2460","title":{"rendered":"CON EL SINGLE \u00abVOLVER A EMPEZAR\u00bb FT DUKI, ASAN PRESENTA \u00abBELLAS ARTES MALAS VIDAS\u00bb, SU NUEVO TRABAJO DISCOGR\u00c1FICO"},"content":{"rendered":"\n<p class=\"has-black-color has-text-color\">Adem\u00e1s de la colaboraci\u00f3n estelar de&nbsp;<strong>Duki<\/strong>, tambi\u00e9n participan del disco&nbsp;<strong>Khea<\/strong>,&nbsp;<strong>Tiago PZK<\/strong>, entre otros, quienes se suman a la cabeza creadora de&nbsp;<strong>ASAN<\/strong>&nbsp;para formar parte de la fusi\u00f3n entre el arte humano y el arte de inteligencia artificial del \u00e1lbum, presentando sonidos nunca antes escuchados en el g\u00e9nero.<\/p>\n\n\n\n<div style=\"height:27px\" aria-hidden=\"true\" class=\"wp-block-spacer\"><\/div>\n\n\n\n<!--more-->\n\n\n\n<p class=\"has-black-color has-text-color\">El disco \u00abBellas artes mala vida\u00bb ser\u00e1 presentado en vivo el\u00a0<strong>2 de noviembre en el Teatro Vorterix<\/strong>\u00a0y tendr\u00e1 una puesta 100% asociada al concepto del disco: la vida humana en combinaci\u00f3n con la Inteligencia Artifical \u00a0(IA).<\/p>\n\n\n\n<p class=\"has-black-color has-text-color\"><strong><a href=\"https:\/\/lt.mydplr.com\/f0b3bf69029ec5a73fcbe2fa621c5514-83c2bbc525f8862c78a9634b47b74fc6\" target=\"_blank\" rel=\"noreferrer noopener\"><u>TICKETS A LA VENTA A TRAV\u00c9S DE ALL ACCESS<\/u><\/a><\/strong><\/p>\n\n\n\n<div style=\"height:30px\" aria-hidden=\"true\" class=\"wp-block-spacer\"><\/div>\n\n\n\n<figure class=\"wp-block-embed is-type-rich is-provider-spotify wp-block-embed-spotify wp-embed-aspect-21-9 wp-has-aspect-ratio\"><div class=\"wp-block-embed__wrapper\">\n<iframe title=\"Spotify Embed: Bellas Artes Malas Vidas\" style=\"border-radius: 12px\" width=\"100%\" height=\"352\" frameborder=\"0\" allowfullscreen allow=\"autoplay; clipboard-write; encrypted-media; fullscreen; picture-in-picture\" loading=\"lazy\" src=\"https:\/\/open.spotify.com\/embed\/album\/6nQnNie5sdURxPiMW9cp0Y?utm_source=oembed\"><\/iframe>\n<\/div><\/figure>\n\n\n\n<div style=\"height:30px\" aria-hidden=\"true\" class=\"wp-block-spacer\"><\/div>\n\n\n\n<p class=\"has-black-color has-text-color\">Asan, el mago detr\u00e1s de los mayores hits y artistas del g\u00e9nero urbano, demuestra una vez m\u00e1s su versatilidad y talento a la hora de crear m\u00fasica. \u00abBellas Artes Malas Vidas\u00bb producido en su mayor\u00eda por el propio autor, cuenta con 14 canciones y con hist\u00f3ricos amigos y colaboradores Duki, Khea, Bhavi y Tiago, uniendo los mayores talentos de nuestro pa\u00eds en un solo disco.<\/p>\n\n\n\n<div style=\"height:30px\" aria-hidden=\"true\" class=\"wp-block-spacer\"><\/div>\n\n\n\n<figure class=\"wp-block-image size-full\"><img loading=\"lazy\" decoding=\"async\" width=\"524\" height=\"517\" src=\"https:\/\/entrenotasyacordes.com\/wp-content\/uploads\/2023\/10\/WhatsApp_Image_2023-10-19_at_12.01.01.jpeg\" alt=\"\" class=\"wp-image-2461\"\/><\/figure>\n\n\n\n<div style=\"height:30px\" aria-hidden=\"true\" class=\"wp-block-spacer\"><\/div>\n\n\n\n<p class=\"has-black-color has-text-color\">En esta entrega, Asan se enfoca en&nbsp;<strong>el<\/strong>&nbsp;<strong>lado art\u00edstico de la inteligencia artificial<\/strong>, simulando un museo h\u00edbrido entre el arte humano y el arte creado por la inteligencia artificial.&nbsp;<strong>Desde videos hasta una canci\u00f3n escrita por esta tecnolog\u00eda<\/strong>&nbsp;que el artista explota para crear nuevos sonidos en el g\u00e9nero.<\/p>\n\n\n\n<div style=\"height:30px\" aria-hidden=\"true\" class=\"wp-block-spacer\"><\/div>\n\n\n\n<p class=\"has-black-color has-text-color\">Con unas visuales y unos sonidos que aclimatar\u00e1n toda la exploraci\u00f3n sensorial que el p\u00fablico vivir\u00e1, ASAN presentar\u00e1 su nuevo disco el<strong>&nbsp;2 de noviembre en el Teatro Vorterix<\/strong>, en una combinaci\u00f3n de m\u00fasica y tecnolog\u00eda para crear una verdadera experiencia inmersiva.<\/p>\n\n\n\n<div style=\"height:30px\" aria-hidden=\"true\" class=\"wp-block-spacer\"><\/div>\n\n\n\n<figure class=\"wp-block-image size-full\"><img loading=\"lazy\" decoding=\"async\" width=\"752\" height=\"748\" src=\"https:\/\/entrenotasyacordes.com\/wp-content\/uploads\/2023\/10\/ASAN-1.jpg\" alt=\"\" class=\"wp-image-2462\"\/><\/figure>\n\n\n\n<div style=\"height:30px\" aria-hidden=\"true\" class=\"wp-block-spacer\"><\/div>\n\n\n\n<p class=\"has-black-color has-text-color\"><strong>SOBRE ASAN<\/strong><\/p>\n\n\n\n<div style=\"height:30px\" aria-hidden=\"true\" class=\"wp-block-spacer\"><\/div>\n\n\n\n<p class=\"has-black-color has-text-color\">Con solo 20 a\u00f1os de edad, Asan se convirti\u00f3 en uno de los productores TOP de la Argentina.<\/p>\n\n\n\n<div style=\"height:30px\" aria-hidden=\"true\" class=\"wp-block-spacer\"><\/div>\n\n\n\n<p class=\"has-black-color has-text-color\">En 2019 fue parte de la gira europea \u00abVida Young Flex Tour\u00bb como segunda voz y mostrando por primera vez su faceta como int\u00e9rprete cantando de manera in\u00e9dita su primera canci\u00f3n&nbsp;<a href=\"https:\/\/lt.mydplr.com\/758823ceb85ccaaabf0ccfb3198277af-83c2bbc525f8862c78a9634b47b74fc6\" target=\"_blank\" rel=\"noreferrer noopener\">\u00abCreo que\u00bb<\/a>, que luego fue parte del Mixtape&nbsp;<a href=\"https:\/\/lt.mydplr.com\/d0b08f74704a55c33f6925df29cbde74-83c2bbc525f8862c78a9634b47b74fc6\" target=\"_blank\" rel=\"noreferrer noopener\">TRAPICHEO<\/a>&nbsp;de KHEA.<\/p>\n\n\n\n<div style=\"height:30px\" aria-hidden=\"true\" class=\"wp-block-spacer\"><\/div>\n\n\n\n<p class=\"has-black-color has-text-color\">Tambi\u00e9n particip\u00f3 del EP 24 de Duki como productor y artista con las canciones&nbsp;<a href=\"https:\/\/lt.mydplr.com\/b81610e8b44671b8a339f507cffc21ca-83c2bbc525f8862c78a9634b47b74fc6\" target=\"_blank\" rel=\"noreferrer noopener\">\u00abSin mirar\u00bb<\/a>&nbsp;y&nbsp;<a href=\"https:\/\/lt.mydplr.com\/6d393b14d6c9bc80ae49392f79a2f14d-83c2bbc525f8862c78a9634b47b74fc6\" target=\"_blank\" rel=\"noreferrer noopener\">\u00abPastillas\u00bb<\/a>.<\/p>\n\n\n\n<div style=\"height:30px\" aria-hidden=\"true\" class=\"wp-block-spacer\"><\/div>\n\n\n\n<p class=\"has-black-color has-text-color\">En junio de 2020 present\u00f3 por primera vez su canal de YouTube y su faceta como int\u00e9rprete en plataformas con las canciones&nbsp;<a href=\"https:\/\/lt.mydplr.com\/47e259907fe1afd6ad988dbd1bb33f72-83c2bbc525f8862c78a9634b47b74fc6\" target=\"_blank\" rel=\"noreferrer noopener\">\u00abOscuro P1\u00bb<\/a>&nbsp;y&nbsp;<a href=\"https:\/\/lt.mydplr.com\/47e259907fe1afd6ad988dbd1bb33f72-83c2bbc525f8862c78a9634b47b74fc6\" target=\"_blank\" rel=\"noreferrer noopener\">\u00abOscuro P2\u00bb<\/a>, que fueron el primer vistazo de su m\u00fasica como solista para dar paso al EP debut&nbsp;<a href=\"https:\/\/lt.mydplr.com\/9a218fcad1dd90862b4d6864593dfe75-83c2bbc525f8862c78a9634b47b74fc6\" target=\"_blank\" rel=\"noreferrer noopener\">\u00abEmocional\u00bb<\/a>.<\/p>\n\n\n\n<div style=\"height:30px\" aria-hidden=\"true\" class=\"wp-block-spacer\"><\/div>\n\n\n\n<p class=\"has-black-color has-text-color\">Esto lo llev\u00f3 en 2020 a trabajar junto a Bizarrap en la&nbsp;<a href=\"https:\/\/lt.mydplr.com\/7bf3b9002ed3cb850be85ee1881c1484-83c2bbc525f8862c78a9634b47b74fc6\" target=\"_blank\" rel=\"noreferrer noopener\">\u00abAsan BZRP Music sessions #35\u00bb<\/a>&nbsp;que alcanz\u00f3 el puesto #1 en tendencias mundiales de YouTube.<\/p>\n\n\n\n<div style=\"height:30px\" aria-hidden=\"true\" class=\"wp-block-spacer\"><\/div>\n\n\n\n<p class=\"has-black-color has-text-color\">Luego con el release&nbsp;<a href=\"https:\/\/lt.mydplr.com\/7752d8d8558ab6a9286de0d69dbc4d17-83c2bbc525f8862c78a9634b47b74fc6\" target=\"_blank\" rel=\"noreferrer noopener\">\u00abTeca\u00bb<\/a>&nbsp;ft. Bhavi lanzado por su canal se convirti\u00f3 por primera vez en tendencia n\u00famero #1 en Argentina y as\u00ed naci\u00f3 el remix de la canci\u00f3n con grandes figuras como YSY A, Neo pistea, Midel y J rei. El&nbsp;<a href=\"https:\/\/lt.mydplr.com\/02679a8ff11877d2aed7abd687d6a5ed-83c2bbc525f8862c78a9634b47b74fc6\" target=\"_blank\" rel=\"noreferrer noopener\">remix de \u00abTeca\u00bb<\/a>&nbsp;fue el \u00faltimo release antes de presentar su disco ALMAMATER&nbsp;<a href=\"https:\/\/lt.mydplr.com\/22d49746345e507e5e83c884b6df896c-83c2bbc525f8862c78a9634b47b74fc6\" target=\"_blank\" rel=\"noreferrer noopener\">LADO A<\/a>&nbsp;y&nbsp;<a href=\"https:\/\/lt.mydplr.com\/e96f652833d564c409daddd7dfeb6bab-83c2bbc525f8862c78a9634b47b74fc6\" target=\"_blank\" rel=\"noreferrer noopener\">LADO B<\/a>&nbsp;en 2021, que cuenta con colaboraciones de Duki, KHEA, y Seven Kayne, entre otros, y millones de streams. Durante el mismo a\u00f1o particip\u00f3 como productor general de todo el disco de DUKI titulado&nbsp;<a href=\"https:\/\/lt.mydplr.com\/ba174db8da3646c642c0a57cd719d218-83c2bbc525f8862c78a9634b47b74fc6\" target=\"_blank\" rel=\"noreferrer noopener\">\u00abDESDE EL FIN DEL MUNDO\u00bb<\/a>&nbsp;con el cual fue parte de toda la gira 2022 por el interior del pa\u00eds, latinoam\u00e9rica y europa como DJ, segunda voz y telonero, gira que da cierre en cuatro estadios V\u00e9lez y en su propio show en Niceto que fue SOLD OUT. Adem\u00e1s, durante 2022 fue uno de los productores generales del disco&nbsp;<a href=\"https:\/\/lt.mydplr.com\/41960876d7586ccc8915bd259a162451-83c2bbc525f8862c78a9634b47b74fc6\" target=\"_blank\" rel=\"noreferrer noopener\">PORTALES<\/a>&nbsp;de TIAGO PZK donde tambi\u00e9n particip\u00f3 como int\u00e9rprete en el release&nbsp;<a href=\"https:\/\/lt.mydplr.com\/521372a7ad4812d2eb21075852460eb9-83c2bbc525f8862c78a9634b47b74fc6\" target=\"_blank\" rel=\"noreferrer noopener\">Noches de soledad ft KHEA<\/a>.<\/p>\n\n\n\n<div style=\"height:30px\" aria-hidden=\"true\" class=\"wp-block-spacer\"><\/div>\n","protected":false},"excerpt":{"rendered":"<p>Adem\u00e1s de la colaboraci\u00f3n estelar de&nbsp;Duki, tambi\u00e9n participan del disco&nbsp;Khea,&nbsp;Tiago PZK, entre otros, quienes se<\/p>\n","protected":false},"author":5,"featured_media":2463,"comment_status":"open","ping_status":"open","sticky":false,"template":"","format":"standard","meta":{"om_disable_all_campaigns":false,"_uf_show_specific_survey":0,"_uf_disable_surveys":false,"footnotes":""},"categories":[4],"tags":[],"class_list":["post-2460","post","type-post","status-publish","format-standard","has-post-thumbnail","hentry","category-musica"],"_links":{"self":[{"href":"https:\/\/entrenotasyacordes.com\/index.php?rest_route=\/wp\/v2\/posts\/2460","targetHints":{"allow":["GET"]}}],"collection":[{"href":"https:\/\/entrenotasyacordes.com\/index.php?rest_route=\/wp\/v2\/posts"}],"about":[{"href":"https:\/\/entrenotasyacordes.com\/index.php?rest_route=\/wp\/v2\/types\/post"}],"author":[{"embeddable":true,"href":"https:\/\/entrenotasyacordes.com\/index.php?rest_route=\/wp\/v2\/users\/5"}],"replies":[{"embeddable":true,"href":"https:\/\/entrenotasyacordes.com\/index.php?rest_route=%2Fwp%2Fv2%2Fcomments&post=2460"}],"version-history":[{"count":1,"href":"https:\/\/entrenotasyacordes.com\/index.php?rest_route=\/wp\/v2\/posts\/2460\/revisions"}],"predecessor-version":[{"id":2464,"href":"https:\/\/entrenotasyacordes.com\/index.php?rest_route=\/wp\/v2\/posts\/2460\/revisions\/2464"}],"wp:featuredmedia":[{"embeddable":true,"href":"https:\/\/entrenotasyacordes.com\/index.php?rest_route=\/wp\/v2\/media\/2463"}],"wp:attachment":[{"href":"https:\/\/entrenotasyacordes.com\/index.php?rest_route=%2Fwp%2Fv2%2Fmedia&parent=2460"}],"wp:term":[{"taxonomy":"category","embeddable":true,"href":"https:\/\/entrenotasyacordes.com\/index.php?rest_route=%2Fwp%2Fv2%2Fcategories&post=2460"},{"taxonomy":"post_tag","embeddable":true,"href":"https:\/\/entrenotasyacordes.com\/index.php?rest_route=%2Fwp%2Fv2%2Ftags&post=2460"}],"curies":[{"name":"wp","href":"https:\/\/api.w.org\/{rel}","templated":true}]}}