{"id":2470,"date":"2023-10-23T18:24:07","date_gmt":"2023-10-23T18:24:07","guid":{"rendered":"https:\/\/entrenotasyacordes.com\/?p=2470"},"modified":"2023-10-23T18:24:32","modified_gmt":"2023-10-23T18:24:32","slug":"the-kid-laroi-jung-kook-y-central-cee-too-much","status":"publish","type":"post","link":"https:\/\/entrenotasyacordes.com\/?p=2470","title":{"rendered":"THE KID LAROI,\u00a0JUNG KOOK\u00a0Y\u00a0CENTRAL CEE  \u00abTOO MUCH\u00bb"},"content":{"rendered":"\n<p class=\"has-black-color has-text-color\">Despu\u00e9s de una serie de teasers que rompieron Internet<strong>, The Kid LAROI<\/strong>\u00a0presenta su nuevo single y video musical\u00a0<strong>\u00abTOO MUCH\u00bb\u00a0<\/strong>con\u00a0<strong>Jung Kook\u00a0<\/strong>&amp;\u00a0<strong>Central Cee.<\/strong>\u00a0Esc\u00fachalo\u00a0<strong><a href=\"https:\/\/click.emails.sonymusicfans.com\/?qs=9ad4348ae4f027f6d8852202b28c2b4ccfe7a4dbf70240a3d8595f5888774cbd69392b4a8cd5a6919c7c72db403e27c7f80c9929c3b79ef9\" target=\"_blank\" rel=\"noreferrer noopener\">\u00a0\u00a0AQU\u00cd\u00a0<\/a><\/strong>y m\u00edralo\u00a0<strong><a href=\"https:\/\/click.emails.sonymusicfans.com\/?qs=9ad4348ae4f027f69cb828a98c2fde4fbf2e1c11e9e08ec2d89d27e4b320875dd223d1bb3cc7b224d979b5175b5b003f34da9ce9d3c7ec5d\" target=\"_blank\" rel=\"noreferrer noopener\">AQU\u00cd.<\/a><\/strong><\/p>\n\n\n\n<div style=\"height:39px\" aria-hidden=\"true\" class=\"wp-block-spacer\"><\/div>\n\n\n\n<!--more-->\n\n\n\n<figure class=\"wp-block-embed is-type-video is-provider-youtube wp-block-embed-youtube wp-embed-aspect-16-9 wp-has-aspect-ratio\"><div class=\"wp-block-embed__wrapper\">\n<div class=\"epyt-video-wrapper\"><iframe loading=\"lazy\"  id=\"_ytid_31528\"  width=\"640\" height=\"360\"  data-origwidth=\"640\" data-origheight=\"360\" src=\"https:\/\/www.youtube.com\/embed\/83Lv790h79k?enablejsapi=1&#038;autoplay=0&#038;cc_load_policy=0&#038;cc_lang_pref=&#038;iv_load_policy=1&#038;loop=0&#038;rel=1&#038;fs=1&#038;playsinline=0&#038;autohide=2&#038;theme=dark&#038;color=white&#038;controls=1&#038;\" class=\"__youtube_prefs__  epyt-is-override  no-lazyload\" data-vol=\"50\"  title=\"YouTube player\"  allow=\"fullscreen; accelerometer; autoplay; clipboard-write; encrypted-media; gyroscope; picture-in-picture; web-share\" referrerpolicy=\"strict-origin-when-cross-origin\" allowfullscreen data-no-lazy=\"1\" data-skipgform_ajax_framebjll=\"\"><\/iframe><\/div>\n<\/div><\/figure>\n\n\n\n<div style=\"height:38px\" aria-hidden=\"true\" class=\"wp-block-spacer\"><\/div>\n\n\n\n<p class=\"has-black-color has-text-color\">Uniendo a estas estrellas por primera vez, esta poderosa colaboraci\u00f3n, anuncia la llegada del&nbsp;<strong>\u00e1lbum de larga de&nbsp;<\/strong>The Kid LAROI,&nbsp;<strong><em>THE FIRST TIME,<\/em><\/strong>&nbsp;que se lanzar\u00e1 en noviembre.<\/p>\n\n\n\n<div style=\"height:22px\" aria-hidden=\"true\" class=\"wp-block-spacer\"><\/div>\n\n\n\n<p class=\"has-black-color has-text-color\"><strong>\u00abTOO MUCH\u00bb&nbsp;<\/strong>une tres estilos, pa\u00edses y culturas con&nbsp;<strong>The Kid LAROI<\/strong>,&nbsp;<strong>Jung Kook&nbsp;<\/strong>de Corea del Sur y&nbsp;<strong>Central Cee<\/strong>&nbsp;representando al Reino Unido. El rebote de la pista y las teclas brillantes acent\u00faan la qu\u00edmica de este tr\u00edo. El impulso culmina con un estribillo pegadizo al instante:&nbsp;<em>\u00abSi tuvi\u00e9ramos la oportunidad y el tiempo para gastar, \u00bflo volver\u00edas a hacer? \u00bfLo volver\u00edas a hacer? \u00bfFue demasiado?\u00bb<\/em><\/p>\n\n\n\n<div style=\"height:22px\" aria-hidden=\"true\" class=\"wp-block-spacer\"><\/div>\n\n\n\n<p class=\"has-black-color has-text-color\">Dirigido por Ramez Silyan, el video muestra a los tres en varias portadas de la&nbsp;<em>&nbsp;revista \u00ab<\/em>TOO MUCH\u00bb. Entre vi\u00f1etas de actuaci\u00f3n altamente estilizadas con coreograf\u00edas de \u00e9lite, el clip reflexiona sobre el amor bajo el microscopio de la fama y&nbsp;la obsesi\u00f3n por las celebridades. Afilado por un borde provocativo y una melod\u00eda inquebrantable, presenta&nbsp;<strong>la pr\u00f3xima temporada de The Kid LAROI<\/strong>&nbsp;con una explosi\u00f3n.&nbsp;Antes de la llegada de la canci\u00f3n,<strong>&nbsp;<\/strong><strong><em><a href=\"https:\/\/click.emails.sonymusicfans.com\/?qs=9ad4348ae4f027f6e7524ef87ef6aad6c3d8acefd70b05ea4221b8a5f1e16f0d166d6ee821877eaec26ab5940853992aa358c3c7b727f586\" target=\"_blank\" rel=\"noreferrer noopener\"><em>Billboard<\/em><\/a><\/em><\/strong>&nbsp;se\u00f1al\u00f3 su uni\u00f3n&nbsp; de \u00bb&nbsp;<em>tres de los artistas masculinos m\u00e1s importantes de la nueva clase de estrellas emergentes de la d\u00e9cada de 2020<\/em>\u00ab, y&nbsp;<em><a href=\"https:\/\/click.emails.sonymusicfans.com\/?qs=9ad4348ae4f027f6f103e08c315470ef94ed8e6b73c597c83ec812f9ea0d3210b51201132e5ee58cbd19b35990a87c50a938e7d622dabe0e\" target=\"_blank\" rel=\"noreferrer noopener\"><em>UPROXX<\/em><\/a><\/em>&nbsp;proclam\u00f3:<em>&nbsp;\u00bb&nbsp;<strong>The Kid LAROI<\/strong>&nbsp;se est\u00e1 volviendo global<\/em>.<em>\u00ab<\/em><\/p>\n\n\n\n<div style=\"height:22px\" aria-hidden=\"true\" class=\"wp-block-spacer\"><\/div>\n\n\n\n<p><\/p>\n","protected":false},"excerpt":{"rendered":"<p>Despu\u00e9s de una serie de teasers que rompieron Internet, The Kid LAROI\u00a0presenta su nuevo single<\/p>\n","protected":false},"author":5,"featured_media":2471,"comment_status":"open","ping_status":"open","sticky":false,"template":"","format":"standard","meta":{"om_disable_all_campaigns":false,"_uf_show_specific_survey":0,"_uf_disable_surveys":false,"footnotes":""},"categories":[4],"tags":[],"class_list":["post-2470","post","type-post","status-publish","format-standard","has-post-thumbnail","hentry","category-musica"],"_links":{"self":[{"href":"https:\/\/entrenotasyacordes.com\/index.php?rest_route=\/wp\/v2\/posts\/2470","targetHints":{"allow":["GET"]}}],"collection":[{"href":"https:\/\/entrenotasyacordes.com\/index.php?rest_route=\/wp\/v2\/posts"}],"about":[{"href":"https:\/\/entrenotasyacordes.com\/index.php?rest_route=\/wp\/v2\/types\/post"}],"author":[{"embeddable":true,"href":"https:\/\/entrenotasyacordes.com\/index.php?rest_route=\/wp\/v2\/users\/5"}],"replies":[{"embeddable":true,"href":"https:\/\/entrenotasyacordes.com\/index.php?rest_route=%2Fwp%2Fv2%2Fcomments&post=2470"}],"version-history":[{"count":1,"href":"https:\/\/entrenotasyacordes.com\/index.php?rest_route=\/wp\/v2\/posts\/2470\/revisions"}],"predecessor-version":[{"id":2472,"href":"https:\/\/entrenotasyacordes.com\/index.php?rest_route=\/wp\/v2\/posts\/2470\/revisions\/2472"}],"wp:featuredmedia":[{"embeddable":true,"href":"https:\/\/entrenotasyacordes.com\/index.php?rest_route=\/wp\/v2\/media\/2471"}],"wp:attachment":[{"href":"https:\/\/entrenotasyacordes.com\/index.php?rest_route=%2Fwp%2Fv2%2Fmedia&parent=2470"}],"wp:term":[{"taxonomy":"category","embeddable":true,"href":"https:\/\/entrenotasyacordes.com\/index.php?rest_route=%2Fwp%2Fv2%2Fcategories&post=2470"},{"taxonomy":"post_tag","embeddable":true,"href":"https:\/\/entrenotasyacordes.com\/index.php?rest_route=%2Fwp%2Fv2%2Ftags&post=2470"}],"curies":[{"name":"wp","href":"https:\/\/api.w.org\/{rel}","templated":true}]}}